{"id":289654,"date":"2025-08-01T18:55:11","date_gmt":"2025-08-01T18:55:11","guid":{"rendered":"https:\/\/www.europesays.com\/fr\/289654\/"},"modified":"2025-08-01T18:55:11","modified_gmt":"2025-08-01T18:55:11","slug":"patrick-sebastien-mimant-une-fellation-sur-scene-ses-premiers-m","status":"publish","type":"post","link":"https:\/\/www.europesays.com\/fr\/289654\/","title":{"rendered":"Patrick S\u00e9bastien mimant une fellation sur sc\u00e8ne : ses premiers m &#8230;"},"content":{"rendered":"<p>EN BREF<\/p>\n<ul class=\"bloc_resume_post_list\">\n<li>Patrick S\u00e9bastien fait l\u00a0\u00bbobjet dans scandale<\/li>\n<li>Des images le montre sur sc\u00e8ne et sugg\u00e8rent qu&rsquo;il re\u00e7oit<br \/>\nune fellation<\/li>\n<li>Ses premiers mots sont surprenant<\/li>\n<\/ul>\n<p>C\u2019est un <a class=\"qbe-widget\" href=\"https:\/\/www.telestar.fr\/actu_tv\/patrick-sebastien-la-promo-delodie-gossuin-naurait-pas-pu-tomber-plus-mal-1733361\" target=\"_blank\" rel=\"noopener noreferrer nofollow\">mauvais coup de pub<br \/>\npour Patrick S\u00e9bastien.<\/a> Habitu\u00e9 des scandales, le chanteur<br \/>\nconnu pour ses chansons festives a de nouveau fait l\u2019objet d\u2019un<br \/>\nscandale. Le 22 juillet, alors qu\u2019il donnait un concert dans<br \/>\n<a class=\"qbe-widget\" href=\"https:\/\/www.telestar.fr\/people\/patrick-sebastien-mimant-une-fellation-non-sexualise-la-precision-du-directeur-du-camping-naturiste-1733470\" target=\"_blank\" rel=\"noopener noreferrer nofollow\">un camping naturiste<br \/>\ndu Cap d\u2019Hagde<\/a> dans l\u2019H\u00e9rault, il aurait <a class=\"qbe-widget\" href=\"https:\/\/www.telestar.fr\/people\/patrick-sebastien-mimant-un-acte-sexuel-trahison-le-mot-est-lache-apres-son-concert-debride-1733556\" target=\"_blank\" rel=\"noopener noreferrer nofollow\">re\u00e7u une fellation de<br \/>\nla part d\u2019une femme.\u00a0<\/a><\/p>\n<p>Une sc\u00e8ne qui le met dans la tourmente, d&rsquo;autant plus qu\u2019il doit<br \/>\nbient\u00f4t se produire dans un petit village des<br \/>\nAlpes-de-Haute-Provence. Apr\u00e8s cette affaire et \u00e0 quelques semaines<br \/>\nde son prochain concert, le chanteur sort enfin du silence. Ses<br \/>\npremiers mots ne sont pas vraiment ceux auxquels on<br \/>\ns\u2019attendait.<\/p>\n<p>Patrick S\u00e9bastien sort du silence apr\u00e8s l\u2019histoire du mime de<br \/>\nla fellation.<\/p>\n<p>L\u2019histoire relat\u00e9e par Mediapart a fait le tour des r\u00e9seaux<br \/>\nsociaux. M\u00eame si <a class=\"qbe-widget\" href=\"https:\/\/www.telestar.fr\/people\/patrick-sebastien-au-cap-dagde-des-images-exhumees-et-elles-enfoncent-lanimateur-1733311\" target=\"_blank\" rel=\"noopener noreferrer nofollow\">au vu des<br \/>\nimages<\/a>, il est impossible de savoir ce qu\u2019il s\u2019est<br \/>\nr\u00e9ellement pass\u00e9 ce soir-l\u00e0, cela ne redore pas l\u2019image de<br \/>\nl&rsquo;interpr\u00e8te des Sardines. Face \u00e0 l\u2019ampleur que prend l\u2019affaire et<br \/>\nen pr\u00e9vision de son concert \u00e0 La-Motte-du-Caire pr\u00e9vu le 20 aout,<br \/>\nPatrick S\u00e9bastien a \u00e9t\u00e9 interrog\u00e9 par le journal La Provence. Lui<br \/>\nqui a pourtant l\u2019habitude de parler de tout et sans tabou a cette<br \/>\nfois-ci choisi de ne faire \u201c<strong>aucun<br \/>\ncommentaire<\/strong>\u201d. Pas vraiment ce que l\u2019on esp\u00e9rait. Son<br \/>\navocat, Me Robin Binsard, n\u2019\u00e9tait pas en mesure de r\u00e9pondre \u00e0 nos<br \/>\nconfr\u00e8res de <a class=\"qbe-widget\" href=\"https:\/\/laprovence.com\/article\/region\/3043548609060814\/fellation-sur-scene-polemique-patrick-sebastien-maintiendra-t-il-son-show-dans-les-alpes-de-haute-provence\" target=\"_blank\" rel=\"noopener noreferrer nofollow\">La<br \/>\nProvence<\/a>. Il avait simplement affirm\u00e9 \u00e0 Mediapart :<br \/>\n\u201cSon intervention n\u2019\u00e9tait ni pr\u00e9vue ni<br \/>\nsouhait\u00e9e.\u201d<\/p>\n<p>Mais Patrick S\u00e9bastien n\u2019est pas le seul touch\u00e9 par cette<br \/>\nsuppos\u00e9e fellation. Suite \u00e0 cette sc\u00e8ne, c\u2019est tous les<br \/>\norganisateurs de l&rsquo;\u00e9v\u00e9nement\u00a0du petit village de 550 habitants<br \/>\nqui sont dans la tourmente. \u201c\u2019J\u2019ai appris cela hier (mercredi<br \/>\n30 juillet, Ndlr). Ce n\u2019est pas ce dont nous avions besoin et ce<br \/>\nn\u2019est pas l\u2019image que l\u2019on souhaite donner de cet \u00e9v\u00e9nement festif<br \/>\ntout public. \u00c7a prend une tournure dramatique et \u00e7a fait boule de<br \/>\nneige. Tout le monde relaye l\u2019information\u00a0\u00bb, d\u00e9plore Jean-Louis<br \/>\nRecrosio, pr\u00e9sident du comit\u00e9 des f\u00eates.<\/p>\n<p>Quels risques pour Patrick S\u00e9bastien<br \/>\n?<\/p>\n<p>Le maire du village lui est aussi perturb\u00e9. \u201c<strong>Cette<br \/>\nsc\u00e8ne m\u2019a interpell\u00e9, elle me choque un peu. J\u2019attribue cela \u00e0 une<br \/>\nsimulation<\/strong>\u201d, a-t-il affirm\u00e9. Une histoire qui le<br \/>\nconcerne indirectement, puisque La-Motte-du-Caire octroie des<br \/>\nsubventions au festival.<\/p>\n<p>Pour cette sc\u00e8ne, le chanteur pourrait faire l\u2019objet d\u2019une<br \/>\nplainte, ce qui au 1\u1d49\u02b3 ao\u00fbt n\u2019\u00e9tait pas le cas. Au maximum, et<br \/>\nsuite \u00e0 la pr\u00e9sence de mineurs dans le public, il pourrait<br \/>\nencourir\u00a0jusqu\u2019\u00e0 deux ans d\u2019emprisonnement et 30 000 euros<br \/>\nd\u2019amende.<\/p>\n","protected":false},"excerpt":{"rendered":"EN BREF Patrick S\u00e9bastien fait l\u00a0\u00bbobjet dans scandale Des images le montre sur sc\u00e8ne et sugg\u00e8rent qu&rsquo;il re\u00e7oit&hellip;\n","protected":false},"author":2,"featured_media":289655,"comment_status":"","ping_status":"","sticky":false,"template":"","format":"standard","meta":{"footnotes":""},"categories":[1355],"tags":[548,58,59,1011,27,1361,873,6097],"class_list":{"0":"post-289654","1":"post","2":"type-post","3":"status-publish","4":"format-standard","5":"has-post-thumbnail","7":"category-musique","8":"tag-article-simple","9":"tag-divertissement","10":"tag-entertainment","11":"tag-fr","12":"tag-france","13":"tag-music","14":"tag-musique","15":"tag-patrick-sebastien"},"share_on_mastodon":{"url":"https:\/\/pubeurope.com\/@fr\/114955034629626955","error":""},"_links":{"self":[{"href":"https:\/\/www.europesays.com\/fr\/wp-json\/wp\/v2\/posts\/289654","targetHints":{"allow":["GET"]}}],"collection":[{"href":"https:\/\/www.europesays.com\/fr\/wp-json\/wp\/v2\/posts"}],"about":[{"href":"https:\/\/www.europesays.com\/fr\/wp-json\/wp\/v2\/types\/post"}],"author":[{"embeddable":true,"href":"https:\/\/www.europesays.com\/fr\/wp-json\/wp\/v2\/users\/2"}],"replies":[{"embeddable":true,"href":"https:\/\/www.europesays.com\/fr\/wp-json\/wp\/v2\/comments?post=289654"}],"version-history":[{"count":0,"href":"https:\/\/www.europesays.com\/fr\/wp-json\/wp\/v2\/posts\/289654\/revisions"}],"wp:featuredmedia":[{"embeddable":true,"href":"https:\/\/www.europesays.com\/fr\/wp-json\/wp\/v2\/media\/289655"}],"wp:attachment":[{"href":"https:\/\/www.europesays.com\/fr\/wp-json\/wp\/v2\/media?parent=289654"}],"wp:term":[{"taxonomy":"category","embeddable":true,"href":"https:\/\/www.europesays.com\/fr\/wp-json\/wp\/v2\/categories?post=289654"},{"taxonomy":"post_tag","embeddable":true,"href":"https:\/\/www.europesays.com\/fr\/wp-json\/wp\/v2\/tags?post=289654"}],"curies":[{"name":"wp","href":"https:\/\/api.w.org\/{rel}","templated":true}]}}