{"id":289658,"date":"2025-08-01T18:57:11","date_gmt":"2025-08-01T18:57:11","guid":{"rendered":"https:\/\/www.europesays.com\/fr\/289658\/"},"modified":"2025-08-01T18:57:11","modified_gmt":"2025-08-01T18:57:11","slug":"la-justice-europeenne-retire-letiquetage-cancerogene-du-dioxyde-de-titane-boursorama","status":"publish","type":"post","link":"https:\/\/www.europesays.com\/fr\/289658\/","title":{"rendered":"La justice europ\u00e9enne retire l&#039;\u00e9tiquetage canc\u00e9rog\u00e8ne du dioxyde de titane &#8211; Boursorama"},"content":{"rendered":"<ol>\n<li><a href=\"https:\/\/news.google.com\/rss\/articles\/CBMi-gFBVV95cUxNWGNTeldrV2ItUDEzMk9CWXN4TnhWRzJJM3ZiZ1pSSEhnQnJ5SFRtaXVHbHZxNWRQdXVSRXlYVmU1X3lkcThoUzF4YzZEVGlNeE1OeERPWDBuT0lFcUppakU0Q25RZTdtTjlzQUUyampUbGdtdk54RkhQMDBWc0N6X0RBTm80T3dDZjNqQ18xanFKSlJsY05vQkcya0ZyM1JyQkd1R0pTd21ybTBjbnFyUWZHdnZ2YVhEdktMeXkydjk2dGlYRGw3ZDdaR055dy03LTh3QkFUUXFoeUZjM1Y0a21BbTBRellUUndrT3MwcTFtRWwxSFVJZzJ30gH_AUFVX3lxTFBSUXRRRkgwRHpfbzNlWFIyNGRMMEFrdGUwQ2J0YWtHYS1wLUlrcTMxMmdoT2pkTHVrNDg3M1VRS202MktOcUNnbmtFeEhfblBkekRVc25iOE8tSVZiMlEtZFRWNVQzOFlaMi0zT3d4OWVVQjdRYWcyMmNjVjE1UTZmanVaVFZmU25scjBSRjZHNnBLa21jQjhGZFpfMDA0SjZyeFNuU01WX1UwSjdpVlVZVmd5Uk54SXBPRUQwWi0xT2pHMjFWaFFBblBqZkdxQThjQnY1OUtWVmJIZ1N4d0t1bkt6S1B5UjN5TDVSbGhGV2lYajVsejU3NUgwZ1hQNA?oc=5\" target=\"_blank\" rel=\"nofollow noopener\">La justice europ\u00e9enne retire l&rsquo;\u00e9tiquetage canc\u00e9rog\u00e8ne du dioxyde de titane<\/a>&nbsp;&nbsp;Boursorama<\/li>\n<li><a href=\"https:\/\/news.google.com\/rss\/articles\/CBMi9AFBVV95cUxNYkRWMEpPbl80eGNXT3hDVURWRWpzZVk3Q1pxelVFMVJiMzVOWmNSWVVkRTBRMnUtTGF0dnJSejdERzNoaGhTT0VsQ1NydHlqM1NEbmFzT3BwRDN1NGxkajR6Q0tmSlZkdXdoNFVvVFlEdk45N0ctTWFVaWJuTm8wd2d6SWRqNlRlT1NUWHc1VTgxVVRaUzE2alg0Qmp3NWpwU3lmaXdGbktzLUp3TEM5ak5qekFTeEl1cGRtOGtTbENhZHkzbWR5UGtIZ1dobHlMQ3hIbmJUSC1RWWFvLUJCRTh6dlNHLXBLaFlwUEZZYy1LOUtW?oc=5\" target=\"_blank\" rel=\"nofollow noopener\">Un canc\u00e9rig\u00e8ne potentiel pour l\u2019humain d\u00e9tect\u00e9 dans le lait, r\u00e9v\u00e8le une \u00e9tude fran\u00e7aise<\/a>&nbsp;&nbsp;Ouest-France<\/li>\n<li><a href=\"https:\/\/news.google.com\/rss\/articles\/CBMi9wFBVV95cUxNTDlfUUhaY1hMNEpVYWRyRzM1X2hkM1ZtSFVPWnN1MDZEQzBqN3RNSXF6QlNtc09WVDVUNXJyb3k0N3hUZ1E2Sy1BWFBOaFRUTTJQR0tFd1o3QjdNelpWVXZGTlBDd0ZiRWg3UF9tSWNRZ1JKOExtYkN2b0dNdm54Zi0yTmFyY0JfeVM3MEpOTnFfMklSMUFvZmNRZVNGZnJOZ3ljMEY3dGNJa25qUzdya2hUeEk0R3ZYY0xRLU1LTGtVT1JwZHVSaVNfdVlySFVoVDdST0drbFNhaVlfdEdyeGhQT1lzTUFZdF9LeUQwaHZjdDNDc3hn?oc=5\" target=\"_blank\" rel=\"nofollow noopener\">Dioxyde de titane : la justice europ\u00e9enne annule le classement canc\u00e9rog\u00e8ne, une victoire pour les industriels<\/a>&nbsp;&nbsp;Le Nouvel Obs<\/li>\n<li><a href=\"https:\/\/news.google.com\/rss\/articles\/CBMipAFBVV95cUxOSEdnRlo5Z2htS0dkRHVvcjRXcEs1aGZMX0NzVlczanpaU0Y2OWtuYVUwSjllbTVyTkpnMW9oTThRRHlWdlQ3R1h0UG83MXpCbjQ5dDJqZmtFZllzblNiTHFnMFhqN1p4RzIxV1NrMFhiQnhfSC1XbC0yUnctcnV2R3llMEhYZUdWTHRaQ3VFMHNWS3hUREtCdEdlTGhUSW5rNHBjcQ?oc=5\" target=\"_blank\" rel=\"nofollow noopener\">Cette substance canc\u00e9rig\u00e8ne a \u00e9t\u00e9 interdite en 2020, mais elle continue de se cacher dans une boisson de notre quotidien<\/a>&nbsp;&nbsp;yahoo.com<\/li>\n<li><a href=\"https:\/\/news.google.com\/rss\/articles\/CBMi1wFBVV95cUxOZEJ5a1NtbzlJTlZiOWhOdEdidmtOWDdzVFJQajlYVGVzekJvMFNNelg0Y0tBdlM0c1dfak00dDFJTVZXWkdRcjM4OFlrcExmbk14aHNJR0tYVXplVjVpX0NoMkVYUk1jS04zS1pySmdaUHlwUUZwc2EzWERIcUdoX2Q4c2E1amVPbHgwZ1F5S19OSDNlZjB0VlJ5RFByREg0YmVwSUp3NWFhbVZucjhIanlWTUVzZVNKRW8wQmhTVnk3NG1abHRZc2toZW9faERMU0VNb0FxQQ?oc=5\" target=\"_blank\" rel=\"nofollow noopener\">Conso : La justice europ\u00e9enne retire l\u2019\u00e9tiquette \u00ab canc\u00e9rog\u00e8ne \u00bb au dioxyde de titane\u2026 Une victoire des lobbies ?<\/a>&nbsp;&nbsp;20 Minutes<\/li>\n<\/ol>\n","protected":false},"excerpt":{"rendered":"La justice europ\u00e9enne retire l&rsquo;\u00e9tiquetage canc\u00e9rog\u00e8ne du dioxyde de titane&nbsp;&nbsp;Boursorama Un canc\u00e9rig\u00e8ne potentiel pour l\u2019humain d\u00e9tect\u00e9 dans le&hellip;\n","protected":false},"author":2,"featured_media":1445,"comment_status":"","ping_status":"","sticky":false,"template":"","format":"standard","meta":{"footnotes":""},"categories":[10],"tags":[1011,27,72,71],"class_list":{"0":"post-289658","1":"post","2":"type-post","3":"status-publish","4":"format-standard","5":"has-post-thumbnail","7":"category-sante","8":"tag-fr","9":"tag-france","10":"tag-health","11":"tag-sante"},"share_on_mastodon":{"url":"https:\/\/pubeurope.com\/@fr\/114955042466796062","error":""},"_links":{"self":[{"href":"https:\/\/www.europesays.com\/fr\/wp-json\/wp\/v2\/posts\/289658","targetHints":{"allow":["GET"]}}],"collection":[{"href":"https:\/\/www.europesays.com\/fr\/wp-json\/wp\/v2\/posts"}],"about":[{"href":"https:\/\/www.europesays.com\/fr\/wp-json\/wp\/v2\/types\/post"}],"author":[{"embeddable":true,"href":"https:\/\/www.europesays.com\/fr\/wp-json\/wp\/v2\/users\/2"}],"replies":[{"embeddable":true,"href":"https:\/\/www.europesays.com\/fr\/wp-json\/wp\/v2\/comments?post=289658"}],"version-history":[{"count":0,"href":"https:\/\/www.europesays.com\/fr\/wp-json\/wp\/v2\/posts\/289658\/revisions"}],"wp:featuredmedia":[{"embeddable":true,"href":"https:\/\/www.europesays.com\/fr\/wp-json\/wp\/v2\/media\/1445"}],"wp:attachment":[{"href":"https:\/\/www.europesays.com\/fr\/wp-json\/wp\/v2\/media?parent=289658"}],"wp:term":[{"taxonomy":"category","embeddable":true,"href":"https:\/\/www.europesays.com\/fr\/wp-json\/wp\/v2\/categories?post=289658"},{"taxonomy":"post_tag","embeddable":true,"href":"https:\/\/www.europesays.com\/fr\/wp-json\/wp\/v2\/tags?post=289658"}],"curies":[{"name":"wp","href":"https:\/\/api.w.org\/{rel}","templated":true}]}}