{"id":289661,"date":"2025-08-01T18:59:14","date_gmt":"2025-08-01T18:59:14","guid":{"rendered":"https:\/\/www.europesays.com\/fr\/289661\/"},"modified":"2025-08-01T18:59:14","modified_gmt":"2025-08-01T18:59:14","slug":"un-spectacle-de-patrick-sebastien-annule-apres-le-scandale-au-cap-dagde","status":"publish","type":"post","link":"https:\/\/www.europesays.com\/fr\/289661\/","title":{"rendered":"un spectacle de Patrick S\u00e9bastien annul\u00e9 apr\u00e8s le scandale au Cap d&rsquo;Agde"},"content":{"rendered":"<p class=\"article-p mdl\">Un spectacle de Patrick S\u00e9bastien qui devait avoir lieu vendredi 8 ao\u00fbt \u00e0 Roquebrune-Cap-Martin, dans les Alpes-Maritimes, a \u00e9t\u00e9 annul\u00e9, indique\u00a0<a class=\"link\" href=\"https:\/\/www.monacomatin.mc\/culture\/patrick-sebastien-deprogramme-d-un-festival-996516\" target=\"_blank\" rel=\"noopener\">Monaco matin<\/a>\u00a0ce vendredi 1er ao\u00fbt. Patrick S\u00e9bastien devait se produire sur la sc\u00e8ne du festival de th\u00e9\u00e2tre Humour et Danse pour f\u00eater<\/p>\n<p>ses 50 ans de carri\u00e8re et\u00a0les 50 ans du festival.<\/p>\n<p class=\"article-p mdl\">Cette d\u00e9cision arrive apr\u00e8s le scandale survenu le 22 juillet lors d&rsquo;un concert dans un camping naturiste du Cap d&rsquo;Agde. Lors de ce spectacle, selon les informations de Mediapart, <strong>une femme aurait pratiqu\u00e9 une fellation<\/strong> sur\u00a0<a class=\"link\" href=\"https:\/\/www.rtl.fr\/actu\/justice-faits-divers\/patrick-sebastien-a-son-tour-victime-d-un-cambriolage-a-son-domicile-de-boulogne-billancourt-7900338602\" target=\"_blank\" rel=\"noopener\">Patrick S\u00e9bastien<\/a>\u00a0devant 2.000 spectateurs, dont des mineurs.\u00a0<\/p>\n<p class=\"article-p mdl\">Sur une vid\u00e9o post\u00e9e sur les r\u00e9seaux sociaux, on voit <strong>une femme agenouill\u00e9e devant l&rsquo;humoriste <\/strong>qui r\u00e9alise des mouvements avec ses mains au niveau du sexe et des fesses du chanteur durant une dizaine de secondes.\u00a0<\/p>\n<p class=\"article-p mdl\"><strong>Patrick S\u00e9bastien<\/strong> a d\u00e9menti la fellation et<strong> a assur\u00e9 qu&rsquo;il s&rsquo;agissait d&rsquo;un \u00ab\u00a0acte mim\u00e9\u00a0\u00bb<\/strong>. Son avocat a ajout\u00e9 que le chanteur ignorait la pr\u00e9sence de mineurs \u00e0 ce concert. Il a \u00e9galement renvoy\u00e9 la responsabilit\u00e9 sur \u00ab\u00a0cette femme qui faisait partie du public\u00a0\u00bb.\u00a0<\/p>\n<p class=\"article-p mdl\">L&rsquo;humoriste aurait d\u00fb pr\u00e9senter son spectacle Hommages et desserts\u00a0en cl\u00f4ture du festival de th\u00e9\u00e2tre de Roquebrune-Cap-Martin vendredi 8 ao\u00fbt. <strong>L&rsquo;annonce de l\u2019\u00e9v\u00e9nement a \u00e9t\u00e9 supprim\u00e9e sur le site de la ville<\/strong> apr\u00e8s les r\u00e9v\u00e9lations de Mediapart. Contact\u00e9e par Monaco matin,\u00a0Chantal Martino, pr\u00e9sidente de l\u2019association Ch\u00e2telains et Saltimbanques qui organise le festival, dit<strong> avoir d\u00e9command\u00e9\u00a0<\/strong><a class=\"link\" href=\"https:\/\/www.rtl.fr\/culture\/medias-people\/patrick-sebastien-la-tele-c-est-fini-je-n-ai-pas-du-tout-envie-d-y-retourner-7900284905\" target=\"_blank\" rel=\"noopener\">Patrick S\u00e9bastien<\/a><strong>, \u00ab\u00a0pour des raisons techniques et logistiques\u00a0\u00bb<\/strong>.\u00a0<\/p>\n<p>    La r\u00e9daction vous recommande<\/p>\n<p class=\"s-newsletter__title\">\n                L\u2019actualit\u00e9 par la r\u00e9daction de RTL dans votre bo\u00eete mail.\n            <\/p>\n<p class=\"s-newsletter__subtitle\">\n                Gr\u00e2ce \u00e0 votre compte RTL abonnez-vous \u00e0 la newsletter RTL info pour suivre toute l&rsquo;actualit\u00e9 au quotidien\n            <\/p>\n<p>\n                                    Lire la suite\n                                <\/p>\n","protected":false},"excerpt":{"rendered":"Un spectacle de Patrick S\u00e9bastien qui devait avoir lieu vendredi 8 ao\u00fbt \u00e0 Roquebrune-Cap-Martin, dans les Alpes-Maritimes, a&hellip;\n","protected":false},"author":2,"featured_media":289662,"comment_status":"","ping_status":"","sticky":false,"template":"","format":"standard","meta":{"footnotes":""},"categories":[8],"tags":[1697,58,59,107,1011,27,6097,3140],"class_list":{"0":"post-289661","1":"post","2":"type-post","3":"status-publish","4":"format-standard","5":"has-post-thumbnail","7":"category-divertissement","8":"tag-concert","9":"tag-divertissement","10":"tag-entertainment","11":"tag-fil-info","12":"tag-fr","13":"tag-france","14":"tag-patrick-sebastien","15":"tag-spectacle"},"share_on_mastodon":{"url":"https:\/\/pubeurope.com\/@fr\/114955050457466625","error":""},"_links":{"self":[{"href":"https:\/\/www.europesays.com\/fr\/wp-json\/wp\/v2\/posts\/289661","targetHints":{"allow":["GET"]}}],"collection":[{"href":"https:\/\/www.europesays.com\/fr\/wp-json\/wp\/v2\/posts"}],"about":[{"href":"https:\/\/www.europesays.com\/fr\/wp-json\/wp\/v2\/types\/post"}],"author":[{"embeddable":true,"href":"https:\/\/www.europesays.com\/fr\/wp-json\/wp\/v2\/users\/2"}],"replies":[{"embeddable":true,"href":"https:\/\/www.europesays.com\/fr\/wp-json\/wp\/v2\/comments?post=289661"}],"version-history":[{"count":0,"href":"https:\/\/www.europesays.com\/fr\/wp-json\/wp\/v2\/posts\/289661\/revisions"}],"wp:featuredmedia":[{"embeddable":true,"href":"https:\/\/www.europesays.com\/fr\/wp-json\/wp\/v2\/media\/289662"}],"wp:attachment":[{"href":"https:\/\/www.europesays.com\/fr\/wp-json\/wp\/v2\/media?parent=289661"}],"wp:term":[{"taxonomy":"category","embeddable":true,"href":"https:\/\/www.europesays.com\/fr\/wp-json\/wp\/v2\/categories?post=289661"},{"taxonomy":"post_tag","embeddable":true,"href":"https:\/\/www.europesays.com\/fr\/wp-json\/wp\/v2\/tags?post=289661"}],"curies":[{"name":"wp","href":"https:\/\/api.w.org\/{rel}","templated":true}]}}