{"id":289663,"date":"2025-08-01T19:00:19","date_gmt":"2025-08-01T19:00:19","guid":{"rendered":"https:\/\/www.europesays.com\/fr\/289663\/"},"modified":"2025-08-01T19:00:19","modified_gmt":"2025-08-01T19:00:19","slug":"des-scientifiques-decouvrent-un-ancien-emballement-climatique-et-cet-ete-y-fait-etrangement-penser","status":"publish","type":"post","link":"https:\/\/www.europesays.com\/fr\/289663\/","title":{"rendered":"Des scientifiques d\u00e9couvrent un ancien emballement climatique\u2026 et cet \u00e9t\u00e9 y fait \u00e9trangement penser"},"content":{"rendered":"<p><img fetchpriority=\"high\" decoding=\"async\" width=\"1024\" height=\"578\" src=\"https:\/\/www.europesays.com\/fr\/wp-content\/uploads\/2025\/08\/rechauffement-climatique-alerte-1024x578.webp.webp\" alt=\"La plan\u00e8te Terre en feu au centre d\u2019un paysage apocalyptique, symbolisant le r\u00e9chauffement climatique\" class=\"wp-image-985035\"  \/>Illustration de la Terre en feu, m\u00e9taphore visuelle d\u2019un avenir climatique menac\u00e9 par l\u2019inaction humaine \u2013 DailyGeekShow.com<\/p>\n<p><strong>Imaginez un monde o\u00f9 90\u202f% de la vie dispara\u00eet. Il y a environ 252 millions d\u2019ann\u00e9es, cette catastrophe s\u2019est r\u00e9ellement produite. Cette extinction massive, appel\u00e9e \u00ab\u202fPermien\u2013Trias\u202f\u00bb, a \u00e9t\u00e9 caus\u00e9e par un r\u00e9chauffement brutal probablement d\u00e9clench\u00e9 par une intense activit\u00e9 volcanique. <\/strong><\/p>\n<p>Aujourd\u2019hui, des chercheurs r\u00e9v\u00e8lent que les <strong>for\u00eats tropicales ont jou\u00e9 un r\u00f4le d\u00e9cisif<\/strong>. Et surtout, ils pr\u00e9viennent : <strong>un tel sc\u00e9nario pourrait se r\u00e9p\u00e9ter<\/strong>, si l\u2019on ne prot\u00e8ge pas mieux ces \u00e9cosyst\u00e8mes vitaux.<\/p>\n<p>Lire aussi <a href=\"https:\/\/dailygeekshow.com\/sous-les-glaces-de-lantarctique-un-monde-vieux-de-30-millions-dannees-refait-surface\/\" rel=\"nofollow noopener\" target=\"_blank\">Sous les glaces de l\u2019Antarctique, un monde vieux de 30 millions d\u2019ann\u00e9es refait surface<\/a><\/p>\n<p>L\u2019effondrement des for\u00eats tropicales a amplifi\u00e9 le r\u00e9chauffement et bloqu\u00e9 la r\u00e9gulation du climat<\/p>\n<p>Pour comprendre comment le climat a pu s\u2019emballer aussi violemment, les scientifiques ont analys\u00e9 des <strong>fossiles v\u00e9g\u00e9taux tropicaux<\/strong>. Gr\u00e2ce \u00e0 ces archives naturelles, ils ont pu retracer l\u2019\u00e9volution de la <strong>productivit\u00e9 des for\u00eats<\/strong> pendant cette p\u00e9riode critique.<\/p>\n<p>Leurs conclusions sont frappantes : \u00e0 cette \u00e9poque, les <strong>for\u00eats tropicales ont litt\u00e9ralement disparu<\/strong>. Or, ces for\u00eats sont des <strong>puits de carbone naturels<\/strong>. Elles absorbent le <strong>CO\u2082<\/strong> et le stockent dans leur biomasse. Mais lorsque la v\u00e9g\u00e9tation s\u2019effondre, ce <strong>filtre climatique dispara\u00eet<\/strong>. Le dioxyde de carbone reste alors dans l\u2019atmosph\u00e8re\u2026 et <strong>le r\u00e9chauffement s\u2019emballe<\/strong>.<\/p>\n<p>En cons\u00e9quence, le climat s\u2019est fig\u00e9 dans un <strong>\u00e9tat de surchauffe<\/strong>. Et cela a dur\u00e9 non pas quelques si\u00e8cles, mais <strong>plusieurs millions d\u2019ann\u00e9es<\/strong>. Tout cela \u00e0 cause d\u2019un effondrement \u00e9cologique initial mal compens\u00e9.<\/p>\n<p>Lire aussi <a href=\"https:\/\/dailygeekshow.com\/arbre-figuier-co2\/\" rel=\"nofollow noopener\" target=\"_blank\">Des alli\u00e9s pr\u00e9cieux : ces arbres africains transforment le CO2 en pierre<\/a><\/p>\n<p>Le point de non-retour climatique peut \u00eatre franchi, m\u00eame si les \u00e9missions humaines cessent<\/p>\n<p>\u00c0 travers cette reconstitution du pass\u00e9, les chercheurs mettent en lumi\u00e8re un ph\u00e9nom\u00e8ne que l\u2019on redoute aujourd\u2019hui : les <strong>points de basculement<\/strong> climatiques. Autrement dit, il existe des seuils au-del\u00e0 desquels le climat <strong>devient incontr\u00f4lable<\/strong>.<\/p>\n<p>Dans le cas du Permien\u2013Trias, la disparition des for\u00eats tropicales a constitu\u00e9 ce <strong>point de non-retour<\/strong>. Une fois pass\u00e9, <strong>m\u00eame l\u2019arr\u00eat complet des \u00e9missions n\u2019aurait pas suffi<\/strong> \u00e0 r\u00e9tablir l\u2019\u00e9quilibre climatique. Le syst\u00e8me terrestre \u00e9tait d\u00e9j\u00e0 trop profond\u00e9ment perturb\u00e9.<\/p>\n<p>Les scientifiques redoutent que nos <strong>for\u00eats tropicales actuelles<\/strong>, affaiblies par la d\u00e9forestation, le stress hydrique et les incendies, puissent subir le <strong>m\u00eame sort<\/strong>. Et si cela arrivait, le <strong>r\u00e9chauffement pourrait continuer<\/strong>, m\u00eame si l\u2019on atteignait la neutralit\u00e9 carbone. Cela nous placerait sur une trajectoire de <strong>d\u00e9r\u00e8glement autonome<\/strong>, \u00e9chappant \u00e0 toute correction rapide.<\/p>\n<p>Lire aussi <a href=\"https:\/\/dailygeekshow.com\/terre-boule-neige-volcan\/\" rel=\"nofollow noopener\" target=\"_blank\">Le responsable de la \u00ab Terre boule de neige \u00bb, il y a 720 millions d\u2019ann\u00e9es, enfin identifi\u00e9 ?<\/a><\/p>\n<p>Pourquoi les conditions climatiques actuelles rappellent dangereusement celles du Permien-Trias<\/p>\n<p>Ce constat est d\u2019autant plus alarmant que <strong>les conditions de notre \u00e9t\u00e9 actuel rappellent certains signes avant-coureurs<\/strong> du Permien\u2013Trias. Les <strong>vagues de chaleur extr\u00eame<\/strong>, les <strong>feux de for\u00eat massifs<\/strong> et la <strong>chute de biodiversit\u00e9<\/strong> forment un cocktail pr\u00e9occupant.<\/p>\n<p>Si nos for\u00eats venaient \u00e0 s\u2019effondrer sous le poids combin\u00e9 du r\u00e9chauffement et de l\u2019activit\u00e9 humaine, alors, <strong>le CO\u2082 ne serait plus absorb\u00e9<\/strong>. Le climat continuerait alors \u00e0 se r\u00e9chauffer de lui-m\u00eame. Et ce, <strong>m\u00eame si l\u2019on arr\u00eate toute \u00e9mission<\/strong>.<\/p>\n<p>Autrement dit, <strong>ce n\u2019est pas seulement notre capacit\u00e9 \u00e0 r\u00e9duire les gaz \u00e0 effet de serre qui compte<\/strong>. Il faut aussi pr\u00e9server les <strong>m\u00e9canismes naturels de r\u00e9gulation<\/strong>, comme les for\u00eats, les sols vivants et les zones humides. Car sans eux, le climat peut tr\u00e8s bien <strong>s\u2019emballer sans retour possible<\/strong>.<\/p>\n<p>Lire aussi <a href=\"https:\/\/dailygeekshow.com\/seuil-climatique-critique\/\" rel=\"nofollow noopener\" target=\"_blank\">Nous sommes \u00e0 moins de trois ans d\u2019un seuil climatique critique, selon les climatologues<\/a><\/p>\n<p>Un avertissement venu du pass\u00e9 : prot\u00e9ger les for\u00eats, c\u2019est \u00e9viter un futur hors de contr\u00f4le<\/p>\n<p>Finalement, cette d\u00e9couverte n\u2019est pas seulement une avanc\u00e9e scientifique. C\u2019est aussi un <strong>message clair \u00e0 destination de nos soci\u00e9t\u00e9s modernes<\/strong>. Elle nous rappelle que les <strong>for\u00eats tropicales<\/strong> sont bien plus que des refuges pour la biodiversit\u00e9. Ce sont aussi des <strong>r\u00e9gulateurs essentiels du climat mondial<\/strong>.<\/p>\n<p>Si elles tombent, ce ne sont pas seulement des arbres que nous perdons. <strong>C\u2019est une partie de notre stabilit\u00e9 climatique<\/strong>. Une stabilit\u00e9 d\u00e9j\u00e0 mise \u00e0 mal, et qu\u2019il devient urgent de renforcer.<\/p>\n<p>Comprendre ce qu\u2019il s\u2019est pass\u00e9 il y a 252 millions d\u2019ann\u00e9es, c\u2019est aussi <strong>nous donner les moyens de ne pas r\u00e9p\u00e9ter l\u2019histoire<\/strong>. Et comme le disent les chercheurs, <strong>l\u2019avenir est encore entre nos mains\u2026 mais pour combien de temps ?<\/strong><\/p>\n<p>Lire aussi <a href=\"https:\/\/dailygeekshow.com\/une-catastrophe-ecologique-passee-sous-silence-ce-fleau-invisible-tue-320-millions-darbres-chaque-annee-sans-bruit\/\" rel=\"nofollow noopener\" target=\"_blank\">\u00ab\u00a0Une catastrophe \u00e9cologique pass\u00e9e sous silence\u00a0\u00bb : ce fl\u00e9au invisible tue 320 millions d\u2019arbres chaque ann\u00e9e sans bruit<\/a><\/p>\n","protected":false},"excerpt":{"rendered":"Illustration de la Terre en feu, m\u00e9taphore visuelle d\u2019un avenir climatique menac\u00e9 par l\u2019inaction humaine \u2013 DailyGeekShow.com Imaginez&hellip;\n","protected":false},"author":2,"featured_media":289664,"comment_status":"","ping_status":"","sticky":false,"template":"","format":"standard","meta":{"footnotes":""},"categories":[7],"tags":[1011,27,43,40,41,39,42,44],"class_list":{"0":"post-289663","1":"post","2":"type-post","3":"status-publish","4":"format-standard","5":"has-post-thumbnail","7":"category-sciences-et-technologies","8":"tag-fr","9":"tag-france","10":"tag-science","11":"tag-science-and-technology","12":"tag-sciences","13":"tag-sciences-et-technologies","14":"tag-technologies","15":"tag-technology"},"share_on_mastodon":{"url":"https:\/\/pubeurope.com\/@fr\/114955054595364526","error":""},"_links":{"self":[{"href":"https:\/\/www.europesays.com\/fr\/wp-json\/wp\/v2\/posts\/289663","targetHints":{"allow":["GET"]}}],"collection":[{"href":"https:\/\/www.europesays.com\/fr\/wp-json\/wp\/v2\/posts"}],"about":[{"href":"https:\/\/www.europesays.com\/fr\/wp-json\/wp\/v2\/types\/post"}],"author":[{"embeddable":true,"href":"https:\/\/www.europesays.com\/fr\/wp-json\/wp\/v2\/users\/2"}],"replies":[{"embeddable":true,"href":"https:\/\/www.europesays.com\/fr\/wp-json\/wp\/v2\/comments?post=289663"}],"version-history":[{"count":0,"href":"https:\/\/www.europesays.com\/fr\/wp-json\/wp\/v2\/posts\/289663\/revisions"}],"wp:featuredmedia":[{"embeddable":true,"href":"https:\/\/www.europesays.com\/fr\/wp-json\/wp\/v2\/media\/289664"}],"wp:attachment":[{"href":"https:\/\/www.europesays.com\/fr\/wp-json\/wp\/v2\/media?parent=289663"}],"wp:term":[{"taxonomy":"category","embeddable":true,"href":"https:\/\/www.europesays.com\/fr\/wp-json\/wp\/v2\/categories?post=289663"},{"taxonomy":"post_tag","embeddable":true,"href":"https:\/\/www.europesays.com\/fr\/wp-json\/wp\/v2\/tags?post=289663"}],"curies":[{"name":"wp","href":"https:\/\/api.w.org\/{rel}","templated":true}]}}