{"id":289665,"date":"2025-08-01T19:01:15","date_gmt":"2025-08-01T19:01:15","guid":{"rendered":"https:\/\/www.europesays.com\/fr\/289665\/"},"modified":"2025-08-01T19:01:15","modified_gmt":"2025-08-01T19:01:15","slug":"les-bourses-europeennes-dans-le-rouge-plombees-par-les-droits-de-douane-et-le-chomage-aux-etats-unis-boursorama","status":"publish","type":"post","link":"https:\/\/www.europesays.com\/fr\/289665\/","title":{"rendered":"Les Bourses europ\u00e9ennes dans le rouge, plomb\u00e9es par les droits de douane et le ch\u00f4mage aux Etats-Unis &#8211; Boursorama"},"content":{"rendered":"<ol>\n<li><a href=\"https:\/\/news.google.com\/rss\/articles\/CBMiigJBVV95cUxPVVdTNWVoa1d3LVV2c3NBMlY0a3Fkd19RMjVGamc2d2tCQnV2UmhIV3BGMDQ4eHNwVGwwV3dEWVBnc1VrcE1fQmVvQk5fRy1oanNSby1vc1NXMU1zQ2pJOGZsQ0xHVVBGejk3WmhJX2RieGRRdHpKa0dIZzVlLTB5RVpYNGFkT2Y0NURYZ2N4amRGanJibGVlMjN6WmNhY3BFZVQwYVlGSXBrak1zeFYxMVE1OUhyUWxIZGcwbnJSOG15d0VIVllmUkxPVjlMakVKcVdLMlAySnRmTFBwT1NHcmRmR19ET3dUMDB1dXFNRFUxdDJzZE9VQm5XeGh5T1hhUWlQcFFjcThCQdIBjwJBVV95cUxQM1dFVXU3X3RsN25KajRWT281OGp5N1hEZDRpWjAxZG1oNEVqaHB2dHBjZzc5U1RrakNpVkJCVFNucUs2UmhnVTQ3MUhEcUlrek1ad0ZnckdxX0ZMVFFDcXpqdlYwa0JLZk9hNFJKazZ5QVlPaTE0WVJlOUVXQzVDaXpsU2RPR0YySVUxUjhBYnhQQ01GQUEweTdBQ2JHTDhuTzMzZk9SZzJDLWJKU3FiOTJfX3lGcGVYSUZJdUFQdUUxSkxNOVpzRWUxdDYwWVVEcGVPSkFjQWFMUjVqaG9NVUp4QTZmdW16eFhKZkFCV3BNR2lDYkRBS3VTOGNGUWlqQnJ3V2dzVEU3b1ViVkJ3?oc=5\" target=\"_blank\" rel=\"nofollow noopener\">Les Bourses europ\u00e9ennes dans le rouge, plomb\u00e9es par les droits de douane et le ch\u00f4mage aux Etats-Unis<\/a>&nbsp;&nbsp;Boursorama<\/li>\n<li><a href=\"https:\/\/news.google.com\/rss\/articles\/CBMi9wFBVV95cUxPWDZheEcyRmE2enRjNGN3RTZSWExkbFptM0JCb2g1Wjh5cW9uM2FjendsdFhkdEtKLUFSSWRhM0lzenVfOFZ1ekJnQ1F6aTN5YTdhYnBvekdtdjRwMVVObTZhRWhLVm5yQzM2eTBqVW1fUTJTVlRYSGFmVlVDeDBQR2U2WEFBanlpbkJNZlNublUyaHVRQzUzMjdjUEpzcUE5V09GSWR4dEtBNWY0YTdNQ3E2cmdOMmxrakJqckpod3hnR05pLUNRYTVCVGhGOExoaVNrbnJrOGhSczVQS2RCUGpwVUMyU0xIY1FfMmJIclYwWDdZYjVn0gH8AUFVX3lxTFB5RzE3U3pRS2RuNzQwWmpXcEZSc3R1Vm1acEZLYjdfRTdFNHE1LWh1NWNLZnRIOVpwX0ttanlSeWNsQnB5RlM3UVlLbWJPTGpaeUhHQ1JHbnBkVzNGZmlCTl9OSVNQSWVJOExydVJXN2NJTFk3bzVFb2lxT1dMeUhsdEZtRnp2X2lmUmZPWGdablN1aXkxTzhydVV3QUFsZzJQM1VyejRCTE56NDhpeGt3S05rSXZFWGlnVWlpVGF5X3hWa0VxSUNBc042T294QVJhd1k1REFnR0ItenNhM291a1BmWmJLTVBOQ1ZSS1E2MXBFVm9YZG9CRUJUeQ?oc=5\" target=\"_blank\" rel=\"nofollow noopener\">Le CAC 40 et les march\u00e9s europ\u00e9ens assomm\u00e9s par les nouveaux tarifs douaniers de Trump<\/a>&nbsp;&nbsp;Boursorama<\/li>\n<li><a href=\"https:\/\/news.google.com\/rss\/articles\/CBMirgFBVV95cUxPenowV2JuYTBqNEJfRzB1U0V4TjhDTEpONEx5X3ZvSkJTRnVmOEtSTVFqZ3dkQWFETUtyTVZaQWNBM01rZ2ljTUszeUFOOHhOdDJpaHdScHJ2N295NjJkQklhNWh6V2dBSjJrWFo3cnFxcjhweUI0aWJhZ2luVDJ4dVllZEFpOHpjbnBvZlhYQklIZVQ3ZGVCanZjLWZwaXoyOG4yc1BpNll2RWVVQ2c?oc=5\" target=\"_blank\" rel=\"nofollow noopener\">Droits de douane, emploi am\u00e9ricain : les Bourses europ\u00e9ennes terminent la semaine en nette baisse<\/a>&nbsp;&nbsp;Le Figaro<\/li>\n<li><a href=\"https:\/\/news.google.com\/rss\/articles\/CBMinwFBVV95cUxPQkxmcmJpb1B3a0kzd1JZeDFHWm9xZGlqRGdITlBtVzhGSk5lM0gzVUdWZVREblZtOVMweXRsT3RjWkY1VWtBSHBhTElSLWtDTWJ4Um00SWpYamxzcWJSd3NCUWFUS0NPREpWMURpX0p6T1gxdXpVdk1jYjhsLU04cmR0T2VpNllGZTEyVFB3dXJ6N0RnM0FFX2UwdFVrZ2PSAaQBQVVfeXFMTjE3TExsUDFoQmJ2T29HSnlHOVdnNy1lcWI3TDdXSEo3Zk80WUNNNElLSDhTVjVHa1RHcG11dDE1VHVTM181VFVNMWd1STRyQkcwS2pzSktfVmw5aFFHaDUzbHM5YUk3aGdwWndYVTQ0Vm9JVVRQZWFab0M3UEJ5T2dOX2s5WFBjWWFQTjE4b0ZHVGNKU1JxNnUxclpyOFRnVTFiNFI?oc=5\" target=\"_blank\" rel=\"nofollow noopener\">Cl\u00f4ture Paris : rien ne va plus, le CAC 40 chute de 2,9% !&#8230;<\/a>&nbsp;&nbsp;Fortuneo<\/li>\n<li><a href=\"https:\/\/news.google.com\/rss\/articles\/CBMi2AFBVV95cUxNTnliUHFaaFlEMFhDRHlfMUl1Y19mS3UzSUxtMThiSE84T3V0cUV3Q1RFLVBfeUxLRFlxVnNSZWkwMHpfMTlLVFBlX3lZemhQSGpsRHhuVG1lMmZ3allzS1lpTlBHOGpLRkNwYTlydjRFMFExc29FZnZ0OGdYY1BXS3hST042enAxMDc3d1RONTBPR2hfamZ1eXN2VnA3UEU3QldieTlBcEdPc29GNmFHcFBMQllwNkpWYU1iYS1aUEk1RmZJR3NneV92Y3V0c0pzVkozQUlrWkQ?oc=5\" target=\"_blank\" rel=\"nofollow noopener\">Les droits de douane de Trump f\u00e2chent les march\u00e9s, des pays esp\u00e8rent encore des ristournes<\/a>&nbsp;&nbsp;Actualit\u00e9s \u2013 Orange<\/li>\n<\/ol>\n","protected":false},"excerpt":{"rendered":"Les Bourses europ\u00e9ennes dans le rouge, plomb\u00e9es par les droits de douane et le ch\u00f4mage aux Etats-Unis&nbsp;&nbsp;Boursorama Le&hellip;\n","protected":false},"author":2,"featured_media":289666,"comment_status":"","ping_status":"","sticky":false,"template":"","format":"standard","meta":{"footnotes":""},"categories":[6],"tags":[400,398,408,35,405,33,34,1011,27,403,402,399,404,401,406,407],"class_list":{"0":"post-289665","1":"post","2":"type-post","3":"status-publish","4":"format-standard","5":"has-post-thumbnail","7":"category-economie","8":"tag-action-cac-40","9":"tag-bourse-de-paris","10":"tag-boursorama","11":"tag-business","12":"tag-cotations","13":"tag-economie","14":"tag-economy","15":"tag-fr","16":"tag-france","17":"tag-indices-devises","18":"tag-investir","19":"tag-investissement","20":"tag-marche-boursier","21":"tag-sicav","22":"tag-trackers","23":"tag-warrants"},"share_on_mastodon":{"url":"https:\/\/pubeurope.com\/@fr\/114955058189809302","error":""},"_links":{"self":[{"href":"https:\/\/www.europesays.com\/fr\/wp-json\/wp\/v2\/posts\/289665","targetHints":{"allow":["GET"]}}],"collection":[{"href":"https:\/\/www.europesays.com\/fr\/wp-json\/wp\/v2\/posts"}],"about":[{"href":"https:\/\/www.europesays.com\/fr\/wp-json\/wp\/v2\/types\/post"}],"author":[{"embeddable":true,"href":"https:\/\/www.europesays.com\/fr\/wp-json\/wp\/v2\/users\/2"}],"replies":[{"embeddable":true,"href":"https:\/\/www.europesays.com\/fr\/wp-json\/wp\/v2\/comments?post=289665"}],"version-history":[{"count":0,"href":"https:\/\/www.europesays.com\/fr\/wp-json\/wp\/v2\/posts\/289665\/revisions"}],"wp:featuredmedia":[{"embeddable":true,"href":"https:\/\/www.europesays.com\/fr\/wp-json\/wp\/v2\/media\/289666"}],"wp:attachment":[{"href":"https:\/\/www.europesays.com\/fr\/wp-json\/wp\/v2\/media?parent=289665"}],"wp:term":[{"taxonomy":"category","embeddable":true,"href":"https:\/\/www.europesays.com\/fr\/wp-json\/wp\/v2\/categories?post=289665"},{"taxonomy":"post_tag","embeddable":true,"href":"https:\/\/www.europesays.com\/fr\/wp-json\/wp\/v2\/tags?post=289665"}],"curies":[{"name":"wp","href":"https:\/\/api.w.org\/{rel}","templated":true}]}}