{"id":289667,"date":"2025-08-01T19:02:23","date_gmt":"2025-08-01T19:02:23","guid":{"rendered":"https:\/\/www.europesays.com\/fr\/289667\/"},"modified":"2025-08-01T19:02:23","modified_gmt":"2025-08-01T19:02:23","slug":"cette-mega-foudre-a-attendu-8-ans-avant-que-les-scientifiques-ne-se-rendent-compte-quelle-avait-battu-le-record-du-monde-de-longueur-pour-un-eclair-avec-828-km","status":"publish","type":"post","link":"https:\/\/www.europesays.com\/fr\/289667\/","title":{"rendered":"Cette m\u00e9ga-foudre a attendu 8 ans avant que les scientifiques ne se rendent compte qu\u2019elle avait battu le record du monde de longueur pour un \u00e9clair avec 828 km"},"content":{"rendered":"<p><strong>Un \u00e9clair long comme un vol Paris\u2013Venise : le ciel bat un record mondial d\u2019\u00e9lectricit\u00e9.<\/strong><\/p>\n<p>Le 22 octobre 2017, un orage a donn\u00e9 naissance \u00e0 un \u00e9clair qui a litt\u00e9ralement z\u00e9br\u00e9 le ciel des \u00c9tats-Unis sur 828 kilom\u00e8tres (peu moins qu\u2019un trajet Lille\/Marseille)\u2026 en une fraction de seconde. Il aura fallu plusieurs ann\u00e9es et les yeux attentifs des satellites pour rep\u00e9rer ce colosse \u00e9lectrique \u201crecord\u201d et pourtant invisible \u00e0 l\u2019\u0153il nu !<\/p>\n<p>Lire aussi :<\/p>\n<p>Un \u00e9clair g\u00e9ant pourtant pass\u00e9 inaper\u00e7u \u00e9tablit un nouveau record<\/p>\n<p>Ce n\u2019est qu\u2019en 2025 que les chercheurs, en replongeant dans les donn\u00e9es satellites du satellite am\u00e9ricain GOES-16, ont d\u00e9couvert cette m\u00e9ga-foudre. Ce genre d\u2019\u00e9clair, aussi impressionnant qu\u2019\u00e9ph\u00e9m\u00e8re, ne se laisse pas capturer facilement. Le ph\u00e9nom\u00e8ne avait \u00e9chapp\u00e9 \u00e0 l\u2019analyse initiale. Il a fallu les progr\u00e8s r\u00e9cents en traitement d\u2019images et en cartographie atmosph\u00e9rique pour le faire \u00e9merger des donn\u00e9es.<\/p>\n<p>L\u2019\u00e9clair a d\u00e9marr\u00e9 au Texas et s\u2019est termin\u00e9 pr\u00e8s de Kansas City. Une distance qu\u2019un avion de ligne mettrait plus de 90 minutes \u00e0 parcourir. Lui l\u2019a fait en moins d\u2019une seconde.<\/p>\n<blockquote class=\"wp-embedded-content\" data-secret=\"Era7O2JqHg\">\n<p><a href=\"https:\/\/media24.fr\/2025\/07\/26\/un-satellite-europeen-trouve-une-surprise-de-7-milliards-de-tonnes-sous-la-glace-de-lantarctique-dans-ces-lacs-souterrains-qui-se-vident-de-leur-eau-douce-sans-prevenir\/\" target=\"_blank\" rel=\"noopener\">Un satellite europ\u00e9en trouve une surprise de 7 milliards de tonnes sous la glace de l\u2019Antarctique dans ces lacs souterrains qui se vident de leur eau douce sans pr\u00e9venir<\/a><\/p>\n<\/blockquote>\n<p>Une performance m\u00e9t\u00e9o \u00e0 couper le souffle<\/p>\n<p>Le record pr\u00e9c\u00e9dent, \u00e9tabli en 2020, \u00e9tait d\u00e9j\u00e0 impressionnant : 768 kilom\u00e8tres de long pour un \u00e9clair. Cette nouvelle performance le d\u00e9passe de 60 kilom\u00e8tres !<\/p>\n<p>Ces m\u00e9ga-foudres se produisent dans un contexte bien particulier : les syst\u00e8mes convectifs de m\u00e9so\u00e9chelle (en anglais Mesoscale Convective System ou MCS). Ces structures orageuses complexes, souvent visibles dans les grandes plaines nord-am\u00e9ricaines, sont de v\u00e9ritables laboratoires naturels de ph\u00e9nom\u00e8nes extr\u00eames. C\u2019est l\u00e0 que les \u00e9clairs peuvent s\u2019\u00e9tirer \u00e0 l\u2019horizontale pendant plusieurs centaines de kilom\u00e8tres, port\u00e9s par les couches d\u2019air instables.<\/p>\n<p>Une menace silencieuse pour l\u2019aviation et les for\u00eats<\/p>\n<p>Ce genre d\u2019\u00e9clair ne fait pas que battre des records. Il pose aussi de s\u00e9rieuses questions de s\u00e9curit\u00e9. Car un \u00e9clair de cette ampleur peut affecter des avions en vol bien au-del\u00e0 de la zone orageuse classique. Il peut aussi allumer un feu de for\u00eat \u00e0 des dizaines de kilom\u00e8tres de son point d\u2019origine. On comprend alors pourquoi la surveillance des \u00e9clairs depuis l\u2019espace est devenue une priorit\u00e9 mondiale, notamment dans le cadre de l\u2019initiative \u201cEarly Warnings for All\u201d.<\/p>\n<p>Le secr\u00e9taire g\u00e9n\u00e9ral de l\u2019OMM, Celeste Saulo, l\u2019a rappel\u00e9 : \u201cLes \u00e9clairs sont fascinants, mais ils tuent. Et leur comportement devient de plus en plus impr\u00e9visible.\u201d Le message est clair : il ne suffit pas de regarder le ciel au-dessus de sa t\u00eate pour \u00eatre \u00e0 l\u2019abri.<\/p>\n<p>Comment mesure-t-on un \u00e9clair aussi long ?<\/p>\n<p>On pourrait penser qu\u2019un \u00e9clair est un simple zigzag entre un nuage et le sol. En r\u00e9alit\u00e9, l\u2019OMM mesure ce genre de flash en utilisant la plus longue distance entre deux points atteints par la d\u00e9charge, selon ce qu\u2019on appelle la \u201cdistance du grand cercle\u201d. C\u2019est cette m\u00e9thode rigoureuse qui a permis d\u2019officialiser le record.<\/p>\n<p>L\u2019\u00e9quipe internationale qui a valid\u00e9 le ph\u00e9nom\u00e8ne inclut le professeur Randall Cerveny, sp\u00e9cialiste des extr\u00eames climatiques, et Michael Peterson, chercheur au Severe Storms Research Center en G\u00e9orgie. Leur mission : faire le tri entre les petits \u00e9clairs classiques et les colosses de l\u2019atmosph\u00e8re, ces rares monstres \u00e9lectriques qui red\u00e9finissent nos connaissances m\u00e9t\u00e9o.<\/p>\n<p><img fetchpriority=\"high\" decoding=\"async\" class=\"wp-image-27025 size-large webpexpress-processed\" src=\"data:image\/svg+xml,%3Csvg%20xmlns=\" http:=\"\" alt=\"L\u2019\u00e9clair a d\u00e9marr\u00e9 au Texas et s\u2019est termin\u00e9 pr\u00e8s de Kansas City pour environ 828 km.\" width=\"696\" height=\"464\" data-lazy- data-lazy- data-lazy-src=\"https:\/\/www.europesays.com\/fr\/wp-content\/uploads\/2025\/08\/image-site-2025-08-01T180252.170-1024x683.jpg.webp.webp\"\/>La \u201cm\u00e9ga-foudre\u201d a d\u00e9marr\u00e9 au Texas et s\u2019est termin\u00e9e pr\u00e8s de Kansas City pour environ 828 km.<br \/>\nDes satellites pour cartographier l\u2019invisible<\/p>\n<p>Avant, les \u00e9clairs \u00e9taient mesur\u00e9s avec des capteurs au sol, souvent limit\u00e9s par la g\u00e9ographie. Aujourd\u2019hui, les satellites en orbite g\u00e9ostationnaire offrent une vue continue de l\u2019activit\u00e9 orageuse sur des continents entiers. Gr\u00e2ce \u00e0 eux, on peut rep\u00e9rer la dur\u00e9e et l\u2019\u00e9tendue exacte des d\u00e9charges \u00e9lectriques, m\u00eame dans des r\u00e9gions isol\u00e9es ou sans couverture radar.<\/p>\n<p>C\u2019est ainsi que le satellite GOES-16 a pu d\u00e9tecter le fameux \u00e9clair de 2017. Non seulement sa longueur, mais aussi sa dur\u00e9e exceptionnelle et sa trajectoire sinueuse \u00e0 travers plusieurs \u00c9tats am\u00e9ricains.<\/p>\n<p>Et ce n\u2019est que le d\u00e9but. D\u2019apr\u00e8s les chercheurs, il est probable que des \u00e9clairs encore plus longs existent, cach\u00e9s quelque part dans les t\u00e9raoctets de donn\u00e9es satellitaires. La technologie ne fait, au final, que rattraper la nature.<\/p>\n<blockquote class=\"wp-embedded-content\" data-secret=\"mDWDEsrPX2\">\n<p><a href=\"https:\/\/media24.fr\/2025\/06\/02\/500-millions-dannees-quelle-attendait-sous-lantarctique-mais-cette-fois-ci-les-scientifiques-en-sont-persuades-il-existe-une-autre-chaine-de-montagnes\/\" target=\"_blank\" rel=\"noopener\">500 millions d\u2019ann\u00e9es qu\u2019elle attendait sous l\u2019Antarctique mais cette fois-ci les scientifiques en sont persuad\u00e9s : il existe une autre chaine de montagnes<\/a><\/p>\n<\/blockquote>\n<p>O\u00f9 se mettre \u00e0 l\u2019abri quand le ciel devient fou ?<\/p>\n<p>Petit rappel utile pour finir. Selon Walt Lyons, sp\u00e9cialiste des orages : \u201cLes seuls endroits s\u00fbrs face \u00e0 la foudre sont les b\u00e2timents massifs avec \u00e9lectricit\u00e9 et plomberie, ou les v\u00e9hicules ferm\u00e9s \u00e0 toit m\u00e9tallique.\u201d<\/p>\n<p>Voil\u00e0 donc un record \u00e0 la fois spectaculaire et inqui\u00e9tant. Un \u00e9clair de 828 kilom\u00e8tres, c\u2019est impressionnant sur le papier mais c\u2019est surtout un rappel que la m\u00e9t\u00e9o n\u2019a pas fini de nous surprendre, et que la foudre, elle, n\u2019a pas de fronti\u00e8res<\/p>\n<p>Source : https:\/\/wmo.int\/news\/media-centre\/wmo-certifies-megaflash-lightning-record-usa<\/p>\n","protected":false},"excerpt":{"rendered":"Un \u00e9clair long comme un vol Paris\u2013Venise : le ciel bat un record mondial d\u2019\u00e9lectricit\u00e9. Le 22 octobre&hellip;\n","protected":false},"author":2,"featured_media":289668,"comment_status":"","ping_status":"","sticky":false,"template":"","format":"standard","meta":{"footnotes":""},"categories":[5],"tags":[11,1011,27,14,2742,12,28],"class_list":{"0":"post-289667","1":"post","2":"type-post","3":"status-publish","4":"format-standard","5":"has-post-thumbnail","7":"category-international","8":"tag-actualites","9":"tag-fr","10":"tag-france","11":"tag-international","12":"tag-nature","13":"tag-news","14":"tag-world"},"share_on_mastodon":{"url":"https:\/\/pubeurope.com\/@fr\/114955062112902876","error":""},"_links":{"self":[{"href":"https:\/\/www.europesays.com\/fr\/wp-json\/wp\/v2\/posts\/289667","targetHints":{"allow":["GET"]}}],"collection":[{"href":"https:\/\/www.europesays.com\/fr\/wp-json\/wp\/v2\/posts"}],"about":[{"href":"https:\/\/www.europesays.com\/fr\/wp-json\/wp\/v2\/types\/post"}],"author":[{"embeddable":true,"href":"https:\/\/www.europesays.com\/fr\/wp-json\/wp\/v2\/users\/2"}],"replies":[{"embeddable":true,"href":"https:\/\/www.europesays.com\/fr\/wp-json\/wp\/v2\/comments?post=289667"}],"version-history":[{"count":0,"href":"https:\/\/www.europesays.com\/fr\/wp-json\/wp\/v2\/posts\/289667\/revisions"}],"wp:featuredmedia":[{"embeddable":true,"href":"https:\/\/www.europesays.com\/fr\/wp-json\/wp\/v2\/media\/289668"}],"wp:attachment":[{"href":"https:\/\/www.europesays.com\/fr\/wp-json\/wp\/v2\/media?parent=289667"}],"wp:term":[{"taxonomy":"category","embeddable":true,"href":"https:\/\/www.europesays.com\/fr\/wp-json\/wp\/v2\/categories?post=289667"},{"taxonomy":"post_tag","embeddable":true,"href":"https:\/\/www.europesays.com\/fr\/wp-json\/wp\/v2\/tags?post=289667"}],"curies":[{"name":"wp","href":"https:\/\/api.w.org\/{rel}","templated":true}]}}