{"id":289685,"date":"2025-08-01T19:13:11","date_gmt":"2025-08-01T19:13:11","guid":{"rendered":"https:\/\/www.europesays.com\/fr\/289685\/"},"modified":"2025-08-01T19:13:11","modified_gmt":"2025-08-01T19:13:11","slug":"profitez-dune-visite-insolite-pour-redecouvrir-la-ville","status":"publish","type":"post","link":"https:\/\/www.europesays.com\/fr\/289685\/","title":{"rendered":"profitez d&rsquo;une \u00ab\u00a0visite insolite\u00a0\u00bb pour (re)d\u00e9couvrir la ville"},"content":{"rendered":"<p>            Par<br \/>\n        <strong><br \/>\n            <a href=\"https:\/\/actu.fr\/auteur\/g-martin\" title=\"Consulter tous les articles de Gil Martin\" rel=\"nofollow noopener\" target=\"_blank\">Gil Martin<\/a><br \/>\n        <\/strong><\/p>\n<p>        Publi\u00e9 le<\/p>\n<p>            1 ao\u00fbt 2025 \u00e0 20h30        <\/p>\n<p>En ao\u00fbt, l\u2019<strong>Office de Tourisme de Montpellie<\/strong>r propose aux visiteurs mais aussi aux habitants de (re)d\u00e9couvrir la ville sous un autre jour, \u00e0 travers une programmation originale de visites guid\u00e9es insolites. \u00ab Du <strong>street art<\/strong> \u00e0 <strong>l\u2019histoire m\u00e9di\u00e9vale<\/strong>, des petits matins gourmands aux soir\u00e9es lumineuses, il y en a pour tous les go\u00fbts et toutes les curiosit\u00e9s \u00bb, annonce l\u2019OT.<\/p>\n<p>Trois visites guid\u00e9es insolites<\/p>\n<p class=\" wall-content\">Si vous avez envie de d\u00e9couvrir les secrets de Montpellier, laissez-vous guider :<\/p>\n<p class=\" wall-content\"><strong>\u00ab Montpellier de secrets en anecdotes \u00bb<\/strong><br \/>Plus de mille ans d\u2019Histoire ont fa\u00e7onn\u00e9 Montpellier, et chaque rue semble murmurer une anecdote savoureuse. Suivez le guide pour une balade insolite \u00e0 travers les petites histoires<br \/>Mercredi 5 ao\u00fbt et jeudi 14 ao\u00fbt \u00e0 17h30<\/p>\n<p class=\" wall-content\"><strong>\u00ab\u00a0Street art, vue d\u2019ensemble\u00a0\u00bb<\/strong><br \/>Montpellier devient un mus\u00e9e \u00e0 ciel ouvert. Mosa\u00efques, graffs, collages : partez \u00e0 la d\u00e9couverte de l\u2019art urbain et de ses codes avec nos guides conf\u00e9renciers.<br \/>Vendredi 1er ao\u00fbt, puis 4, 8, 11 et 17 ao\u00fbt \u00e0 17h30<\/p>\n<p class=\" wall-content\"><strong>\u00ab\u00a0Montpellier by night\u00a0\u00bb<\/strong><br \/>\u00c0 la nuit tomb\u00e9e, (re)d\u00e9couvrez les grands monuments de la ville illumin\u00e9s, avec acc\u00e8s exclusif au clo\u00eetre de la facult\u00e9 de m\u00e9decine et \u00e0 l\u2019arc de triomphe.<br \/>Vendredi 1er ao\u00fbt, puis 2, 8, 9, 15 et 16 ao\u00fbt \u00e0 21h<\/p>\n<p>Vid\u00e9os : en ce moment sur ActuMonuments et animations<\/p>\n<p class=\" wall-content\">L\u2019OT propose \u00e9galement d\u2019acc\u00e9der aux monuments embl\u00e9matiques de la ville avec les animations suivantes\u00a0: \u00a0<\/p>\n<p class=\" wall-content\"><strong>Vue royale depuis l\u2019Arc de triomphe<\/strong> (5 \u20ac \u2013 Monument \u00e0 la carte)<br \/>Depuis le sommet de l\u2019arc de triomphe, contemplez Montpellier \u00e0 360\u00b0 et d\u00e9couvrez l\u2019histoire du Peyrou et de Louis XIV.<br \/>Mercredi 5 et 13 ao\u00fbt \u2013 cr\u00e9neaux de 30 min de 19h \u00e0 20h30<\/p>\n<p class=\" wall-content\"><strong>La tour de la Babote<\/strong> (5 \u20ac)<br \/>Un voyage entre ciel et terre dans cette tour embl\u00e9matique transform\u00e9e en observatoire astronomique au XVIIIe si\u00e8cle.<br \/>14 et 16 ao\u00fbt<\/p>\n<p class=\" wall-content\"><strong>H\u00f4tel Saint-C\u00f4me<\/strong>\u00a0(5 \u20ac)<br \/>Acc\u00e8s exceptionnel \u00e0 l\u2019amphith\u00e9\u00e2tre de chirurgie du XVIIIe si\u00e8cle, r\u00e9cemment restaur\u00e9.<br \/>5 et 11 ao\u00fbt \u00e0 10h et 11h<\/p>\n<p class=\" wall-content\"><strong>Le Mikv\u00e9, un joyau pr\u00e9serv\u00e9<\/strong>\u00a0(5 \u20ac)<br \/>Visite guid\u00e9e du bain rituel juif m\u00e9di\u00e9val, l\u2019un des mieux conserv\u00e9s d\u2019Europe.<br \/>7, 14 et 16 ao\u00fbt (cr\u00e9neaux toutes les 30 min d\u00e8s 14h30)<\/p>\n<p>    <img   decoding=\"async\" loading=\"lazy\" src=\"https:\/\/www.europesays.com\/fr\/wp-content\/uploads\/2025\/08\/photo-mikve-960x640.jpg\" alt=\"Visite guid\u00e9e du bain rituel juif m\u00e9di\u00e9val, le mikv\u00e9, l\u2019un des mieux conserv\u00e9s d\u2019Europe\" width=\"960\" height=\"640\"\/><br \/>\n    Visite guid\u00e9e du bain rituel juif m\u00e9di\u00e9val, le mikv\u00e9, l\u2019un des mieux conserv\u00e9s d\u2019Europe (\u00a9OT Montpellier)Des visites pour les gourmands !\u00a0<\/p>\n<p class=\" wall-content\">Les plus gourmands ne sont pas oubli\u00e9s avec les visites organis\u00e9es pour les \u00e9picuriens\u00a0:<br \/>-Rencontres au sommet (16 \u20ac) avec des d\u00e9gustation de vins IGP Pays d\u2019H\u00e9rault et des lectures de paysage au coucher du soleil depuis l\u2019arc de triomphe.<br \/>8 et 14 ao\u00fbt \u00e0 19h et 20h<br \/>-Bonjour Montpellier (20 \u20ac) pour une\u00a0visite au lever du jour qui se termine par un petit-d\u00e9jeuner gourmand sur les hauteurs, en partenariat avec la Boulangerie des R\u00eaves et du Pain.<br \/>6 et 12 ao\u00fbt \u00e0 8h et 9h15<\/p>\n<p>Sur les pas de la s\u00e9rie Un si grand soleil <\/p>\n<p>\u00ab D\u2019autres visites sont \u00e9galement propos\u00e9es tout au long du mois d\u2019ao\u00fbt \u00bb, pr\u00e9cise l\u2019Office de Tourisme de Montpellier, citant pour l\u2019exemple les circuits \u00ab Sur les traces de la s\u00e9rie Un si grand soleil \u00bb ou \u00ab La Facult\u00e9 de M\u00e9decine \u00bb&#8230; L\u2019OT a \u00e9galement pens\u00e9 aux pitchounes et leur propose deux circuits sp\u00e9cifiques :<br \/>-\u00ab\u00a0Visite du centre historique\u00a0 avec Perette la mouette\u00a0\u00bb pour les 8-11 ans : \u00ab Les enfants sont invit\u00e9s \u00e0 partir en famille \u00e0 la d\u00e9couverte de 1000 ans d\u2019histoire avec Perette la mouette. Livrets en main, ils pourront apprendre tout en s\u2019amusan t\u00bb.<br \/>Vendredi 8 ao\u00fbt \u00e0 10h30<br \/>-\u00ab\u00a0Mina et le sceau du temps\u00a0\u00bb pour les 9-13 ans : la jeune Mina a un incroyable pouvoir. Munie d\u2019un myst\u00e9rieux sceau, elle peut traverser les \u00e9poques et rencontrer les plus illustres savants qui ont marqu\u00e9 l\u2019histoire de Montpellier : chirurgiens, pharmaciens, m\u00e9decins et botanistes.\u00a0 Une visite immersive avec un livret d\u2019activit\u00e9s.<br \/>Mercredis 6 \u2013 13 ao\u00fbt \u00e0 10h30\u00a0 &#8211; 10\u20ac (plein) \/ \u00e0 partir de 7\u20ac (r\u00e9duit) gratuit pour les -6 ans.<\/p>\n<p>    <a href=\"https:\/\/www.google.com\/maps\/embed?pb=!1m18!1m12!1m3!1d2888.858815688912!2d3.878804975749665!3d43.609481171104065!2m3!1f0!2f0!3f0!3m2!1i1024!2i768!4f13.1!3m3!1m2!1s0x12b6afa0b0ec1d21%3A0xac046d98c3fbd822!2sOffice%20de%20Tourisme%20%26%20des%20Congr%C3%A8s%20Montpellier%20M%C3%A9diterran%C3%A9e%20M%C3%A9tropole!5e0!3m2!1sfr!2sfr!4v1754080301766!5m2!1sfr!2sfr\" title=\"Ouvrie le lien\" rel=\"nofollow noopener\" target=\"_blank\">Cliquez ici pour visualiser le contenu<\/a><\/p>\n<p>Jeu de piste en famille<\/p>\n<p class=\" wall-content\">Enfin, l\u2019OT propose <strong>le jeu de piste<\/strong> \u00ab\u00a0Les 3 Gr\u00e2ces m\u00e8nent l\u2019enqu\u00eate\u00a0\u00bb, un <strong>moment interactif en famille<\/strong> \u00e0 partir de 7 ans (dur\u00e9e estim\u00e9e : 1h30) pour d\u00e9couvrir le patrimoine de Montpellier\u00a0: \u00ab\u00a0Les Trois Gr\u00e2ces organisent un banquet sur la place de la Com\u00e9die, mais les fruits pr\u00e9par\u00e9s pour leurs convives ont disparu\u2026 Aidez-les \u00e0 retrouver le voleur, en suivant les \u00e9tapes dans la ville\u00a0\u00bb. Le jeu est disponible au guichet d\u2019accueil de l\u2019Office de Tourisme.<\/p>\n<p><strong>Informations et r\u00e9servations\u00a0:<\/strong><br \/>\nOffice de Tourisme de Montpellier<br \/>\n\u00a030 All. Jean de Lattre de Tassigny, 34000 Montpellier<br \/>\nLe site : <a href=\"http:\/\/www.montpellier-tourisme.fr\" rel=\"nofollow noopener\" target=\"_blank\">www.montpellier-tourisme.fr<\/a><\/p>\n<p class=\" wall-content\">.<\/p>\n<p class=\" wall-content\">Suivez toute l\u2019actualit\u00e9 de vos villes et m\u00e9dias favoris en vous inscrivant \u00e0 <a href=\"https:\/\/moncompte.actu.fr\" title=\"D\u00e9couvez Mon Actu\" rel=\"nofollow noopener\" data-trk=\"{&quot;cta&quot;:{&quot;action&quot;:&quot;https:\\\/\\\/moncompte.actu.fr&quot;,&quot;category&quot;:&quot;mon compte&quot;,&quot;from&quot;:&quot;article footer&quot;,&quot;name&quot;:&quot;Mon actu&quot;,&quot;type&quot;:&quot;cta&quot;}}\" target=\"_blank\">Mon Actu<\/a>.<\/p>\n","protected":false},"excerpt":{"rendered":"Par Gil Martin Publi\u00e9 le 1 ao\u00fbt 2025 \u00e0 20h30 En ao\u00fbt, l\u2019Office de Tourisme de Montpellier propose&hellip;\n","protected":false},"author":2,"featured_media":289686,"comment_status":"","ping_status":"","sticky":false,"template":"","format":"standard","meta":{"footnotes":""},"categories":[9599],"tags":[1111,11,1777,674,1011,27,1757,2208,12,2680,2551,25,602,586],"class_list":{"0":"post-289685","1":"post","2":"type-post","3":"status-publish","4":"format-standard","5":"has-post-thumbnail","7":"category-montpellier","8":"tag-actu","9":"tag-actualites","10":"tag-eu","11":"tag-europe","12":"tag-fr","13":"tag-france","14":"tag-insolite","15":"tag-montpellier","16":"tag-news","17":"tag-occitanie","18":"tag-patrimoine","19":"tag-republique-francaise","20":"tag-tourisme","21":"tag-voyage"},"share_on_mastodon":{"url":"https:\/\/pubeurope.com\/@fr\/114955105469868171","error":""},"_links":{"self":[{"href":"https:\/\/www.europesays.com\/fr\/wp-json\/wp\/v2\/posts\/289685","targetHints":{"allow":["GET"]}}],"collection":[{"href":"https:\/\/www.europesays.com\/fr\/wp-json\/wp\/v2\/posts"}],"about":[{"href":"https:\/\/www.europesays.com\/fr\/wp-json\/wp\/v2\/types\/post"}],"author":[{"embeddable":true,"href":"https:\/\/www.europesays.com\/fr\/wp-json\/wp\/v2\/users\/2"}],"replies":[{"embeddable":true,"href":"https:\/\/www.europesays.com\/fr\/wp-json\/wp\/v2\/comments?post=289685"}],"version-history":[{"count":0,"href":"https:\/\/www.europesays.com\/fr\/wp-json\/wp\/v2\/posts\/289685\/revisions"}],"wp:featuredmedia":[{"embeddable":true,"href":"https:\/\/www.europesays.com\/fr\/wp-json\/wp\/v2\/media\/289686"}],"wp:attachment":[{"href":"https:\/\/www.europesays.com\/fr\/wp-json\/wp\/v2\/media?parent=289685"}],"wp:term":[{"taxonomy":"category","embeddable":true,"href":"https:\/\/www.europesays.com\/fr\/wp-json\/wp\/v2\/categories?post=289685"},{"taxonomy":"post_tag","embeddable":true,"href":"https:\/\/www.europesays.com\/fr\/wp-json\/wp\/v2\/tags?post=289685"}],"curies":[{"name":"wp","href":"https:\/\/api.w.org\/{rel}","templated":true}]}}