{"id":289689,"date":"2025-08-01T19:15:14","date_gmt":"2025-08-01T19:15:14","guid":{"rendered":"https:\/\/www.europesays.com\/fr\/289689\/"},"modified":"2025-08-01T19:15:14","modified_gmt":"2025-08-01T19:15:14","slug":"salon-creativa-parc-des-expositions-de-rouen-le-grand-quevilly-25-septembre-2025","status":"publish","type":"post","link":"https:\/\/www.europesays.com\/fr\/289689\/","title":{"rendered":"Salon Creativa Parc des Expositions de Rouen Le Grand-Quevilly 25 septembre 2025"},"content":{"rendered":"\n<p>\t\t<strong>Salon Creativa Parc des Expositions de Rouen Le Grand-Quevilly jeudi 25 septembre 2025.<\/strong> <\/p>\n<p>Salon Creativa<\/p>\n<p> Parc des Expositions de Rouen 46 avenue des Canadiens Le Grand-Quevilly Seine-Maritime<\/p>\n<p>Tarif :  \u2013  \u2013  <\/p>\n<p>Date : jour \u2013 ann\u00e9e \u2013 mois \u2013 jour et horaire :<br \/>D\u00e9but : Vendredi Vendredi 2025-09-25<br \/>fin : 2025-09-28 <\/p>\n<p>Date(s) :<br \/>2025-09-25                   <\/p>\n<p>Scrapbooking, couture, broderie, perles, patchwork, outillage, cuisine cr\u00e9ative, tricot, crochet, mercerie, relooking de meubles\u2026Toutes les th\u00e9matiques des loisirs cr\u00e9atifs seront d\u00e9clin\u00e9es du 25 au 28 septembre sur Creativa Rouen.<\/p>\n<p>Passionn\u00e9s de DIY, novices, curieux, vous aurez tous l\u2019opportunit\u00e9 de d\u00e9couvrir combien les activit\u00e9s manuelles peuvent \u00eatre \u00e0 la port\u00e9e de tous et sont une v\u00e9ritable source de bien-\u00eatre ! \u00a0 .<\/p>\n<p>Parc des Expositions de Rouen 46 avenue des Canadiens  Le Grand-Quevilly 76120  Seine-Maritime Normandie   +33 2 35 18 28 28\u00a0 <\/p>\n<p><strong>English : Salon Creativa<\/strong><\/p>\n<p><strong>German : <\/strong><\/p>\n<p><strong>Italiano : <\/strong><\/p>\n<p><strong>Espanol : <\/strong><\/p>\n<p>L\u2019\u00e9v\u00e9nement Salon Creativa Le Grand-Quevilly a \u00e9t\u00e9 mis \u00e0 jour le 2025-07-26 par Office de tourisme Rouen tourisme<\/p>\n","protected":false},"excerpt":{"rendered":"Salon Creativa Parc des Expositions de Rouen Le Grand-Quevilly jeudi 25 septembre 2025. Salon Creativa Parc des Expositions&hellip;\n","protected":false},"author":2,"featured_media":268661,"comment_status":"","ping_status":"","sticky":false,"template":"","format":"standard","meta":{"footnotes":""},"categories":[9587],"tags":[1111,11,1777,674,1011,27,12,5161,25,9590],"class_list":{"0":"post-289689","1":"post","2":"type-post","3":"status-publish","4":"format-standard","5":"has-post-thumbnail","7":"category-rouen","8":"tag-actu","9":"tag-actualites","10":"tag-eu","11":"tag-europe","12":"tag-fr","13":"tag-france","14":"tag-news","15":"tag-normandie","16":"tag-republique-francaise","17":"tag-rouen"},"share_on_mastodon":{"url":"https:\/\/pubeurope.com\/@fr\/114955113305627702","error":""},"_links":{"self":[{"href":"https:\/\/www.europesays.com\/fr\/wp-json\/wp\/v2\/posts\/289689","targetHints":{"allow":["GET"]}}],"collection":[{"href":"https:\/\/www.europesays.com\/fr\/wp-json\/wp\/v2\/posts"}],"about":[{"href":"https:\/\/www.europesays.com\/fr\/wp-json\/wp\/v2\/types\/post"}],"author":[{"embeddable":true,"href":"https:\/\/www.europesays.com\/fr\/wp-json\/wp\/v2\/users\/2"}],"replies":[{"embeddable":true,"href":"https:\/\/www.europesays.com\/fr\/wp-json\/wp\/v2\/comments?post=289689"}],"version-history":[{"count":0,"href":"https:\/\/www.europesays.com\/fr\/wp-json\/wp\/v2\/posts\/289689\/revisions"}],"wp:featuredmedia":[{"embeddable":true,"href":"https:\/\/www.europesays.com\/fr\/wp-json\/wp\/v2\/media\/268661"}],"wp:attachment":[{"href":"https:\/\/www.europesays.com\/fr\/wp-json\/wp\/v2\/media?parent=289689"}],"wp:term":[{"taxonomy":"category","embeddable":true,"href":"https:\/\/www.europesays.com\/fr\/wp-json\/wp\/v2\/categories?post=289689"},{"taxonomy":"post_tag","embeddable":true,"href":"https:\/\/www.europesays.com\/fr\/wp-json\/wp\/v2\/tags?post=289689"}],"curies":[{"name":"wp","href":"https:\/\/api.w.org\/{rel}","templated":true}]}}