{"id":289718,"date":"2025-08-01T19:32:15","date_gmt":"2025-08-01T19:32:15","guid":{"rendered":"https:\/\/www.europesays.com\/fr\/289718\/"},"modified":"2025-08-01T19:32:15","modified_gmt":"2025-08-01T19:32:15","slug":"travaux-boulevard-de-metz-actualites","status":"publish","type":"post","link":"https:\/\/www.europesays.com\/fr\/289718\/","title":{"rendered":"Travaux boulevard de Metz \/ Actualit\u00e9s"},"content":{"rendered":"<p>Des travaux de voirie vont d\u00e9buter boulevard de Metz le 18 ao\u00fbt et vont se poursuivre jusque novembre 2025. Des modifications de circulation et de stationnement seront mises en place.<\/p>\n<p>            <img loading=\"lazy\" decoding=\"async\" src=\"\/var\/www\/storage\/images\/mediatheque\/mairie-de-lille\/actualites\/images\/2025\/aout\/boulevard-de-metz\/3828954-1-fre-FR\/boulevard-de-Metz_news_image_top.png\" width=\"779\" height=\"518\" alt=\"\"\/><\/p>\n<p>\nLe secteur concern\u00e9 par les travaux du <strong>boulevard de Metz<\/strong> s&rsquo;\u00e9tend <strong>entre la place Tacq et le square Samain<\/strong>.<br \/>Ces travaux de voirie dureront <strong>du 18 ao\u00fbt 2025 jusque novembre<\/strong>.<br \/>Des perturbation sont \u00e0 pr\u00e9voir, notamment au niveau de la circulation, du stationnement et des transports en commun.<\/p>\n<p>Impacts<\/p>\n<ul class=\"listPuce\">\n<li>Neutralisation du trottoir, des places de stationnement et de la bande cyclable c\u00f4t\u00e9 sud.<\/li>\n<li>Suppression de l&rsquo;arr\u00eat de bus Renoir (c\u00f4t\u00e9 Sud).<\/li>\n<li>Mise en sens unique du boulevard de Metz pendant les vacances de la Toussaint (du 18 au 31 octobre).<\/li>\n<\/ul>\n<p>Pendant les vacances de la Toussaint<\/p>\n<p><strong>Du 20 au 24 octobre<\/strong><\/p>\n<ul class=\"listPuce\">\n<li>D\u00e9viation par les rues Saint-Bernard et d&rsquo;Esquermes.<\/li>\n<li>Arr\u00eats de bus c\u00f4t\u00e9 nord non desservis (d\u00e9viation par les arr\u00eats Montebello et Isly)<\/li>\n<\/ul>\n<p><strong>Du 27 au 31 octobre<\/strong><\/p>\n<ul class=\"listPuce\">\n<li>Fermeture de l\u2019entr\u00e9e du boulevard de Metz, du c\u00f4t\u00e9 de la place Tacq.<\/li>\n<li>Neutralisation de la voie bus avenue Beethoven.<\/li>\n<li>D\u00e9viation depuis l&rsquo;avenue Beethoven \/ boulevard de la Moselle par la rue d&rsquo;Isly et le boulevard Montebello.<\/li>\n<li>D\u00e9viation depuis la rue d&rsquo;Isly par l&rsquo;avenue Beethoven et l&rsquo;A25<\/li>\n<li>Arr\u00eats de bus c\u00f4t\u00e9 sud non desservis (d\u00e9viation par Isly et Montebello)<\/li>\n<\/ul>\n<p>            Lire aussi<\/p>\n<p>            <img loading=\"lazy\" decoding=\"async\" src=\"\/var\/www\/storage\/images\/mediatheque\/mairie-de-lille\/actualites\/images\/avant-2024\/2023\/juillet-2023\/pierre-mauroy-mai-2025\/3314995-7-fre-FR\/Pierre-Mauroy-mai-2025_crossreading.jpg\" width=\"95\" height=\"95\" alt=\"\"\/>           <\/p>\n<p>        <a href=\"https:\/\/www.lille.fr\/Actualites\/Les-grands-travaux-lillois\" class=\"actuTitle\" title=\"Les grands travaux lillois\" target=\"_blank\" rel=\"noopener\">Les grands travaux lillois<\/a>Travaux \/ Projets urbains<\/p>\n<p>V\u00e9g\u00e9talisation, pi\u00e9tonnisations, am\u00e9nagements cyclables&#8230; Lille poursuit sa m\u00e9tamorphose ! Retrouvez ci-dessous les travaux en cours et pr\u00e9vus da&#8230;<\/p>\n<p>        <a href=\"https:\/\/www.lille.fr\/Actualites\/Les-grands-travaux-lillois\" class=\"voirActus\" target=\"_blank\" rel=\"noopener\">Voir<\/a><\/p>\n<p>            <img loading=\"lazy\" decoding=\"async\" src=\"\/var\/www\/storage\/images\/mediatheque\/mairie-de-lille\/actualites\/objets-multimedia\/galeries-d-images\/2023\/place-caulier-de-demain\/caulier5\/3342935-1-fre-FR\/caulier5_crossreading.png\" width=\"95\" height=\"95\" alt=\"\"\/>           <\/p>\n<p>            <img loading=\"lazy\" decoding=\"async\" src=\"\/var\/www\/storage\/images\/mediatheque\/mairie-de-lille\/actualites\/images\/2024\/fevrier-2024\/place-marechal-leclerc-1\/3435836-1-fre-FR\/Place-Marechal-Leclerc-1_crossreading.jpg\" width=\"95\" height=\"95\" alt=\"\"\/>           <\/p>\n","protected":false},"excerpt":{"rendered":"Des travaux de voirie vont d\u00e9buter boulevard de Metz le 18 ao\u00fbt et vont se poursuivre jusque novembre&hellip;\n","protected":false},"author":2,"featured_media":289719,"comment_status":"","ping_status":"","sticky":false,"template":"","format":"standard","meta":{"footnotes":""},"categories":[2815],"tags":[1111,11,4763,1777,674,1011,27,811,1307,5415,12,25],"class_list":{"0":"post-289718","1":"post","2":"type-post","3":"status-publish","4":"format-standard","5":"has-post-thumbnail","7":"category-lille","8":"tag-actu","9":"tag-actualites","10":"tag-agenda","11":"tag-eu","12":"tag-europe","13":"tag-fr","14":"tag-france","15":"tag-hauts-de-france","16":"tag-lille","17":"tag-mairie","18":"tag-news","19":"tag-republique-francaise"},"share_on_mastodon":{"url":"https:\/\/pubeurope.com\/@fr\/114955180124651976","error":""},"_links":{"self":[{"href":"https:\/\/www.europesays.com\/fr\/wp-json\/wp\/v2\/posts\/289718","targetHints":{"allow":["GET"]}}],"collection":[{"href":"https:\/\/www.europesays.com\/fr\/wp-json\/wp\/v2\/posts"}],"about":[{"href":"https:\/\/www.europesays.com\/fr\/wp-json\/wp\/v2\/types\/post"}],"author":[{"embeddable":true,"href":"https:\/\/www.europesays.com\/fr\/wp-json\/wp\/v2\/users\/2"}],"replies":[{"embeddable":true,"href":"https:\/\/www.europesays.com\/fr\/wp-json\/wp\/v2\/comments?post=289718"}],"version-history":[{"count":0,"href":"https:\/\/www.europesays.com\/fr\/wp-json\/wp\/v2\/posts\/289718\/revisions"}],"wp:featuredmedia":[{"embeddable":true,"href":"https:\/\/www.europesays.com\/fr\/wp-json\/wp\/v2\/media\/289719"}],"wp:attachment":[{"href":"https:\/\/www.europesays.com\/fr\/wp-json\/wp\/v2\/media?parent=289718"}],"wp:term":[{"taxonomy":"category","embeddable":true,"href":"https:\/\/www.europesays.com\/fr\/wp-json\/wp\/v2\/categories?post=289718"},{"taxonomy":"post_tag","embeddable":true,"href":"https:\/\/www.europesays.com\/fr\/wp-json\/wp\/v2\/tags?post=289718"}],"curies":[{"name":"wp","href":"https:\/\/api.w.org\/{rel}","templated":true}]}}