{"id":289738,"date":"2025-08-01T19:43:11","date_gmt":"2025-08-01T19:43:11","guid":{"rendered":"https:\/\/www.europesays.com\/fr\/289738\/"},"modified":"2025-08-01T19:43:11","modified_gmt":"2025-08-01T19:43:11","slug":"je-suis-etonne-que-trump-ait-pris-au-serieux-medvedev-declare-claude-blanchemaison","status":"publish","type":"post","link":"https:\/\/www.europesays.com\/fr\/289738\/","title":{"rendered":"\u00abJe suis \u00e9tonn\u00e9 que Trump ait pris au s\u00e9rieux Medvedev\u00bb, d\u00e9clare Claude Blanchemaison"},"content":{"rendered":"<p>            Description de l&rsquo;\u00e9pisode<\/p>\n<p>Tous les jours de la semaine, invit\u00e9s et chroniqueurs sont autour du micro de Guillaume Lariche pour d\u00e9battre des actualit\u00e9s du jour.<\/p>\n<p><strong>Invit\u00e9s :<\/strong><\/p>\n<p><strong>&#8211; Claude Blanchemaison<\/strong>,\u00a0ancien ambassadeur de France en Russie<\/p>\n<p>&#8211;\u00a0<strong>Georges Fenech<\/strong>, ancien magistrat et d\u00e9put\u00e9 honoraire du Rh\u00f4ne<\/p>\n<p>&#8211;\u00a0<strong>Charlotte\u00a0<\/strong><strong>d\u2019Ornellas<\/strong><strong>,\u00a0<\/strong>journaliste\u00a0au JDD<\/p>\n","protected":false},"excerpt":{"rendered":"Description de l&rsquo;\u00e9pisode Tous les jours de la semaine, invit\u00e9s et chroniqueurs sont autour du micro de Guillaume&hellip;\n","protected":false},"author":2,"featured_media":245853,"comment_status":"","ping_status":"","sticky":false,"template":"","format":"standard","meta":{"footnotes":""},"categories":[1591],"tags":[11,1887,12,1885,1886,132],"class_list":{"0":"post-289738","1":"post","2":"type-post","3":"status-publish","4":"format-standard","5":"has-post-thumbnail","7":"category-russie","8":"tag-actualites","9":"tag-federation-de-russie","10":"tag-news","11":"tag-russia","12":"tag-russian-federation","13":"tag-russie"},"share_on_mastodon":{"url":"https:\/\/pubeurope.com\/@fr\/114955223317790798","error":""},"_links":{"self":[{"href":"https:\/\/www.europesays.com\/fr\/wp-json\/wp\/v2\/posts\/289738","targetHints":{"allow":["GET"]}}],"collection":[{"href":"https:\/\/www.europesays.com\/fr\/wp-json\/wp\/v2\/posts"}],"about":[{"href":"https:\/\/www.europesays.com\/fr\/wp-json\/wp\/v2\/types\/post"}],"author":[{"embeddable":true,"href":"https:\/\/www.europesays.com\/fr\/wp-json\/wp\/v2\/users\/2"}],"replies":[{"embeddable":true,"href":"https:\/\/www.europesays.com\/fr\/wp-json\/wp\/v2\/comments?post=289738"}],"version-history":[{"count":0,"href":"https:\/\/www.europesays.com\/fr\/wp-json\/wp\/v2\/posts\/289738\/revisions"}],"wp:featuredmedia":[{"embeddable":true,"href":"https:\/\/www.europesays.com\/fr\/wp-json\/wp\/v2\/media\/245853"}],"wp:attachment":[{"href":"https:\/\/www.europesays.com\/fr\/wp-json\/wp\/v2\/media?parent=289738"}],"wp:term":[{"taxonomy":"category","embeddable":true,"href":"https:\/\/www.europesays.com\/fr\/wp-json\/wp\/v2\/categories?post=289738"},{"taxonomy":"post_tag","embeddable":true,"href":"https:\/\/www.europesays.com\/fr\/wp-json\/wp\/v2\/tags?post=289738"}],"curies":[{"name":"wp","href":"https:\/\/api.w.org\/{rel}","templated":true}]}}