{"id":289753,"date":"2025-08-01T19:51:16","date_gmt":"2025-08-01T19:51:16","guid":{"rendered":"https:\/\/www.europesays.com\/fr\/289753\/"},"modified":"2025-08-01T19:51:16","modified_gmt":"2025-08-01T19:51:16","slug":"un-proces-pour-viol-requis-contre-linternational-achraf-hakimi","status":"publish","type":"post","link":"https:\/\/www.europesays.com\/fr\/289753\/","title":{"rendered":"Un proc\u00e8s pour viol requis contre l\u2019international Achraf Hakimi"},"content":{"rendered":"<p>Sous la menace d\u2019un proc\u00e8s. Vendredi, le parquet de <a href=\"https:\/\/www.20minutes.fr\/dossier\/nanterre\" class=\"color-ultramarine c-link\" target=\"_blank\" rel=\"noopener\">Nanterre<\/a> a requis le renvoi devant la cour criminelle d\u00e9partementale des Hauts-de-Seine d\u2019<a href=\"https:\/\/www.20minutes.fr\/sport\/achraf-hakimi\/\" class=\"color-ultramarine c-link\" target=\"_blank\" rel=\"noopener\">Achraf Hakimi<\/a> pour le viol d\u2019une jeune femme en\u00a02023, confirmant une information du <a href=\"https:\/\/www.leparisien.fr\/faits-divers\/le-joueur-du-psg-achraf-hakimi-sous-la-menace-dun-proces-pour-viol-01-08-2025-VM4RUXGPABDEVEHUSLF3BTZGN4.php?ts=1754067654197\" rel=\"nofollow noopener\" target=\"_blank\" class=\"color-ultramarine c-link\">Parisien<\/a>. L\u2019international marocain, joueur <a href=\"https:\/\/www.20minutes.fr\/sport\/psg\/\" class=\"color-ultramarine c-link\" target=\"_blank\" rel=\"noopener\">du PSG<\/a>, conteste ces faits.<\/p>\n<p>\u00ab\u00a0Le parquet de Nanterre a saisi ce jour le juge d\u2019instruction en charge de cette information judiciaire de r\u00e9quisitions aux fins de renvoi devant la cour criminelle d\u00e9partementale des Hauts-de-Seine du chef de viol. Il appartient d\u00e9sormais au magistrat instructeur de prendre sa d\u00e9cision dans le cadre de son ordonnance\u00a0\u00bb, a pr\u00e9cis\u00e9 l\u2019institution.<\/p>\n<\/p>\n<p><a href=\"https:\/\/www.20minutes.fr\/sport\/4026270-20230303-psg-apporte-soutien-achraf-hakimi-victime-tentative-racket-selon-avocate\" class=\"color-ultramarine c-link\" target=\"_blank\" rel=\"noopener\">L\u2019avocate du joueur,<\/a> Me Fanny Colin, a estim\u00e9 ces r\u00e9quisitions \u00ab\u00a0incompr\u00e9hensibles et insens\u00e9es au regard des \u00e9l\u00e9ments du dossier\u00a0\u00bb. \u00ab\u00a0Nous demeurons avec Achraf Hakimi aussi sereins qu\u2019\u00e0 l\u2019ouverture de la proc\u00e9dure. Si ces r\u00e9quisitions devaient \u00eatre suivies, nous exercerions \u00e9videmment toutes les voies de recours\u00a0\u00bb, a-t-elle assur\u00e9.<\/p>\n<p>\u00ab\u00a0Ma cliente accueille cette nouvelle avec un immense soulagement\u00a0\u00bb, a quant \u00e0 elle d\u00e9clar\u00e9 \u00e0 l\u2019AFP Me Rachel-Flore Pardo, avocate de la partie civile.<\/p>\n<p>Une rencontre via Instagram<\/p>\n<p>Achraf Hakimi, aujourd\u2019hui \u00e2g\u00e9 de 26 ans, avait \u00e9t\u00e9 mis en examen et plac\u00e9 sous contr\u00f4le judiciaire en mars\u00a02023, apr\u00e8s qu\u2019une jeune femme l\u2019avait accus\u00e9 de <a href=\"https:\/\/www.20minutes.fr\/justice\/4025648-20230227-joueur-psg-achraf-hakimi-vise-enquete-viol\" class=\"color-ultramarine c-link\" target=\"_blank\" rel=\"noopener\">l\u2019avoir viol\u00e9e chez lui \u00e0 Boulogne-Billancourt<\/a> quelques jours plus t\u00f4t. Elle s\u2019\u00e9tait d\u2019abord rendue dans un commissariat du Val-de-Marne, o\u00f9 elle avait d\u00e9clar\u00e9 avoir \u00e9t\u00e9 agress\u00e9e, sans porter plainte.<\/p>\n<p><a href=\"https:\/\/www.20minutes.fr\/sport\/achraf-hakimi\/\" class=\"c-link c-btn c-btn--primary\" target=\"_blank\" rel=\"noopener\">Retrouvez ici plus d&rsquo;articles sur Achraf Hakimi<\/a><\/p>\n<p>Selon son t\u00e9moignage, elle avait fait connaissance du joueur au mois de janvier de la m\u00eame ann\u00e9e, sur le r\u00e9seau social Instagram. Elle s\u2019\u00e9tait rendue chez lui dans un VTC (voiture de transport avec chauffeur) command\u00e9 par le d\u00e9fenseur du PSG, selon une source polici\u00e8re. Ce dernier l\u2019aurait alors embrass\u00e9e et aurait commis des attouchements sans son consentement, avant de la violer, selon cette m\u00eame source. La jeune femme avait ajout\u00e9 qu\u2019elle \u00e9tait parvenue \u00e0 le repousser et pr\u00e9cisait qu\u2019une amie, contact\u00e9e par SMS, \u00e9tait venue la r\u00e9cup\u00e9rer.<\/p>\n","protected":false},"excerpt":{"rendered":"Sous la menace d\u2019un proc\u00e8s. Vendredi, le parquet de Nanterre a requis le renvoi devant la cour criminelle&hellip;\n","protected":false},"author":2,"featured_media":289754,"comment_status":"","ping_status":"","sticky":false,"template":"","format":"standard","meta":{"footnotes":""},"categories":[2],"tags":[14568,47,11,63,1011,27,303,12,2332,2694,25,517,1265],"class_list":{"0":"post-289753","1":"post","2":"type-post","3":"status-publish","4":"format-standard","5":"has-post-thumbnail","7":"category-actualites","8":"tag-achraf-hakimi","9":"tag-actualite","10":"tag-actualites","11":"tag-football","12":"tag-fr","13":"tag-france","14":"tag-justice","15":"tag-news","16":"tag-paris-saint-germain-psg","17":"tag-proces","18":"tag-republique-francaise","19":"tag-sport","20":"tag-viol"},"share_on_mastodon":{"url":"https:\/\/pubeurope.com\/@fr\/114955254768601479","error":""},"_links":{"self":[{"href":"https:\/\/www.europesays.com\/fr\/wp-json\/wp\/v2\/posts\/289753","targetHints":{"allow":["GET"]}}],"collection":[{"href":"https:\/\/www.europesays.com\/fr\/wp-json\/wp\/v2\/posts"}],"about":[{"href":"https:\/\/www.europesays.com\/fr\/wp-json\/wp\/v2\/types\/post"}],"author":[{"embeddable":true,"href":"https:\/\/www.europesays.com\/fr\/wp-json\/wp\/v2\/users\/2"}],"replies":[{"embeddable":true,"href":"https:\/\/www.europesays.com\/fr\/wp-json\/wp\/v2\/comments?post=289753"}],"version-history":[{"count":0,"href":"https:\/\/www.europesays.com\/fr\/wp-json\/wp\/v2\/posts\/289753\/revisions"}],"wp:featuredmedia":[{"embeddable":true,"href":"https:\/\/www.europesays.com\/fr\/wp-json\/wp\/v2\/media\/289754"}],"wp:attachment":[{"href":"https:\/\/www.europesays.com\/fr\/wp-json\/wp\/v2\/media?parent=289753"}],"wp:term":[{"taxonomy":"category","embeddable":true,"href":"https:\/\/www.europesays.com\/fr\/wp-json\/wp\/v2\/categories?post=289753"},{"taxonomy":"post_tag","embeddable":true,"href":"https:\/\/www.europesays.com\/fr\/wp-json\/wp\/v2\/tags?post=289753"}],"curies":[{"name":"wp","href":"https:\/\/api.w.org\/{rel}","templated":true}]}}