{"id":289759,"date":"2025-08-01T19:55:17","date_gmt":"2025-08-01T19:55:17","guid":{"rendered":"https:\/\/www.europesays.com\/fr\/289759\/"},"modified":"2025-08-01T19:55:17","modified_gmt":"2025-08-01T19:55:17","slug":"top-14-sappuyer-sur-les-cadres-et-lexperience-pour-se-relancer-notre-xv-type-du-stade-francais-en-2025-2026","status":"publish","type":"post","link":"https:\/\/www.europesays.com\/fr\/289759\/","title":{"rendered":"Top 14. S&rsquo;appuyer sur les cadres et l&rsquo;exp\u00e9rience pour se relancer : notre XV type du Stade Fran\u00e7ais en 2025-2026"},"content":{"rendered":"<p>Apr\u00e8s une saison 2024-2025 catastrophique, le <a href=\"https:\/\/www.lerugbynistere.fr\/clubs\/stade-francais.php\" ui-sref=\"app.team({teamId: 40})\" alt=\"Stade Fran\u00e7ais\" data-route=\"app.team\" data-param=\"teamId\" data-id=\"40\" rel=\"nofollow noopener\" target=\"_blank\">Stade Fran\u00e7ais<\/a> est attendu au tournant. Les changements ne seront pas nombreux dans la capitale, si ce n&rsquo;est\u00a0<a href=\"https:\/\/www.lerugbynistere.fr\/news\/top-14-cohabitation-stade-francaisparis-fc-en-vue-le-stade-jean-bouin-en-pleine-transformation-2407251735.php\" rel=\"nofollow noopener\" target=\"_blank\">la nouvelle cohabitation avec le Paris FC dans le stade Jean-Bouin<\/a>. <strong>Car, avec peu de recrues et de d\u00e9parts, le Stade Fran\u00e7ais s&rsquo;appuie sur les m\u00eames joueurs pour rebondir<\/strong>. Voici \u00e0 quoi pourrait ressembler le XV type parisien en 2025-2026.<\/p>\n<p><a class=\"inserer_lien_article\" href=\"https:\/\/www.lerugbynistere.fr\/news\/insolite-victor-wembanyama-sessaie-au-rugby-a-brive-0108251543.php\" data-id=\"45721\" data-route=\"app.article\" data-param=\"articleId\" ui-sref=\"app.article({articleId: 45721})\" alt=\"Insolite. Victor Wembanyama s&#039;essaie au rugby... \u00e0 Brive\" title=\"Insolite. Victor Wembanyama s&#039;essaie au rugby... \u00e0 Brive\" rel=\"nofollow noopener\" target=\"_blank\"><img decoding=\"async\" src=\"https:\/\/www.europesays.com\/fr\/wp-content\/uploads\/2025\/08\/victor-wembanyama-avec-courtney-lawes-au-ca-brive-01-08-25-3097.jpg\" alt=\"Insolite. Victor Wembanyama s'essaie au rugby... \u00e0 Brive\"\/>Insolite. Victor Wembanyama s&rsquo;essaie au rugby&#8230; \u00e0 Brive<\/a><\/p>\n<p>N\u00e9n\u00e9, le futur de Paris ?<\/p>\n<p>C\u00f4t\u00e9 mouvements, le Stade Fran\u00e7ais perd tout de m\u00eame, contraint pour des raisons financi\u00e8res, son colosse JJ Van der Mescht. <strong>Le Sud-Africain s&rsquo;est engag\u00e9 \u00e0 <a href=\"https:\/\/www.lerugbynistere.fr\/clubs\/northampton.php\" ui-sref=\"app.team({teamId: 87})\" alt=\"Northampton\" data-route=\"app.team\" data-param=\"teamId\" data-id=\"87\" rel=\"nofollow noopener\" target=\"_blank\">Northampton<\/a>. Gomez Kodela prend sa retraite<\/strong>.\u00a0\u00c0 bient\u00f4t 40 ans, le pilier argentin n&rsquo;\u00e9tait pourtant par ridicule sur les terrains de <a href=\"https:\/\/www.lerugbynistere.fr\/championnats\/top-14\" ui-sref=\"app.competition({competitionId: 1})\" alt=\"Top 14\" data-route=\"app.competition\" data-param=\"competitionId\" data-id=\"1\" rel=\"nofollow noopener\" target=\"_blank\">Top 14<\/a>. Voici les d\u00e9parts \u00e0 Paris :\u00a0<\/p>\n<p><a class=\"inserer_lien_article\" href=\"https:\/\/www.lerugbynistere.fr\/news\/amateur-le-collectionneur-le-fit-boy-lepicurien-les-5-profils-de-mecs-que-tu-croises-a-la-reprise-des-entrainements-3107251630.php\" data-id=\"45710\" data-route=\"app.article\" data-param=\"articleId\" ui-sref=\"app.article({articleId: 45710})\" alt=\"AMATEUR. Le collectionneur, le fit boy, l&#039;\u00e9picurien... les 5 profils de mecs que tu croises \u00e0 la reprise des entra\u00eenements\" title=\"AMATEUR. Le collectionneur, le fit boy, l&#039;\u00e9picurien... les 5 profils de mecs que tu croises \u00e0 la reprise des entra\u00eenements\" rel=\"nofollow noopener\" target=\"_blank\"><img decoding=\"async\" src=\"https:\/\/www.europesays.com\/fr\/wp-content\/uploads\/2025\/08\/rugby-20-09-24-3443.jpg\" alt=\"AMATEUR. Le collectionneur, le fit boy, l'\u00e9picurien... les 5 profils de mecs que tu croises \u00e0 la reprise des entra\u00eenements\"\/>AMATEUR. Le collectionneur, le fit boy, l&rsquo;\u00e9picurien&#8230; les 5 profils de mecs que tu croises \u00e0 la reprise des entra\u00eenements<\/a><\/p>\n<p>Le Stade Fran\u00e7ais ne s&rsquo;est pas montr\u00e9 tr\u00e8s actif sur le march\u00e9 des <a href=\"https:\/\/www.lerugbynistere.fr\/transferts\/\" ui-sref=\"app.category(categoryId: 1})\" alt=\"Transferts\" data-route=\"app.category\" data-param=\"categoryId\" data-id=\"10\" rel=\"nofollow noopener\" target=\"_blank\">transferts<\/a> pour autant. L&rsquo;arriv\u00e9e de l&rsquo;exp\u00e9riment\u00e9 Kerr-Barlow est tout de m\u00eame \u00e0 noter. <strong>Tout comme le retour de pr\u00eat de Noah N\u00e9n\u00e9, qui pourrait\u00a0<a href=\"https:\/\/www.lerugbynistere.fr\/news\/top-14-lorre-ferte-ou-mallez-ces-5-nouvelles-pepites-qui-vont-se-reveler-cette-saison-2507251231.php\" rel=\"nofollow noopener\" target=\"_blank\">faire de tr\u00e8s belles choses dans la capitale<\/a><\/strong>. Voici les arriv\u00e9es \u00e0 Paris :<\/p>\n<p>Sur qui s&rsquo;appuyer devant ?<\/p>\n<p>Le Stade Fran\u00e7ais conserve les joueurs importants de son effectif, mais ne s&rsquo;appuie pas sur des recrues pour se relancer. <strong>Il faudra donc que Paul Gustard et son staff fassent une belle pr\u00e9paration<\/strong>, et que les joueurs se r\u00e9veillent afin de ne pas voir le club sombrer. <strong>Pa\u00efva viendra certainement pour s&rsquo;installer \u00e0 gauche de la m\u00eal\u00e9e<\/strong>, en concurrence avec Moses Alo-Emile, aussi capable de jouer \u00e0 droite. Car de l&rsquo;autre c\u00f4t\u00e9, le poste devrait \u00eatre occup\u00e9 par le fr\u00e8re de ce dernier, Paul, <a href=\"https:\/\/www.lerugbynistere.fr\/fiches-joueurs\/giacomo-nicotera.php\" ui-sref=\"app.player({playerId: 12306})\" alt=\"Giacomo Nicotera\" data-route=\"app.player\" data-param=\"playerId\" data-id=\"12306\" rel=\"nofollow noopener\" target=\"_blank\">Giacomo Nicotera<\/a> au talon, en concurrence notamment avec <a href=\"https:\/\/www.lerugbynistere.fr\/fiches-joueurs\/lucas-peyresblanques.php\" ui-sref=\"app.player({playerId: 6077})\" alt=\"Lucas Peyresblanques\" data-route=\"app.player\" data-param=\"playerId\" data-id=\"6077\" rel=\"nofollow noopener\" target=\"_blank\">Lucas Peyresblanques<\/a>.<\/p>\n<p>Une paire Garbillagues &#8211; Pesenti devrait \u00eatre align\u00e9e dans la cage, Azagoh dans la rotation et le jeune Turagacoke qui pourrait obtenir encore plus de temps de jeu. <strong>D\u00e9cevant la saison derni\u00e8re, Tanga devra r\u00e9agir au risque de peu jouer cette saison<\/strong>. La troisi\u00e8me ligne devrait donc \u00eatre compos\u00e9e d&rsquo;Halaifonua et Briatte sur les ailes, Macalou dans l&rsquo;axe. Sans v\u00e9ritable 8 install\u00e9, <strong>la recrue Mapu pourrait avoir sa carte \u00e0 jouer \u00e0 ce poste<\/strong>.<\/p>\n<p>Kerr-Barlow, le futur m\u00e9tronome parisien<\/p>\n<p>\u00c0 la charni\u00e8re, <a href=\"https:\/\/www.lerugbynistere.fr\/fiches-joueurs\/zack-henry.php\" ui-sref=\"app.player({playerId: 6624})\" alt=\"Zack Henry\" data-route=\"app.player\" data-param=\"playerId\" data-id=\"6624\" rel=\"nofollow noopener\" target=\"_blank\">Zack Henry<\/a>, install\u00e9 \u00e0 l&rsquo;ouverture, ne devrait pas quitter le poste. Associ\u00e9 \u00e0 la recrue Kerr-Barlow qui, <strong>avec son exp\u00e9rience, pourrait faire beaucoup de bien au club<\/strong> qui se cherche un ma\u00eetre \u00e0 jouer depuis quelques ann\u00e9es.\u00a0<\/p>\n<p>Les postes de centre seront certainement le plus gros chantier cette saison, car, si la paire Ward &#8211; Marchant a fait des merveilles en 2023-2024, elle n&rsquo;a pas beaucoup\u00a0perform\u00e9\u00a0la saison pass\u00e9e. <strong>Et Noah N\u00e9n\u00e9 pourrait bien\u00a0<a href=\"https:\/\/www.lerugbynistere.fr\/news\/top-14-lorre-ferte-ou-mallez-ces-5-nouvelles-pepites-qui-vont-se-reveler-cette-saison-2507251231.php\" rel=\"nofollow noopener\" target=\"_blank\">jouer les troubles f\u00eates<\/a><\/strong>, sans oublier <a href=\"https:\/\/www.lerugbynistere.fr\/fiches-joueurs\/julien-delbouis.php\" ui-sref=\"app.player({playerId: 5994})\" alt=\"Julien Delbouis\" data-route=\"app.player\" data-param=\"playerId\" data-id=\"5994\" rel=\"nofollow noopener\" target=\"_blank\">Julien Delbouis<\/a> et le nouveau venu, Tani Vili.<\/p>\n<p>Aux ailes, <a href=\"https:\/\/www.lerugbynistere.fr\/fiches-joueurs\/samual-ezeala.php\" ui-sref=\"app.player({playerId: 5763})\" alt=\"Samuel Ezeala\" data-route=\"app.player\" data-param=\"playerId\" data-id=\"5763\" rel=\"nofollow noopener\" target=\"_blank\">Samuel Ezeala<\/a> et Peniasi Dakuwaqa semblent partir avec une longueur d&rsquo;avance sur leurs adversaires. M\u00eame si <a href=\"https:\/\/www.lerugbynistere.fr\/fiches-joueurs\/lester-etien.php\" ui-sref=\"app.player({playerId: 3374})\" alt=\"Lester Etien\" data-route=\"app.player\" data-param=\"playerId\" data-id=\"3374\" rel=\"nofollow noopener\" target=\"_blank\">Lester Etien<\/a> n&rsquo;a pas dit son dernier mot, et que <strong><a href=\"https:\/\/www.lerugbynistere.fr\/fiches-joueurs\/joe-jonas.php\" ui-sref=\"app.player({playerId: 11286})\" alt=\"Joe Jonas\" data-route=\"app.player\" data-param=\"playerId\" data-id=\"11286\" rel=\"nofollow noopener\" target=\"_blank\">Joe Jonas<\/a> pourrait \u00eatre repositionn\u00e9, avec <a href=\"https:\/\/www.lerugbynistere.fr\/fiches-joueurs\/leo-barre.php\" ui-sref=\"app.player({playerId: 11411})\" alt=\"L\u00e9o Barr\u00e9\" data-route=\"app.player\" data-param=\"playerId\" data-id=\"11411\" rel=\"nofollow noopener\" target=\"_blank\">L\u00e9o Barr\u00e9<\/a> qui occupera le poste \u00e0 l&rsquo;arri\u00e8re<\/strong>.<\/p>\n<p><a class=\"inserer_lien_article\" href=\"https:\/\/www.lerugbynistere.fr\/news\/france-u18-il-est-ou-medhi-le-recit-glacant-de-la-disparition-en-mer-de-medhi-narjissi-0108251137.php\" data-id=\"45715\" data-route=\"app.article\" data-param=\"articleId\" ui-sref=\"app.article({articleId: 45715})\" alt=\"France U18. &#039;&#039;Il est o\u00f9 Medhi ?&#039;&#039; : le r\u00e9cit gla\u00e7ant de la disparition en mer de Medhi Narjissi\" title=\"France U18. &#039;&#039;Il est o\u00f9 Medhi ?&#039;&#039; : le r\u00e9cit gla\u00e7ant de la disparition en mer de Medhi Narjissi\" rel=\"nofollow noopener\" target=\"_blank\"><img decoding=\"async\" src=\"https:\/\/www.europesays.com\/fr\/wp-content\/uploads\/2025\/08\/securite-negligee-protocole-inexistant-le-rapport-explosif-sur-la-mort-de-medhi-narjissi-30-04-25-98.jpeg\" alt=\"France U18. ''Il est o\u00f9 Medhi ?'' : le r\u00e9cit gla\u00e7ant de la disparition en mer de Medhi Narjissi\"\/>France U18. \u00a0\u00bbIl est o\u00f9 Medhi ?\u00a0\u00bb : le r\u00e9cit gla\u00e7ant de la disparition en mer de Medhi Narjissi<\/a><\/p>\n<p>Stade Fran\u00e7ais 2025-2026<\/p>\n<p>1<\/p>\n<p>Pa\u00efva<\/p>\n<p>2<\/p>\n<p>Nicotera<\/p>\n<p>3<\/p>\n<p>P. Alo-Emile<\/p>\n<p>6<\/p>\n<p>Halaifonua<\/p>\n<p>8<\/p>\n<p>Macalou<\/p>\n<p>7<\/p>\n<p>Briatte<\/p>\n<p>11<\/p>\n<p>Ezeala<\/p>\n<p>12<\/p>\n<p>Ward<\/p>\n<p>13<\/p>\n<p>Marchant<\/p>\n<p>14<\/p>\n<p>Dakuwaqa<\/p>\n","protected":false},"excerpt":{"rendered":"Apr\u00e8s une saison 2024-2025 catastrophique, le Stade Fran\u00e7ais est attendu au tournant. Les changements ne seront pas nombreux&hellip;\n","protected":false},"author":2,"featured_media":289760,"comment_status":"","ping_status":"","sticky":false,"template":"","format":"standard","meta":{"footnotes":""},"categories":[1416],"tags":[1011,27,479,1468,60],"class_list":{"0":"post-289759","1":"post","2":"type-post","3":"status-publish","4":"format-standard","5":"has-post-thumbnail","7":"category-rugby","8":"tag-fr","9":"tag-france","10":"tag-rugby","11":"tag-rugby-football","12":"tag-sports"},"share_on_mastodon":{"url":"https:\/\/pubeurope.com\/@fr\/114955270581674200","error":""},"_links":{"self":[{"href":"https:\/\/www.europesays.com\/fr\/wp-json\/wp\/v2\/posts\/289759","targetHints":{"allow":["GET"]}}],"collection":[{"href":"https:\/\/www.europesays.com\/fr\/wp-json\/wp\/v2\/posts"}],"about":[{"href":"https:\/\/www.europesays.com\/fr\/wp-json\/wp\/v2\/types\/post"}],"author":[{"embeddable":true,"href":"https:\/\/www.europesays.com\/fr\/wp-json\/wp\/v2\/users\/2"}],"replies":[{"embeddable":true,"href":"https:\/\/www.europesays.com\/fr\/wp-json\/wp\/v2\/comments?post=289759"}],"version-history":[{"count":0,"href":"https:\/\/www.europesays.com\/fr\/wp-json\/wp\/v2\/posts\/289759\/revisions"}],"wp:featuredmedia":[{"embeddable":true,"href":"https:\/\/www.europesays.com\/fr\/wp-json\/wp\/v2\/media\/289760"}],"wp:attachment":[{"href":"https:\/\/www.europesays.com\/fr\/wp-json\/wp\/v2\/media?parent=289759"}],"wp:term":[{"taxonomy":"category","embeddable":true,"href":"https:\/\/www.europesays.com\/fr\/wp-json\/wp\/v2\/categories?post=289759"},{"taxonomy":"post_tag","embeddable":true,"href":"https:\/\/www.europesays.com\/fr\/wp-json\/wp\/v2\/tags?post=289759"}],"curies":[{"name":"wp","href":"https:\/\/api.w.org\/{rel}","templated":true}]}}