{"id":289763,"date":"2025-08-01T19:58:13","date_gmt":"2025-08-01T19:58:13","guid":{"rendered":"https:\/\/www.europesays.com\/fr\/289763\/"},"modified":"2025-08-01T19:58:13","modified_gmt":"2025-08-01T19:58:13","slug":"motogp-paolo-simoncelli-jorge-martin-a-perdu-mon-respect-et-il-explique-pourquoi","status":"publish","type":"post","link":"https:\/\/www.europesays.com\/fr\/289763\/","title":{"rendered":"MotoGP, Paolo Simoncelli : \u00ab\u00a0Jorge Martin a perdu mon respect\u00a0\u00bb, et il explique pourquoi"},"content":{"rendered":"<p><strong>Il est revenu, visage marqu\u00e9, regard embu\u00e9, et genou<br \/>\nencore fragile. Jorge Martin, longtemps absent des circuits MotoGP,<br \/>\na fait son grand retour lors du Grand Prix de R\u00e9publique tch\u00e8que,<br \/>\nau guidon d\u2019une Aprilia RS-GP25 m\u00e9tamorphos\u00e9e. Mais comme le montre<br \/>\nPaolo Simoncelli, derri\u00e8re l\u2019\u00e9motion de la reprise, l\u2019atmosph\u00e8re<br \/>\n\u00e9tait lourde, presque \u00e9touffante. Car cette r\u00e9apparition en piste a<br \/>\n\u00e9t\u00e9 pr\u00e9c\u00e9d\u00e9e d\u2019un feuilleton contractuel qui a secou\u00e9 le paddock \u2014<br \/>\net \u00e9gratign\u00e9 l\u2019image du pilote espagnol.<\/strong><\/p>\n<p>Quelques semaines plus t\u00f4t, <strong>Martin<\/strong> claquait la<br \/>\nporte : apr\u00e8s le <strong>Grand Prix de France<\/strong>, m\u00e9content<br \/>\nde la comp\u00e9titivit\u00e9 de l\u2019<strong>Aprilia<\/strong> et de la<br \/>\ndirection du projet, il activait une clause de sortie de contrat.<br \/>\nL\u2019objectif ? Rejoindre <strong>Honda<\/strong>, qui, contre toute<br \/>\nattente, voyait dans le pilote bless\u00e9 une pi\u00e8ce ma\u00eetresse de sa<br \/>\nreconstruction.<\/p>\n<p>Mais <strong>Aprilia<\/strong> n\u2019a pas c\u00e9d\u00e9. Argument juridique \u00e0<br \/>\nl\u2019appui, le constructeur italien a consid\u00e9r\u00e9 cette clause comme \u00ab<br \/>\ninvalide \u00bb : <strong>Jorge Martin<\/strong>, bless\u00e9 et absent la<br \/>\nmoiti\u00e9 de la saison, n\u2019aurait pas rempli les conditions sportives<br \/>\nn\u00e9cessaires \u00e0 son activation. Entre menaces de proc\u00e8s et pressions<br \/>\npolitiques dans les coulisses, l\u2019affaire a vir\u00e9 \u00e0 la bataille<br \/>\nrang\u00e9e.<\/p>\n<p>Face \u00e0 l\u2019impasse, <strong>Jorge Martin<\/strong> a d\u00fb reculer. En<br \/>\nsilence, presque contraint, il a r\u00e9int\u00e9gr\u00e9 l\u2019\u00e9quipe d\u2019un pas<br \/>\nh\u00e9sitant, acceptant de courir pour <strong>Aprilia<\/strong><br \/>\njusqu\u2019en 2026. Mais ce retour n\u2019a pas fait l\u2019unanimit\u00e9.<\/p>\n<p>Lors de la conf\u00e9rence de presse de Brno, <strong>Jorge<br \/>\nMartin<\/strong> est apparu \u00e9mu, \u00e0 la limite des larmes. Il s\u2019est<br \/>\nd\u00e9fendu, niant toute motivation financi\u00e8re : \u00ab <strong>je ne<br \/>\ncours pas pour l\u2019argent, sinon je n\u2019aurais pas fait tout<br \/>\n\u00e7a<\/strong>. \u00bb Mais certains, dans le paddock, ne lui ont pas<br \/>\npardonn\u00e9. <strong>Paolo Simoncelli<\/strong>, figure respect\u00e9e du<br \/>\nMotoGP et p\u00e8re du regrett\u00e9 <strong>Marco Simoncelli<\/strong>, n\u2019a<br \/>\npas m\u00e2ch\u00e9 ses mots.<\/p>\n<p><img loading=\"lazy\" decoding=\"async\" class=\"aligncenter size-full wp-image-1311328\" src=\"https:\/\/www.europesays.com\/fr\/wp-content\/uploads\/2025\/08\/Jorge-Martin-4-1.jpg\" alt=\"Jorge Martin Paolo Simoncelli \" width=\"599\" height=\"373\"  \/><\/p>\n<p><strong>Paolo Simoncelli\u00a0:<br \/>\n\u00ab\u00a0quand on est un homme, on tient ses engagements, dans la<br \/>\nvictoire comme dans l\u2019\u00e9chec\u00a0\u00bb<\/strong><\/p>\n<p>\u00ab Je l\u2019ai \u00e9teint. J\u2019ai arr\u00eat\u00e9 de l\u2019\u00e9couter \u00bb, a-t-il<br \/>\nd\u00e9clar\u00e9 sans d\u00e9tour sur Corriere Romagna. \u00ab <strong>Quand on<br \/>\nagit comme \u00e7a, on perd mon respect<\/strong>. \u00bb<\/p>\n<p>Et d\u2019ajouter, en forme de le\u00e7on de morale : \u00ab pourquoi aller<br \/>\nchez Honda ? Pour l\u2019argent ? Pour l\u2019image ? <strong>Les managers<br \/>\npeuvent raconter ce qu\u2019ils veulent<\/strong>. Mais quand on est un<br \/>\nhomme, on tient ses engagements, dans la victoire comme dans<br \/>\nl\u2019\u00e9chec. \u00bb<\/p>\n<p>Dans l\u2019ombre laiss\u00e9e par l\u2019absence de <a href=\"https:\/\/www.paddock-gp.com\/motogp-jorge-martin-se-souvient-de-brno-ma-frequence-cardiaque-nest-jamais-descendue-en-dessous-de-195-pendant-la-course-de-brno-cest-enorme\/\" rel=\"nofollow noopener\" target=\"_blank\"><br \/>\n<strong>Jorge Martin<\/strong><\/a>, un autre a brill\u00e9 : <a href=\"https:\/\/www.paddock-gp.com\/motogp-marco-bezzecchi-leleve-modele-de-la-vr46-academie-qui-brille-chez-aprilia-on-apprend-tous-les-jours\/\" rel=\"nofollow noopener\" target=\"_blank\"><br \/>\n<strong>Marco Bezzecchi<\/strong><\/a>. Le jeune Italien a saisi sa<br \/>\nchance avec une d\u00e9termination f\u00e9roce. Une victoire, trois podiums,<br \/>\net une maturit\u00e9 nouvelle qui impressionne jusqu\u2019\u00e0 Simoncelli<br \/>\nlui-m\u00eame :<\/p>\n<p>\u00ab L\u2019accident de Martin a \u00e9t\u00e9 un tremplin pour lui. Il a<br \/>\nboss\u00e9 dur, <strong>il est tomb\u00e9, il s\u2019est relev\u00e9, et il n\u2019a jamais<br \/>\nrenonc\u00e9<\/strong>. \u00bb<\/p>\n<p>En son absence, l\u2019<strong>Aprilia<\/strong> a \u00e9volu\u00e9 \u00e0 une<br \/>\nvitesse fulgurante, devenant la deuxi\u00e8me force du plateau. Quand<br \/>\n<strong>Jorge Martin<\/strong> retrouvera enfin sa pleine forme, il<br \/>\ndevra affronter un <strong>Bezzecchi<\/strong> transform\u00e9\u2026 et une<br \/>\n\u00e9quipe qui, entre les lignes, semble avoir chang\u00e9 de c\u0153ur.<\/p>\n<p><strong>Jorge Martin<\/strong> s\u2019alignera bien avec<br \/>\n<strong>Aprilia<\/strong> jusqu\u2019en 2026. Mais il ne s\u2019agit plus<br \/>\nseulement d\u2019un retour physique. C\u2019est un retour en qu\u00eate de pardon,<br \/>\nde rachat. \u00c0 ses d\u00e9tracteurs, il veut prouver qu\u2019il n\u2019est pas un<br \/>\nmercenaire. \u00c0 ses fans, qu\u2019il est toujours ce pilote fougueux et<br \/>\nsinc\u00e8re. Et \u00e0 <strong>Bezzecchi<\/strong>\u2026 qu\u2019il faudra encore<br \/>\ncompter sur lui.<\/p>\n<p>Mais en <a href=\"https:\/\/www.motogp.com\/en\" rel=\"nofollow noopener\" target=\"_blank\">MotoGP<\/a>, comme<br \/>\ndans la vie, les secondes chances ne sont jamais gratuites.<\/p>\n<p><img loading=\"lazy\" decoding=\"async\" class=\"aligncenter wp-image-575808\" src=\"https:\/\/www.europesays.com\/fr\/wp-content\/uploads\/2025\/08\/simoncelli-paolo.jpg\" alt=\"Paolo Simoncelli\" width=\"789\" height=\"526\"  \/><\/p>\n<p>\u00a0<\/p>\n","protected":false},"excerpt":{"rendered":"Il est revenu, visage marqu\u00e9, regard embu\u00e9, et genou encore fragile. Jorge Martin, longtemps absent des circuits MotoGP,&hellip;\n","protected":false},"author":2,"featured_media":289764,"comment_status":"","ping_status":"","sticky":false,"template":"","format":"standard","meta":{"footnotes":""},"categories":[1413],"tags":[1011,27,1457,1456,60],"class_list":{"0":"post-289763","1":"post","2":"type-post","3":"status-publish","4":"format-standard","5":"has-post-thumbnail","7":"category-moto","8":"tag-fr","9":"tag-france","10":"tag-moto","11":"tag-motocycle","12":"tag-sports"},"share_on_mastodon":{"url":"https:\/\/pubeurope.com\/@fr\/114955282570723074","error":""},"_links":{"self":[{"href":"https:\/\/www.europesays.com\/fr\/wp-json\/wp\/v2\/posts\/289763","targetHints":{"allow":["GET"]}}],"collection":[{"href":"https:\/\/www.europesays.com\/fr\/wp-json\/wp\/v2\/posts"}],"about":[{"href":"https:\/\/www.europesays.com\/fr\/wp-json\/wp\/v2\/types\/post"}],"author":[{"embeddable":true,"href":"https:\/\/www.europesays.com\/fr\/wp-json\/wp\/v2\/users\/2"}],"replies":[{"embeddable":true,"href":"https:\/\/www.europesays.com\/fr\/wp-json\/wp\/v2\/comments?post=289763"}],"version-history":[{"count":0,"href":"https:\/\/www.europesays.com\/fr\/wp-json\/wp\/v2\/posts\/289763\/revisions"}],"wp:featuredmedia":[{"embeddable":true,"href":"https:\/\/www.europesays.com\/fr\/wp-json\/wp\/v2\/media\/289764"}],"wp:attachment":[{"href":"https:\/\/www.europesays.com\/fr\/wp-json\/wp\/v2\/media?parent=289763"}],"wp:term":[{"taxonomy":"category","embeddable":true,"href":"https:\/\/www.europesays.com\/fr\/wp-json\/wp\/v2\/categories?post=289763"},{"taxonomy":"post_tag","embeddable":true,"href":"https:\/\/www.europesays.com\/fr\/wp-json\/wp\/v2\/tags?post=289763"}],"curies":[{"name":"wp","href":"https:\/\/api.w.org\/{rel}","templated":true}]}}