{"id":289765,"date":"2025-08-01T19:59:13","date_gmt":"2025-08-01T19:59:13","guid":{"rendered":"https:\/\/www.europesays.com\/fr\/289765\/"},"modified":"2025-08-01T19:59:13","modified_gmt":"2025-08-01T19:59:13","slug":"plus-de-francais-a-toronto-fils-cede-face-a-lehecka-eurosport","status":"publish","type":"post","link":"https:\/\/www.europesays.com\/fr\/289765\/","title":{"rendered":"Plus de Fran\u00e7ais \u00e0 Toronto : Fils c\u00e8de face \u00e0 Lehecka &#8211; Eurosport"},"content":{"rendered":"<ol>\n<li><a href=\"https:\/\/news.google.com\/rss\/articles\/CBMi_gFBVV95cUxOdC1pczhyS0FnRzFjV3I4Y1pOYWNacmh6OFJpbVJRc3V0Ymk2WUtBMncxVUVqekFxWXZFZlZwY3oxcmU0T1Y5c1N2cXl2S2xxaW90S3BuTEw0MkluMWhCamRCSlp5YlFSLTQzeEJhcUs0YW51UlRpaEdqSDhqQUVkcDZCMU15NmJkX2Vrd3ZCRVdXVlBoa2hhUXFaWjg3aVp6SWVfQ0RscFBQdUMtaGl0WmFTRmJPUjNEQ2NiVjNRZU1iV3VPak1BTTNMX2JMTFZfd3g1R3RVT2JudnJxdnlFMTBEMGdSZU5xNW1JQ0YzSXNjbzB4TjZVRnFDT3JhZw?oc=5\" target=\"_blank\" rel=\"nofollow noopener\">Plus de Fran\u00e7ais \u00e0 Toronto : Fils c\u00e8de face \u00e0 Lehecka<\/a>&nbsp;&nbsp;Eurosport<\/li>\n<li><a href=\"https:\/\/news.google.com\/rss\/articles\/CBMixwFBVV95cUxQSXZWLTFSdXktWUNYaEhyNkxJN0tsNmFJU1UtV3htX1MxdC02bmVqcUtCTk5mZ25TZkFNVjZPREM5SDZENEdiQ0ZJRnVSTzg0Qk1iUXNYVmhWUGpIME9NUnRmaTczSS1XaGh1MURfNjFsLVdUaWJNYkJiUWZVY2dmMnRaczlyRVpMNk5EX0NwSmRZZFJCX0xoODY0M1pGekphN3RGSDNWdGpvckU3cnd4VEpkV2dwVk1NRFgwWU5HMF9qaTBsSFFj?oc=5\" target=\"_blank\" rel=\"nofollow noopener\">Arthur Fils battu par Jiri Lehecka au troisi\u00e8me tour du Masters 1000 de Toronto<\/a>&nbsp;&nbsp;L&rsquo;\u00c9quipe<\/li>\n<li><a href=\"https:\/\/news.google.com\/rss\/articles\/CBMingFBVV95cUxQVzVCMWFMbVByYXh3eDdBckdSakhxVGF6ZU90RWFVZDZVTDlFTEZiaEZNZDA5dERzek0zWWQ5Y3hOWlBvQkhIWWtpYUZpSm1UaHhVcWZGTGxkelR6M2NOSlZPWjk4Q3JNSlJ6YThqRk5NdUNlRXJPeFViT211NW9FWnVmUWNUWHc4a0V6RnRKeENZSm92WEhLaGtjYWlVQdIBnAFBVV95cUxNalpSYUFORS1oRy1fNHM0MEVFSlB6VWw4NEc0eHYtM0hLZHZPM2ZWeWZubzNMX3c2THU1cHJNaFBtN1VYOHBKTFR2WlpBRWZmdHBkRUZxM2VoQlpXWXh5ZlVTbnk3TXFrWDFrYXFBRnAyQ013aEVybFVHeXNEdWlMLUxsRGh1Z18wR1d3YUEyN1MwbXZ0VUlUd0hFYlM?oc=5\" target=\"_blank\" rel=\"nofollow noopener\">ATP &#8211; Toronto : Fils bute sur Lehecka<\/a>&nbsp;&nbsp;Orange Actualit\u00e9s | Sports<\/li>\n<li><a href=\"https:\/\/news.google.com\/rss\/articles\/CBMi1wFBVV95cUxPbUFPYXFGNTlkZTQ3QlNzVWhkNEFCeE81bmpBRVZ1REY3ZmNOSDNXWjlMYXhUTG1xQXlQZ1VlaHM2M19MS2QtNWJxZFVHUy1RWkN0TlJBb1g0eXpUX1pyS0dIVE42S3dLU3JjLVI5ZEdNekFsR2drTm1sOWZRU0haWm9XWWZKUzBIRWE3U2gtbUh5VVBCZG81bGoxR0U2eXV2VnVnZVIzenJYOENNbXl0UGJDdm8xYTdYWlEwVlRZSFhtVTBoODdjSkNZZkZTanVCczM5QmhsZw?oc=5\" target=\"_blank\" rel=\"nofollow noopener\">Masters 1000 Toronto &#8211; Fils s&rsquo;est surpris lui-m\u00eame : \u00ab\u00a0\u00c7a ne s&rsquo;explique pas\u00a0\u00bb<\/a>&nbsp;&nbsp;Eurosport<\/li>\n<li><a href=\"https:\/\/news.google.com\/rss\/articles\/CBMiywFBVV95cUxOaE5zWk84NE42UW4zVVowVngzQjdBVHY1cnZmVkpBWnNicFplU2xOWnZMT2ZVV3E5U0VWRHdpRnBPM05jQzJSWTJTQlBia2NyRE1td3V5VWpqdHlZRGRsZ0EtbGgwZ2gwdkFnSHdLV0lCam9LR0hSb2lVQmVSLXVFVmozdnlvVE5IWnhQTERRbGhDVlJFNHZvZDJmLUR3cERtTWcxcklBOTBKSHRFZ2k0blYtNE9RN2ZWTGlIcER1VUhWSm9qYWVZcmJGVQ?oc=5\" target=\"_blank\" rel=\"nofollow noopener\">Tennis : Arthur Fils n\u2019a pas tenu la distance au troisi\u00e8me tour de Toronto face \u00e0 Jiri Lehecka<\/a>&nbsp;&nbsp;Sud Ouest<\/li>\n<\/ol>\n","protected":false},"excerpt":{"rendered":"Plus de Fran\u00e7ais \u00e0 Toronto : Fils c\u00e8de face \u00e0 Lehecka&nbsp;&nbsp;Eurosport Arthur Fils battu par Jiri Lehecka au&hellip;\n","protected":false},"author":2,"featured_media":1445,"comment_status":"","ping_status":"","sticky":false,"template":"","format":"standard","meta":{"footnotes":""},"categories":[1412],"tags":[1451,1452,1453,1454,1455,1011,27,60],"class_list":{"0":"post-289765","1":"post","2":"type-post","3":"status-publish","4":"format-standard","5":"has-post-thumbnail","7":"category-f1","8":"tag-f1","9":"tag-formula-1","10":"tag-formula1","11":"tag-formule-1","12":"tag-formule1","13":"tag-fr","14":"tag-france","15":"tag-sports"},"share_on_mastodon":{"url":"https:\/\/pubeurope.com\/@fr\/114955286229173660","error":""},"_links":{"self":[{"href":"https:\/\/www.europesays.com\/fr\/wp-json\/wp\/v2\/posts\/289765","targetHints":{"allow":["GET"]}}],"collection":[{"href":"https:\/\/www.europesays.com\/fr\/wp-json\/wp\/v2\/posts"}],"about":[{"href":"https:\/\/www.europesays.com\/fr\/wp-json\/wp\/v2\/types\/post"}],"author":[{"embeddable":true,"href":"https:\/\/www.europesays.com\/fr\/wp-json\/wp\/v2\/users\/2"}],"replies":[{"embeddable":true,"href":"https:\/\/www.europesays.com\/fr\/wp-json\/wp\/v2\/comments?post=289765"}],"version-history":[{"count":0,"href":"https:\/\/www.europesays.com\/fr\/wp-json\/wp\/v2\/posts\/289765\/revisions"}],"wp:featuredmedia":[{"embeddable":true,"href":"https:\/\/www.europesays.com\/fr\/wp-json\/wp\/v2\/media\/1445"}],"wp:attachment":[{"href":"https:\/\/www.europesays.com\/fr\/wp-json\/wp\/v2\/media?parent=289765"}],"wp:term":[{"taxonomy":"category","embeddable":true,"href":"https:\/\/www.europesays.com\/fr\/wp-json\/wp\/v2\/categories?post=289765"},{"taxonomy":"post_tag","embeddable":true,"href":"https:\/\/www.europesays.com\/fr\/wp-json\/wp\/v2\/tags?post=289765"}],"curies":[{"name":"wp","href":"https:\/\/api.w.org\/{rel}","templated":true}]}}