{"id":289776,"date":"2025-08-01T20:05:12","date_gmt":"2025-08-01T20:05:12","guid":{"rendered":"https:\/\/www.europesays.com\/fr\/289776\/"},"modified":"2025-08-01T20:05:12","modified_gmt":"2025-08-01T20:05:12","slug":"secret-story-la-voix-dezingue-les-candidats-antipathiques-et-devoile-celui-quil-a-le-plus-deteste-il-sappelait","status":"publish","type":"post","link":"https:\/\/www.europesays.com\/fr\/289776\/","title":{"rendered":"Secret Story\u00a0\u00bb : La Voix d\u00e9zingue les candidats \u00ab\u00a0antipathiques\u00a0\u00bb et d\u00e9voile celui qu&rsquo;il a le plus d\u00e9test\u00e9, \u00ab\u00a0Il s\u2019appelait\u2026"},"content":{"rendered":"<p>Il y a d\u00e9j\u00e0 dix-huit ans, <strong>Dominique Duforest acceptait une mission pas compte les autres<\/strong>, sans s&rsquo;imaginer que celle-ci allait changer sa vie : devenir <a href=\"https:\/\/www.public.fr\/secret-story-la-voix-de-retour-dominique-duforest-a-menti-a-ses-proches\" target=\"_blank\" rel=\"noopener\">l&rsquo;incontournable Voix de Secret Story<\/a>. En quatorze ans, sa Voix est devenue reconnaissable entre mille, et le producteur et com\u00e9dien est devenu <strong>le personnage embl\u00e9matique du programme<\/strong>. Interrog\u00e9 par Konbini sur les coulisses de son recrutement, le septuag\u00e9naire r\u00e9v\u00e8le avoir un temps d\u00e9clin\u00e9&#8230;<\/p>\n<p><strong>\u00ab\u00a0Quinze jours avant la premi\u00e8re \u00e9mission, ils n&rsquo;avaient pas trouv\u00e9 leur Voix\u00a0\u00bb <\/strong>r\u00e9v\u00e8le ainsi Dominique Duforest. L&rsquo;homme, qui devait partir en vacances, se voit alors proposer le job, mais refuse dans un premier temps\u2026 \u00ab\u00a0Je devais partir en vacances, donc j&rsquo;ai dit non ! Puis Nathalie Andr\u00e9 m&rsquo;a dit : Tu es fou, va au moins faire les essais. J&rsquo;ai \u00e9t\u00e9 faire les essais. J&rsquo;ai \u00e9t\u00e9 pris et je ne suis pas parti en vacances\u00a0\u00bb explique ainsi celui qui, \u00e0 l&rsquo;\u00e9poque, <strong>\u00ab\u00a0n&rsquo;imaginait pas les proportions que \u00e7a allait prendre\u00a0\u00bb<\/strong>.<\/p>\n<p>\u00ab\u00a0Quinze personne qui s&#8217;embrouillent syst\u00e9matiquement\u00a0\u00bb<\/p>\n<p>En 14 saisons, Dominique Duforest a tout vu et tout v\u00e9cu. Il a rencontr\u00e9 de nombreux candidats embl\u00e9matiques, comme <a href=\"https:\/\/www.public.fr\/romy-harcelee-dans-secret-story-amelie-neten-sen-mele-et-charge-violemment-marianne-je-peux-plus\" target=\"_blank\" rel=\"noopener\">Am\u00e9lie Neten<\/a>, qu&rsquo;il a d&rsquo;ailleurs c\u00e9l\u00e9br\u00e9e avec beaucoup d&rsquo;\u00e9motion il y a quelques semaines. <strong>Mais d&rsquo;autres candidats l&rsquo;ont marqu\u00e9 pour d&rsquo;autres raisons<\/strong>&#8230; Leur comportement dans le jeu et leur antipathie flagrante ont pu l&rsquo;agacer, et le faire sortir de ses gonds.<\/p>\n<p>\u00ab\u00a0Quand vous devez mener \u00e0 distance une quinzaine de personnes qui, <strong>syst\u00e9matiquement, s&#8217;embrouillent<\/strong>, c&rsquo;est \u00e9puisant ! D\u00e8s qu&rsquo;on faisait un jeu commun, ils s&#8217;embrouillaient. Ils s&#8217;embrouillaient pour un oui ou pour un non, <strong>mais ils s&#8217;embrouillaient ! Pour une connerie<\/strong>\u00a0\u00bb explique dans un premier temps Dominique Duforest, qui a fait face \u00e0 <a href=\"https:\/\/vsd.fr\/83711-secret-story-lun-des-plus-gros-clashs-de-lhistoire-de-la-tele-realite-eclate-le-gendarme-de-laudiovisuel-fait-rapidement-couper\/\" target=\"_blank\" rel=\"noopener\">des clashs iconiques<\/a>.<\/p>\n<p>Dominique Duforest garde un tr\u00e8s mauvais souvenir de&#8230;<\/p>\n<p>Et de poursuivre : \u00ab\u00a0Je n&rsquo;ai pas la m\u00eame sympathie pour tous les candidats, je le dis franchement. Il y a en m\u00eame certains pour qui j&rsquo;ai une certaine antipathie.<strong> Il y a eu un candidat, qui, il me semble, s&rsquo;appelait Julien. C&rsquo;\u00e9tait un casse-bonbons qui ne voulait jamais rien faire<\/strong>, qui ne voulait jamais participer \u00e0 rien\u00a0\u00bb. Mais face \u00e0 un comportement aussi aga\u00e7ant, Dominique Duforest a r\u00e9ussi \u00e0 mettre en place un chantage surprenant !<\/p>\n<p>\u00ab\u00a0J&rsquo;avais trouv\u00e9 un moyen de pression sur lui. C&rsquo;\u00e9tait de lui dire : <strong>Si tu ne fais pas tel truc, je ne te donne pas les infos du mercato<\/strong>. Et donc j&rsquo;avais un hame\u00e7on, j&rsquo;ai moulin\u00e9, moulin\u00e9, moulin\u00e9, et j&rsquo;ai fini par l&rsquo;avoir\u00a0\u00bb a ainsi expliqu\u00e9 La Voix. Mais Dominique Duforest n&rsquo;en a pas dit plus sur ce fameux Julien&#8230; <strong>Or, de nombreux Julien ont rejoint la maison des secrets<\/strong> : <a href=\"https:\/\/www.public.fr\/julien-geloen-de-secret-story-completement-defigure-a-la-suite-d-une-operation\" target=\"_blank\" rel=\"noopener\">Julien Gelo\u00ebn<\/a>, qui a remport\u00e9 la saison 10, Julien l&rsquo;escort en saison 1, <a href=\"https:\/\/www.public.fr\/diaporamas\/exclu-public-julien-sznejderman-j-ai-envie-qu-on-me-reconnaisse-comme-mannequin-et-pas-comme-julien-de-secret-story\" target=\"_blank\" rel=\"noopener\">Julien Sznejderman<\/a> en saison 6, et \u00e9videmment <a href=\"https:\/\/www.public.fr\/julien-guirado-je-gagnais-3-fois-le-salaire-dun-joueur-de-ligue-1\" target=\"_blank\" rel=\"noopener\">Julien Guirado<\/a> en saison 7.<\/p>\n<p>      Mentionn\u00e9s dans cet article<\/p>\n<p>      Sur le m\u00eame sujet<\/p>\n","protected":false},"excerpt":{"rendered":"Il y a d\u00e9j\u00e0 dix-huit ans, Dominique Duforest acceptait une mission pas compte les autres, sans s&rsquo;imaginer que&hellip;\n","protected":false},"author":2,"featured_media":289777,"comment_status":"","ping_status":"","sticky":false,"template":"","format":"standard","meta":{"footnotes":""},"categories":[1356],"tags":[42882,6468,5410,58,59,1011,27,29901,252,199,1364],"class_list":{"0":"post-289776","1":"post","2":"type-post","3":"status-publish","4":"format-standard","5":"has-post-thumbnail","7":"category-television","8":"tag-adrien-lemaitre","9":"tag-benjamin-castaldi","10":"tag-christophe-beaugrand","11":"tag-divertissement","12":"tag-entertainment","13":"tag-fr","14":"tag-france","15":"tag-secret-story","16":"tag-television","17":"tag-tf1","18":"tag-tv"},"share_on_mastodon":{"url":"https:\/\/pubeurope.com\/@fr\/114955309888701858","error":""},"_links":{"self":[{"href":"https:\/\/www.europesays.com\/fr\/wp-json\/wp\/v2\/posts\/289776","targetHints":{"allow":["GET"]}}],"collection":[{"href":"https:\/\/www.europesays.com\/fr\/wp-json\/wp\/v2\/posts"}],"about":[{"href":"https:\/\/www.europesays.com\/fr\/wp-json\/wp\/v2\/types\/post"}],"author":[{"embeddable":true,"href":"https:\/\/www.europesays.com\/fr\/wp-json\/wp\/v2\/users\/2"}],"replies":[{"embeddable":true,"href":"https:\/\/www.europesays.com\/fr\/wp-json\/wp\/v2\/comments?post=289776"}],"version-history":[{"count":0,"href":"https:\/\/www.europesays.com\/fr\/wp-json\/wp\/v2\/posts\/289776\/revisions"}],"wp:featuredmedia":[{"embeddable":true,"href":"https:\/\/www.europesays.com\/fr\/wp-json\/wp\/v2\/media\/289777"}],"wp:attachment":[{"href":"https:\/\/www.europesays.com\/fr\/wp-json\/wp\/v2\/media?parent=289776"}],"wp:term":[{"taxonomy":"category","embeddable":true,"href":"https:\/\/www.europesays.com\/fr\/wp-json\/wp\/v2\/categories?post=289776"},{"taxonomy":"post_tag","embeddable":true,"href":"https:\/\/www.europesays.com\/fr\/wp-json\/wp\/v2\/tags?post=289776"}],"curies":[{"name":"wp","href":"https:\/\/api.w.org\/{rel}","templated":true}]}}