{"id":289778,"date":"2025-08-01T20:06:13","date_gmt":"2025-08-01T20:06:13","guid":{"rendered":"https:\/\/www.europesays.com\/fr\/289778\/"},"modified":"2025-08-01T20:06:13","modified_gmt":"2025-08-01T20:06:13","slug":"kendji-girac-a-choisi-le-sud-de-la-france-pour-se-ressourcer-le-chanteur-apparait-inseparable-de-sa-fille-eva-alba-avant-un-grand-projet","status":"publish","type":"post","link":"https:\/\/www.europesays.com\/fr\/289778\/","title":{"rendered":"Kendji Girac a choisi le Sud de la France pour se ressourcer : le chanteur appara\u00eet ins\u00e9parable de sa fille Eva Alba avant un grand projet"},"content":{"rendered":"<p>            <img loading=\"lazy\" decoding=\"async\" src=\"https:\/\/www.europesays.com\/fr\/wp-content\/uploads\/2025\/04\/70-60dc2d431f18d-35x35-1.jpg\" class=\"author-article-picture\" width=\"35\" height=\"35\"\/><\/p>\n<p>                Par<br \/>\n                                    <a class=\"author-article-bio-link\" href=\"https:\/\/www.purepeople.com\/auteur\/liane-lazaar_a70\" rel=\"nofollow noopener\" target=\"_blank\">Liane Lazaar<\/a><br \/>\n                                                    | R\u00e9dactrice<\/p>\n<p>\n                Liane Lazaar est r\u00e9dactrice web rattach\u00e9e au p\u00f4le TV de Purepeople.com. Elle conna\u00eet autant le parcours de Jean-Pierre Pernaut sur TF1 que les derniers rebondissements des candidats de t\u00e9l\u00e9-r\u00e9alit\u00e9 et a un go\u00fbt prononc\u00e9 pour les histoires de coeur.\n            <\/p>\n<p>\n    Alors qu&rsquo;il pr\u00e9pare une nouvelle grande tourn\u00e9e pour ses 10 ans de carri\u00e8re, Kendji Girac a pu s&rsquo;octroyer quelques jours de vacances en famille dans le Sud de la France. Le chanteur en a particuli\u00e8rement profit\u00e9 pour passer du bon temps avec sa fille de 4 ans, Eva Alba, avec qui il a \u00e9t\u00e9 aper\u00e7u \u00e0 la plage.\n<\/p>\n<p>                            <img loading=\"lazy\" decoding=\"async\" class=\"player-thumbnail\" src=\"https:\/\/www.europesays.com\/fr\/wp-content\/uploads\/2025\/08\/de7196d2f9dc3be4-580x326-2.jpg\" width=\"580\" height=\"326\"\/><\/p>\n<p>                    Kendji Girac a choisi le Sud de la France pour se ressourcer : le chanteur appara\u00eet ins\u00e9parable de sa fille Eva Alba avant un grand projet<\/p>\n<p>La suite apr\u00e8s la publicit\u00e9<\/p>\n<p>C&rsquo;est un accident qui l&rsquo;aura \u00e0 coup s\u00fbr marqu\u00e9. Dans la nuit du 21 au 22 avril 2024, <a href=\"https:\/\/www.purepeople.com\/people\/kendji-girac_p542210\" rel=\"nofollow noopener\" target=\"_blank\">Kendji Girac<\/a> s\u2019\u00e9tait <strong>bless\u00e9 par balles<\/strong> et l&rsquo;histoire avait alors fait grand bruit dans les m\u00e9dias. <a href=\"https:\/\/www.purepeople.com\/article\/kendji-girac-et-son-geste-a-biscarosse-un-homme-a-reussi-a-faire-que-les-langues-se-delient_a540184\/1\" rel=\"nofollow noopener\" target=\"_blank\">Une enqu\u00eate avait m\u00eame \u00e9t\u00e9 ouverte<\/a> avant de finalement \u00eatre class\u00e9e sans suite. Mais aujourd&rsquo;hui, tout va beaucoup mieux pour le chanteur de 29 ans qui a su se relever de cette mauvaise passe.<\/p>\n<p>Celui qui a \u00e9t\u00e9 r\u00e9v\u00e9l\u00e9 dans The Voice en 2014 et est devenu avec le temps l&rsquo;un des artistes les plus populaires s&rsquo;est depuis recentr\u00e9 sur l&rsquo;essentiel : sa famille. C&rsquo;est justement avec <a href=\"https:\/\/www.purepeople.com\/article\/grande-premiere-pour-soraya-la-compagne-de-kendji-girac-elle-se-devoile-comme-rarement-avec-leur-fille-eva-alba-dans-rendez-vous-en-terre-inconnue_a537083\/1\" rel=\"nofollow noopener\" target=\"_blank\">sa compagne Soraya<\/a> et leurs enfants que Kendji Girac s&rsquo;est offert une parenth\u00e8se enchant\u00e9e avant de reprendre le travail. Car la rentr\u00e9e s&rsquo;annonce charg\u00e9e pour l&rsquo;artiste qui <strong>pr\u00e9pare une nouvelle tourn\u00e9e pour janvier 2026<\/strong>, \u00e0 l&rsquo;occasion de ses dix ans de carri\u00e8re. En attendant, il a mis le cap sur le Sud de la France avec ses proches, plus pr\u00e9cis\u00e9ment sur la C\u00f4te d&rsquo;Azur.<\/p>\n<p>Sur place, Kendji n&rsquo;avait alors qu&rsquo;un r\u00f4le : celui d&rsquo;\u00eatre un papa combl\u00e9. Comme on le d\u00e9couvre dans le dernier num\u00e9ro de Voici, paru le 1er ao\u00fbt 2025, <a href=\"https:\/\/www.purepeople.com\/article\/cetait-deux-jours-apres-kendji-girac-a-recu-un-appel-important-de-vianney-quelques-heures-seulement-apres-le-declenchement-de-laffaire_a531978\/1\" rel=\"nofollow noopener\" target=\"_blank\">le complice de Vianney<\/a> a notamment pass\u00e9 du temps de qualit\u00e9 avec son a\u00een\u00e9e, <strong>sa fille Eva Alba<\/strong> (4 ans). \u00ab\u00a0<strong>Il est rest\u00e9 longtemps \u00e0 la plage avec Eva Alba. Il s&rsquo;amuse beaucoup avec elle. Il en est dingue et \u00e7a lui fait beaucoup de bien<\/strong>\u00ab\u00a0, a rapport\u00e9 un proche \u00e0 nos confr\u00e8res. Et comme en attestent les photos du magazine, Kendji Girac appara\u00eet sur son petit nuage avec la fillette qu&rsquo;il a accompagn\u00e9e dans l&rsquo;eau pour jouer et \u00e0 qui il a donn\u00e9 une multitude de bisous et c\u00e2lins.<\/p>\n<p>Kendji Girac a accueilli un deuxi\u00e8me enfant et a repris go\u00fbt \u00e0 la musique<\/p>\n<p>Le musicien s&rsquo;est bien s\u00fbr aussi occup\u00e9 de <a href=\"https:\/\/www.purepeople.com\/article\/kendji-girac-papa-pour-la-2e-fois-avec-soraya-parle-de-son-fils-comme-rarement-jetais-tout-a-lheure-avec-lui-en-train-de_a540736\/1\" rel=\"nofollow noopener\" target=\"_blank\">son deuxi\u00e8me enfant<\/a>, <strong>un petit gar\u00e7on<\/strong> tout juste \u00e2g\u00e9 de 2 mois et demi. Une naissance qui lui a d&rsquo;ailleurs redonn\u00e9 go\u00fbt \u00e0 tout apr\u00e8s son \u00e9pisode douloureux. Pour Corse Matin le 23 juillet dernier, il confiait : \u00ab\u00a0Ce qui est s\u00fbr, c&rsquo;est que je vis pleinement. J&rsquo;ai maintenant un deuxi\u00e8me enfant \u00e0 la maison,<strong> <\/strong>on revit, on retrouve la sc\u00e8ne. (&#8230;) Entre deux-trois couches,<strong> je<\/strong> <strong>reprends vraiment plaisir \u00e0 composer ma musique<\/strong>\u00ab\u00a0.<\/p>\n<p>Et puis, ces vacances \u00e9taient aussi l&rsquo;occasion pour Kendji Girac de renouer avec ses amis. Avec eux, il a retrouv\u00e9 une certaine l\u00e9g\u00e8ret\u00e9 et m\u00eame une \u00e2me d&rsquo;enfant en se rendant par exemple \u00e0 <strong>Antibes Land, le parc d&rsquo;attractions du cap d&rsquo;Antibes<\/strong>. \u00ab\u00a0Il adore les sensations fortes, il a carr\u00e9ment fait l&rsquo;attraction qui s&rsquo;appelle L&rsquo;Adr\u00e9naline, une sorte de saut \u00e0 l&rsquo;\u00e9lastique depuis le haut d&rsquo;une grue\u00a0\u00bb, apprend-t-on encore dans Voici. De beaux souvenirs de cr\u00e9\u00e9s avant de repartir sur les routes !<\/p>\n<p>A noter que Kendji Girac sortira \u00e9galement un livre autobiographique le 1er octobre prochain, appel\u00e9 Mi Vida. \u00ab\u00a0J&rsquo;ai ressenti le besoin de me livrer dans ces pages pour que vous puissiez me conna\u00eetre au plus profond de moi et pour mieux me comprendre aussi\u00a0\u00bb, a-t-il d\u00e9clar\u00e9 en vid\u00e9o pour annoncer la nouvelle. Un ouvrage dans lequel il devrait aborder son enfance, ses voyages, sa musique, sa famille ou encore son rapport avec la sc\u00e8ne et la notori\u00e9t\u00e9.<\/p>\n","protected":false},"excerpt":{"rendered":"Par Liane Lazaar | R\u00e9dactrice Liane Lazaar est r\u00e9dactrice web rattach\u00e9e au p\u00f4le TV de Purepeople.com. Elle conna\u00eet&hellip;\n","protected":false},"author":2,"featured_media":289779,"comment_status":"","ping_status":"","sticky":false,"template":"","format":"standard","meta":{"footnotes":""},"categories":[1355],"tags":[58,59,1011,27,1361,873],"class_list":{"0":"post-289778","1":"post","2":"type-post","3":"status-publish","4":"format-standard","5":"has-post-thumbnail","7":"category-musique","8":"tag-divertissement","9":"tag-entertainment","10":"tag-fr","11":"tag-france","12":"tag-music","13":"tag-musique"},"share_on_mastodon":{"url":"https:\/\/pubeurope.com\/@fr\/114955313902895303","error":""},"_links":{"self":[{"href":"https:\/\/www.europesays.com\/fr\/wp-json\/wp\/v2\/posts\/289778","targetHints":{"allow":["GET"]}}],"collection":[{"href":"https:\/\/www.europesays.com\/fr\/wp-json\/wp\/v2\/posts"}],"about":[{"href":"https:\/\/www.europesays.com\/fr\/wp-json\/wp\/v2\/types\/post"}],"author":[{"embeddable":true,"href":"https:\/\/www.europesays.com\/fr\/wp-json\/wp\/v2\/users\/2"}],"replies":[{"embeddable":true,"href":"https:\/\/www.europesays.com\/fr\/wp-json\/wp\/v2\/comments?post=289778"}],"version-history":[{"count":0,"href":"https:\/\/www.europesays.com\/fr\/wp-json\/wp\/v2\/posts\/289778\/revisions"}],"wp:featuredmedia":[{"embeddable":true,"href":"https:\/\/www.europesays.com\/fr\/wp-json\/wp\/v2\/media\/289779"}],"wp:attachment":[{"href":"https:\/\/www.europesays.com\/fr\/wp-json\/wp\/v2\/media?parent=289778"}],"wp:term":[{"taxonomy":"category","embeddable":true,"href":"https:\/\/www.europesays.com\/fr\/wp-json\/wp\/v2\/categories?post=289778"},{"taxonomy":"post_tag","embeddable":true,"href":"https:\/\/www.europesays.com\/fr\/wp-json\/wp\/v2\/tags?post=289778"}],"curies":[{"name":"wp","href":"https:\/\/api.w.org\/{rel}","templated":true}]}}