{"id":289788,"date":"2025-08-01T20:11:14","date_gmt":"2025-08-01T20:11:14","guid":{"rendered":"https:\/\/www.europesays.com\/fr\/289788\/"},"modified":"2025-08-01T20:11:14","modified_gmt":"2025-08-01T20:11:14","slug":"la-france-sera-bien-lotie","status":"publish","type":"post","link":"https:\/\/www.europesays.com\/fr\/289788\/","title":{"rendered":"la France sera bien lotie !)"},"content":{"rendered":"<p><strong>Il y a quelques ann\u00e9e, un g\u00e9ologue \u00e9tasunien lan\u00e7ait un<br \/>\nprojet dont le but \u00e9tait de cartographier la Terre au cours du<br \/>\ndernier milliard d\u2019ann\u00e9es et d\u2019effectuer des projections en<br \/>\nfonction du mouvement des plaques tectoniques. Cet expert est \u00e0<br \/>\nl\u2019origine d\u2019une hypoth\u00e8se particuli\u00e8re : la Pang\u00e9e<br \/>\nultime.<\/strong><\/p>\n<p>Un nouveau supercontinent \u00e0 venir<\/p>\n<p>La plupart du temps, <a href=\"https:\/\/sciencepost.fr\/deux-trois-choses-a-savoir-pangee-cet-ancien-supercontinent\/\" target=\"_blank\" rel=\"noopener nofollow\">le supercontinent<br \/>\n\u00ab\u00a0Pang\u00e9e\u00a0\u00bb<\/a> est annonc\u00e9 comme le point de d\u00e9part des<br \/>\nactuels continents, apr\u00e8s leur s\u00e9paration et leur d\u00e9rive.<br \/>\nN\u00e9anmoins, la Pang\u00e9e est elle-m\u00eame issue d\u2019une <strong>alternance<br \/>\ncomplexe de dislocation et de recomposition<\/strong>, au gr\u00e9 des<br \/>\nmouvements des plaques tectoniques. Il n\u2019est donc pas \u00e0 exclure<br \/>\nqu\u2019un nouveau supercontinent se forme dans un futur lointain.<\/p>\n<p>G\u00e9ologue et pal\u00e9og\u00e9ographe de renom, l\u2019\u00e9tasunien Christopher<br \/>\nScotese a th\u00e9oris\u00e9 le concept de \u00ab\u00a0Pang\u00e9e ultime\u00a0\u00bb<br \/>\n(Pangea Ultima) en 1982. il s\u2019agit ici d\u2019un<br \/>\n<strong>nouveau supercontinent<\/strong> qui pourrait exister dans<br \/>\napproximativement 250 millions d\u2019ann\u00e9es (voir ci apr\u00e8s). Un<br \/>\nsc\u00e9nario tr\u00e8s pr\u00e9cis a vu le jour dans le cadre du projet PALEOMAP,<br \/>\nd\u00e9crit pr\u00e9cis\u00e9ment en 2018 <a href=\"https:\/\/www.researchgate.net\/profile\/Christopher-Scotese\/publication\/323511465_Atlas_of_Future_Plate_Tectonic_Reconstructions_Modern_World_to_Pangea_Proxima_250_Ma\/links\/5a98e4d4a6fdccecff0d4487\/Atlas-of-Future-Plate-Tectonic-Reconstructions-Modern-World-to-Pangea-Proxima-250-Ma.pdf\" target=\"_blank\" rel=\"noopener nofollow\">dans une pr\u00e9sentation<\/a> (PDF en<br \/>\nanglais \/ 35 pages).<\/p>\n<p><img loading=\"lazy\" data-lazyloaded=\"1\" decoding=\"async\" class=\"size-full wp-image-313020\" src=\"https:\/\/www.europesays.com\/fr\/wp-content\/uploads\/2025\/08\/pangee-prochaine-ultime.jpg\" alt=\"Pang\u00e9e prochaine ultime\" width=\"1185\" height=\"784\"  data-\/><br \/>\nCr\u00e9dits : Atlas of Future Plate Tectonic Reconstructions : Modern<br \/>\nWorld to Pangea Proxima (+250 Ma) \/ Christopher<br \/>\nScotese<\/p>\n<p>L\u2019oc\u00e9an Atlantique serait vou\u00e9 \u00e0 disparaitre, en raison de<br \/>\nl\u2019avanc\u00e9e de l\u2019Am\u00e9rique vers l\u2019Afrique et l\u2019Eurasie. L\u2019oc\u00e9an Indien<br \/>\ndevrait quant \u00e0 lui se transformer en une mer int\u00e9rieure. En<br \/>\nprenant en compte la position des pays actuels, <strong>la<br \/>\ng\u00e9opolitique mondiale fera l\u2019objet d\u2019un \u00e9norme<br \/>\nbouleversement<\/strong>. Par exemple, la p\u00e9ninsule cor\u00e9enne se<br \/>\nretrouvera coinc\u00e9e entre la Chine et le Japon, le Groenland sera<br \/>\ncoll\u00e9 au Canada et Cuba fusionnera avec les \u00c9tats-Unis, entre<br \/>\nautres.<\/p>\n<p>Nouvelle g\u00e9opolitique et conditions extr\u00eames<\/p>\n<p>Au sein de cette Pang\u00e9e ultime, la France \u2013 si cette derni\u00e8re<br \/>\nexiste encore d\u2019ici l\u00e0 \u2013 <strong>occupera une place strat\u00e9gique de<br \/>\npremier plan<\/strong>. Avec la disparition de la mer M\u00e9diterran\u00e9e,<br \/>\nnotre pays se rapprochera de l\u2019Afrique du Nord tout en remontant<br \/>\nvers le p\u00f4le Nord. Il y aura donc des fronti\u00e8res communes avec<br \/>\nl\u2019Espagne, l\u2019Italie, \u00e9ventuellement le Portugal mais \u00e9galement,<br \/>\navec le Maroc, l\u2019Alg\u00e9rie et peut-\u00eatre la Tunisie.<\/p>\n<p>En revanche, ce bouleversement s\u2019accompagnera d\u2019un<br \/>\n<strong>cocktail explosif de conditions climatiques<br \/>\nextr\u00eames<\/strong> et in\u00e9vitablement, d\u2019une extinction massive des<br \/>\nmammif\u00e8res. Il sera principalement question d\u2019une activit\u00e9<br \/>\nvolcanique intense, \u00e0 l\u2019origine d\u2019une <strong>augmentation massive<br \/>\ndu CO2 dans l\u2019atmosph\u00e8re<\/strong>. Ainsi, la majeure partie de la<br \/>\nPang\u00e9e ultime sera concern\u00e9e par des temp\u00e9ratures d\u00e9passant les<br \/>\n40\u00b0C, dans un contexte o\u00f9 la luminosit\u00e9 du soleil sera plus<br \/>\nimportante qu\u2019aujourd\u2019hui (+2,5%). De par sa position beaucoup plus<br \/>\nseptentrionale qu\u2019aujourd\u2019hui, la France fera tout de m\u00eame partie<br \/>\ndes rares terres \u00e9merg\u00e9es o\u00f9 la vie sera encore possible.<\/p>\n<p>Enfin, rappelons que Christopher Scotese a abandonn\u00e9 appellation<br \/>\nPang\u00e9e ultime, il y a d\u00e9j\u00e0 quelques ann\u00e9es. L\u2019expert <strong>lui a<br \/>\npr\u00e9f\u00e9r\u00e9 la notion de \u00ab\u00a0Pang\u00e9e prochaine\u00a0\u00bb<\/strong><br \/>\n(Pangea Proxima) puisqu\u2019en toute logique, le mouvement des<br \/>\nplaques technologiques se poursuivra apr\u00e8s apr\u00e8s la formation du<br \/>\nnouveau supercontinent. Ceci engendrera \u00e0 nouveau une dislocation<br \/>\nen plusieurs continents, puis une recomposition.<\/p>\n","protected":false},"excerpt":{"rendered":"Il y a quelques ann\u00e9e, un g\u00e9ologue \u00e9tasunien lan\u00e7ait un projet dont le but \u00e9tait de cartographier la&hellip;\n","protected":false},"author":2,"featured_media":289789,"comment_status":"","ping_status":"","sticky":false,"template":"","format":"standard","meta":{"footnotes":""},"categories":[7],"tags":[1011,27,43,40,41,39,42,44],"class_list":{"0":"post-289788","1":"post","2":"type-post","3":"status-publish","4":"format-standard","5":"has-post-thumbnail","7":"category-sciences-et-technologies","8":"tag-fr","9":"tag-france","10":"tag-science","11":"tag-science-and-technology","12":"tag-sciences","13":"tag-sciences-et-technologies","14":"tag-technologies","15":"tag-technology"},"share_on_mastodon":{"url":"https:\/\/pubeurope.com\/@fr\/114955333546030641","error":""},"_links":{"self":[{"href":"https:\/\/www.europesays.com\/fr\/wp-json\/wp\/v2\/posts\/289788","targetHints":{"allow":["GET"]}}],"collection":[{"href":"https:\/\/www.europesays.com\/fr\/wp-json\/wp\/v2\/posts"}],"about":[{"href":"https:\/\/www.europesays.com\/fr\/wp-json\/wp\/v2\/types\/post"}],"author":[{"embeddable":true,"href":"https:\/\/www.europesays.com\/fr\/wp-json\/wp\/v2\/users\/2"}],"replies":[{"embeddable":true,"href":"https:\/\/www.europesays.com\/fr\/wp-json\/wp\/v2\/comments?post=289788"}],"version-history":[{"count":0,"href":"https:\/\/www.europesays.com\/fr\/wp-json\/wp\/v2\/posts\/289788\/revisions"}],"wp:featuredmedia":[{"embeddable":true,"href":"https:\/\/www.europesays.com\/fr\/wp-json\/wp\/v2\/media\/289789"}],"wp:attachment":[{"href":"https:\/\/www.europesays.com\/fr\/wp-json\/wp\/v2\/media?parent=289788"}],"wp:term":[{"taxonomy":"category","embeddable":true,"href":"https:\/\/www.europesays.com\/fr\/wp-json\/wp\/v2\/categories?post=289788"},{"taxonomy":"post_tag","embeddable":true,"href":"https:\/\/www.europesays.com\/fr\/wp-json\/wp\/v2\/tags?post=289788"}],"curies":[{"name":"wp","href":"https:\/\/api.w.org\/{rel}","templated":true}]}}