{"id":289794,"date":"2025-08-01T20:14:13","date_gmt":"2025-08-01T20:14:13","guid":{"rendered":"https:\/\/www.europesays.com\/fr\/289794\/"},"modified":"2025-08-01T20:14:13","modified_gmt":"2025-08-01T20:14:13","slug":"portee-disparue-une-dame-de-91-ans-retrouvee-morte-dans-sa-residence-senior","status":"publish","type":"post","link":"https:\/\/www.europesays.com\/fr\/289794\/","title":{"rendered":"Port\u00e9e disparue, une dame de 91 ans retrouv\u00e9e morte dans sa r\u00e9sidence senior"},"content":{"rendered":"<p>La vieille dame avait \u00e9t\u00e9 vue, pour la derni\u00e8re fois, le 26 juillet, \u00e0 la r\u00e9sidence senior Les Jardins d\u2019Arcadie, o\u00f9 elle vivait depuis le d\u00e9but de l\u2019ann\u00e9e, et d\u2019o\u00f9 elle pouvait librement sortir. Ses proches avaient \u00e9t\u00e9 avertis de son absence apr\u00e8s un d\u00e9clenchement de sa montre d\u2019alerte connect\u00e9e, qui n\u2019est pas dot\u00e9e d\u2019un GPS, puis la police avait lanc\u00e9 un appel \u00e0 t\u00e9moins.<\/p>\n<p>La nonag\u00e9naire a \u00e9t\u00e9 retrouv\u00e9e par un veilleur de nuit jeudi vers 22\u00a0h\u00a040, \u00e0 l\u2019int\u00e9rieur d\u2019une r\u00e9serve, au rez-de-chauss\u00e9e de la r\u00e9sidence. Le b\u00e2timent avait pourtant \u00e9t\u00e9 fouill\u00e9 par le personnel, la famille, les enqu\u00eateurs et une \u00e9quipe cynophile. Une enqu\u00eate pour recherche des causes de la mort a \u00e9t\u00e9 ouverte et une autopsie doit \u00eatre pratiqu\u00e9e.<\/p>\n","protected":false},"excerpt":{"rendered":"La vieille dame avait \u00e9t\u00e9 vue, pour la derni\u00e8re fois, le 26 juillet, \u00e0 la r\u00e9sidence senior Les&hellip;\n","protected":false},"author":2,"featured_media":289795,"comment_status":"","ping_status":"","sticky":false,"template":"","format":"standard","meta":{"footnotes":""},"categories":[4],"tags":[11,765,118,1011,27,12,25,12361],"class_list":{"0":"post-289794","1":"post","2":"type-post","3":"status-publish","4":"format-standard","5":"has-post-thumbnail","7":"category-france","8":"tag-actualites","9":"tag-en-continu","10":"tag-faits-divers","11":"tag-fr","12":"tag-france","13":"tag-news","14":"tag-republique-francaise","15":"tag-senior"},"share_on_mastodon":{"url":"https:\/\/pubeurope.com\/@fr\/114955345192383662","error":""},"_links":{"self":[{"href":"https:\/\/www.europesays.com\/fr\/wp-json\/wp\/v2\/posts\/289794","targetHints":{"allow":["GET"]}}],"collection":[{"href":"https:\/\/www.europesays.com\/fr\/wp-json\/wp\/v2\/posts"}],"about":[{"href":"https:\/\/www.europesays.com\/fr\/wp-json\/wp\/v2\/types\/post"}],"author":[{"embeddable":true,"href":"https:\/\/www.europesays.com\/fr\/wp-json\/wp\/v2\/users\/2"}],"replies":[{"embeddable":true,"href":"https:\/\/www.europesays.com\/fr\/wp-json\/wp\/v2\/comments?post=289794"}],"version-history":[{"count":0,"href":"https:\/\/www.europesays.com\/fr\/wp-json\/wp\/v2\/posts\/289794\/revisions"}],"wp:featuredmedia":[{"embeddable":true,"href":"https:\/\/www.europesays.com\/fr\/wp-json\/wp\/v2\/media\/289795"}],"wp:attachment":[{"href":"https:\/\/www.europesays.com\/fr\/wp-json\/wp\/v2\/media?parent=289794"}],"wp:term":[{"taxonomy":"category","embeddable":true,"href":"https:\/\/www.europesays.com\/fr\/wp-json\/wp\/v2\/categories?post=289794"},{"taxonomy":"post_tag","embeddable":true,"href":"https:\/\/www.europesays.com\/fr\/wp-json\/wp\/v2\/tags?post=289794"}],"curies":[{"name":"wp","href":"https:\/\/api.w.org\/{rel}","templated":true}]}}