{"id":289798,"date":"2025-08-01T20:16:37","date_gmt":"2025-08-01T20:16:37","guid":{"rendered":"https:\/\/www.europesays.com\/fr\/289798\/"},"modified":"2025-08-01T20:16:37","modified_gmt":"2025-08-01T20:16:37","slug":"il-essaye-de-fuir-les-policiers-pieds-nus","status":"publish","type":"post","link":"https:\/\/www.europesays.com\/fr\/289798\/","title":{"rendered":"il essaye de fuir les policiers, pieds nus"},"content":{"rendered":"<p>Ce mercredi 30\u00a0juillet, le rod\u00e9o urbain aura tourn\u00e9 court, sur le boulevard Saint-Charles. Il n\u2019est pas encore 15 heures lorsque des hommes de la section d\u2019intervention de patrouille anti-d\u00e9linquance de la Police nationale en sont t\u00e9moins. Ils aper\u00e7oivent un jeune homme, sans casque, sur une moto-cross qui n\u2019h\u00e9site pas \u00e0 rouler sur les trottoirs et parties pi\u00e9tonnes.<\/p>\n<p>\u00c0 la vue des policiers, le jeune pilote choisit de s\u2019enfuir. Mais la moto d\u00e9raille et le voil\u00e0 qui part en courant et qui, dans sa fuite, perd ses chaussures\u2026<\/p>\n<p>Un mineur de 16 ans<\/p>\n<p>C\u2019est donc pieds nus qu\u2019il tentera de s\u2019\u00e9vanouir dans la nature. Les policiers parviennent \u00e0 le rattraper et constatent qu\u2019il s\u2019agit d\u2019un mineur \u00e2g\u00e9 de 16 ans. Le jeune homme finira par reconna\u00eetre les faits.<\/p>\n<p>Faute de documents attestant de la propri\u00e9t\u00e9 du deux-roues (certificat de cession, assurance), le Parquet a demand\u00e9 la destruction de la moto-cross et le mineur sera ult\u00e9rieurement convoqu\u00e9 devant la justice.<\/p>\n","protected":false},"excerpt":{"rendered":"Ce mercredi 30\u00a0juillet, le rod\u00e9o urbain aura tourn\u00e9 court, sur le boulevard Saint-Charles. Il n\u2019est pas encore 15&hellip;\n","protected":false},"author":2,"featured_media":289799,"comment_status":"","ping_status":"","sticky":false,"template":"","format":"standard","meta":{"footnotes":""},"categories":[9653],"tags":[1111,11,2430,271,272,7539,1777,674,274,10282,10283,1011,27,12,25,4001],"class_list":{"0":"post-289798","1":"post","2":"type-post","3":"status-publish","4":"format-standard","5":"has-post-thumbnail","7":"category-saint-etienne","8":"tag-actu","9":"tag-actualites","10":"tag-auvergne-rhone-alpes","11":"tag-crime","12":"tag-delit-et-contravention","13":"tag-edition-loire-sud","14":"tag-eu","15":"tag-europe","16":"tag-faits-divers-justice","17":"tag-firminy","18":"tag-firminy-ville","19":"tag-fr","20":"tag-france","21":"tag-news","22":"tag-republique-francaise","23":"tag-saint-etienne"},"share_on_mastodon":{"url":"https:\/\/pubeurope.com\/@fr\/114955352995596349","error":""},"_links":{"self":[{"href":"https:\/\/www.europesays.com\/fr\/wp-json\/wp\/v2\/posts\/289798","targetHints":{"allow":["GET"]}}],"collection":[{"href":"https:\/\/www.europesays.com\/fr\/wp-json\/wp\/v2\/posts"}],"about":[{"href":"https:\/\/www.europesays.com\/fr\/wp-json\/wp\/v2\/types\/post"}],"author":[{"embeddable":true,"href":"https:\/\/www.europesays.com\/fr\/wp-json\/wp\/v2\/users\/2"}],"replies":[{"embeddable":true,"href":"https:\/\/www.europesays.com\/fr\/wp-json\/wp\/v2\/comments?post=289798"}],"version-history":[{"count":0,"href":"https:\/\/www.europesays.com\/fr\/wp-json\/wp\/v2\/posts\/289798\/revisions"}],"wp:featuredmedia":[{"embeddable":true,"href":"https:\/\/www.europesays.com\/fr\/wp-json\/wp\/v2\/media\/289799"}],"wp:attachment":[{"href":"https:\/\/www.europesays.com\/fr\/wp-json\/wp\/v2\/media?parent=289798"}],"wp:term":[{"taxonomy":"category","embeddable":true,"href":"https:\/\/www.europesays.com\/fr\/wp-json\/wp\/v2\/categories?post=289798"},{"taxonomy":"post_tag","embeddable":true,"href":"https:\/\/www.europesays.com\/fr\/wp-json\/wp\/v2\/tags?post=289798"}],"curies":[{"name":"wp","href":"https:\/\/api.w.org\/{rel}","templated":true}]}}