{"id":28980,"date":"2025-04-16T10:03:14","date_gmt":"2025-04-16T10:03:14","guid":{"rendered":"https:\/\/www.europesays.com\/fr\/28980\/"},"modified":"2025-04-16T10:03:14","modified_gmt":"2025-04-16T10:03:14","slug":"un-profil-caucasien-du-cassoulet-a-la-place-du-couscous-le-ministere-de-lagriculture-ne-veut-pas-trop-de-diversite-pour-promouvoir-le-bio-liberation","status":"publish","type":"post","link":"https:\/\/www.europesays.com\/fr\/28980\/","title":{"rendered":"Un profil \u00abcaucasien\u00bb, du cassoulet \u00e0 la place du couscous\u2026 Le minist\u00e8re de l\u2019Agriculture ne veut pas trop de diversit\u00e9 pour promouvoir le bio \u2013 Lib\u00e9ration"},"content":{"rendered":"<p class=\"sc-cPiKLX AiZTS text-element\">\u00abPendant un d\u00e9jeuner familial anim\u00e9. Deux adolescents, leurs parents et leurs grands-parents se r\u00e9galent d\u2019un couscous royal [\u2026], et d\u2019autres petits plats, certains fran\u00e7ais, d\u2019autres maghr\u00e9bins. Les doigts pointent dans tous les sens : pour d\u00e9signer une merguez ou une cuisse de poulet, tel ou tel plat, et enfin, la t\u00eate de quelqu\u2019un : il a un peu de sauce sur la joue.\u00bb Ces derni\u00e8res semaines, les diff\u00e9rents acteurs de la bio (f\u00e9d\u00e9rations, distributeurs, etc.), pilot\u00e9s par <a href=\"https:\/\/www.liberation.fr\/environnement\/agriculture\/agriculture-le-senat-demantele-lagence-bio-20250120_O22W6SBRRVDE5IVMR52J62YSAQ\/\" target=\"_blank\" rel=\"noopener\">l\u2019Agence bio<\/a> \u2013 sous la tutelle du minist\u00e8re de l\u2019Agriculture \u2013 se sont \u00e9vertu\u00e9s \u00e0 se mettre d\u2019accord pour concevoir \u00abC\u2019est bio la France\u00bb, la future campagne t\u00e9l\u00e9vis\u00e9e dont la sortie est pr\u00e9vue pour le 22 mai. Une alliance peu habituelle autour d\u2019une id\u00e9e, mise en images par l\u2019agence de publicit\u00e9 The Good Company : un film publicitaire vantant une France diverse et m\u00e9tiss\u00e9e, qui se rassemble autour de produits app\u00e9tissants et sans pesticides de synth\u00e8se.<\/p>\n<p class=\"sc-cPiKLX AiZTS text-element\">Mais le cabinet de <a href=\"https:\/\/www.liberation.fr\/societe\/au-ministere-de-lagriculture-la-filloniste-annie-genevard-herite-de-dossiers-ultrasensibles-20240921_U7HSK245HJBDDEB5URQXB22KFM\/\" target=\"_blank\" rel=\"noopener\">la tr\u00e8s droiti\u00e8re<\/a> ministre de l\u2019Agriculture, Annie Genevard, est venu casser l\u2019ambiance avec des demandes de modifications, transmises \u00e0 l\u2019Agence bio, que cette derni\u00e8re a ensuite r\u00e9percut\u00e9es<\/p>\n","protected":false},"excerpt":{"rendered":"\u00abPendant un d\u00e9jeuner familial anim\u00e9. Deux adolescents, leurs parents et leurs grands-parents se r\u00e9galent d\u2019un couscous royal [\u2026],&hellip;\n","protected":false},"author":2,"featured_media":28981,"comment_status":"","ping_status":"","sticky":false,"template":"","format":"standard","meta":{"footnotes":""},"categories":[2],"tags":[11,10161,1011,27,12,10162,25],"class_list":{"0":"post-28980","1":"post","2":"type-post","3":"status-publish","4":"format-standard","5":"has-post-thumbnail","7":"category-actualites","8":"tag-actualites","9":"tag-agriculture-biologique","10":"tag-fr","11":"tag-france","12":"tag-news","13":"tag-racisme","14":"tag-republique-francaise"},"share_on_mastodon":{"url":"https:\/\/pubeurope.com\/@fr\/114347075457508389","error":""},"_links":{"self":[{"href":"https:\/\/www.europesays.com\/fr\/wp-json\/wp\/v2\/posts\/28980","targetHints":{"allow":["GET"]}}],"collection":[{"href":"https:\/\/www.europesays.com\/fr\/wp-json\/wp\/v2\/posts"}],"about":[{"href":"https:\/\/www.europesays.com\/fr\/wp-json\/wp\/v2\/types\/post"}],"author":[{"embeddable":true,"href":"https:\/\/www.europesays.com\/fr\/wp-json\/wp\/v2\/users\/2"}],"replies":[{"embeddable":true,"href":"https:\/\/www.europesays.com\/fr\/wp-json\/wp\/v2\/comments?post=28980"}],"version-history":[{"count":0,"href":"https:\/\/www.europesays.com\/fr\/wp-json\/wp\/v2\/posts\/28980\/revisions"}],"wp:featuredmedia":[{"embeddable":true,"href":"https:\/\/www.europesays.com\/fr\/wp-json\/wp\/v2\/media\/28981"}],"wp:attachment":[{"href":"https:\/\/www.europesays.com\/fr\/wp-json\/wp\/v2\/media?parent=28980"}],"wp:term":[{"taxonomy":"category","embeddable":true,"href":"https:\/\/www.europesays.com\/fr\/wp-json\/wp\/v2\/categories?post=28980"},{"taxonomy":"post_tag","embeddable":true,"href":"https:\/\/www.europesays.com\/fr\/wp-json\/wp\/v2\/tags?post=28980"}],"curies":[{"name":"wp","href":"https:\/\/api.w.org\/{rel}","templated":true}]}}