{"id":289810,"date":"2025-08-01T20:23:09","date_gmt":"2025-08-01T20:23:09","guid":{"rendered":"https:\/\/www.europesays.com\/fr\/289810\/"},"modified":"2025-08-01T20:23:09","modified_gmt":"2025-08-01T20:23:09","slug":"une-star-de-lelectro-attendue-pour-une-soiree-a-villeneuve-les-maguelone","status":"publish","type":"post","link":"https:\/\/www.europesays.com\/fr\/289810\/","title":{"rendered":"une star de l\u2019\u00e9lectro attendue pour une soir\u00e9e \u00e0 Villeneuve-l\u00e8s-Maguelone"},"content":{"rendered":"<p>            Par<br \/>\n        <strong><br \/>\n            <a href=\"https:\/\/actu.fr\/auteur\/metropoop\" title=\"Consulter tous les articles de R\u00e9daction M\u00e9tropolitain\" target=\"_blank\" rel=\"noopener\">R\u00e9daction M\u00e9tropolitain<\/a><br \/>\n        <\/strong><\/p>\n<p>        Publi\u00e9 le<\/p>\n<p>            1 ao\u00fbt 2025 \u00e0 21h28        <\/p>\n<p><strong>Ce dimanche 3 ao\u00fbt 2025<\/strong>, la plage priv\u00e9e du Carr\u00e9 Mer, \u00e0 Villeneuve-l\u00e8s-Maguelone, vibrera au rythme d\u2019un artiste pas comme les autres. Petit Biscuit, DJ et producteur de musique \u00e9lectronique, viendra y poser ses platines <strong>de 19h \u00e0 minuit<\/strong>. L\u2019\u00e9v\u00e9nement, port\u00e9 par My Life is a Week-end, promet une soir\u00e9e \u00e0 ciel ouvert, entre \u00e9lectro, coucher de soleil et pieds dans le sable.<\/p>\n<p>    <a href=\"https:\/\/www.google.com\/maps\/embed?pb=!1m18!1m12!1m3!1d2893.327380597518!2d3.9025939764554933!3d43.51636537110896!2m3!1f0!2f0!3f0!3m2!1i1024!2i768!4f13.1!3m3!1m2!1s0x12b6b101a3ced233%3A0x836cc444a1abf08e!2sPlage%20Restaurant%20Carr%C3%A9%20Mer!5e0!3m2!1sen!2sfr!4v1753718760639!5m2!1sen!2sfr\" title=\"Ouvrie le lien\" target=\"_blank\" rel=\"noopener\">Cliquez ici pour visualiser le contenu<\/a><\/p>\n<p class=\" wall-content\">Petit Biscuit, de son vrai nom Mehdi Benjelloun, n\u2019a que 25 ans. Pourtant, son nom figure d\u00e9j\u00e0 parmi les plus connus de la sc\u00e8ne \u00e9lectro fran\u00e7aise. N\u00e9 \u00e0 Rouen en 1999, il s\u2019impose tr\u00e8s t\u00f4t comme un talent singulier. \u00c0 16 ans, il compose seul Sunset Lover, devenu un ph\u00e9nom\u00e8ne mondial. En quelques mois, le titre franchit la barre des 100 millions d\u2019\u00e9coutes. Aujourd\u2019hui, il cumule plusieurs centaines de millions de streams sur les plateformes.<\/p>\n<p class=\" wall-content\"><a href=\"https:\/\/www.instagram.com\/p\/DMh2EDEoAmr\/embed\" title=\"Ouvrir le lien sur Instagram\" target=\"_blank\" rel=\"noopener\">Visualiser le contenu sur Instagram<\/a><\/p>\n<p>Une exp\u00e9rience live multisensorielle<\/p>\n<p class=\" wall-content\">Sur sc\u00e8ne, Petit Biscuit ne se contente pas de mixer. Il joue, litt\u00e9ralement. Guitare, clavier, contr\u00f4leurs MIDI : il transforme ses concerts en performances. Loin des sets fig\u00e9s, ses lives \u00e9voluent au fil des ambiances. Son style, souvent qualifi\u00e9 de chillwave ou d\u2019\u00e9lectro-pop, s\u00e9duit un public vari\u00e9. Il rassemble les amateurs d\u2019\u00e9lectro, les curieux de nouveaut\u00e9s et ceux en qu\u00eate de sensations plus douces. Une recette qui l\u2019a emmen\u00e9 sur les plus grandes sc\u00e8nes internationales, des \u00c9tats-Unis au Japon en passant par l\u2019Australie.<\/p>\n<p><strong>&gt;<\/strong> Les billets sont disponibles \u00e0 partir de<strong> 30\u202feuros<\/strong>, \u00e0 r\u00e9server directement en ligne <a href=\"https:\/\/xceed.me\/en\/palavas-les-flots\/event\/petit-biscuit-indigo-soul-plage-carre-mer-villeneuve-les-maguelone--193576\/channel--pampa-sauvage\" target=\"_blank\" rel=\"noopener\">en cliquant ici<\/a>Vid\u00e9os : en ce moment sur Actu<\/p>\n<p class=\" wall-content\">Suivez toute l\u2019actualit\u00e9 de vos villes et m\u00e9dias favoris en vous inscrivant \u00e0 <a href=\"https:\/\/moncompte.actu.fr\" title=\"D\u00e9couvez Mon Actu\" rel=\"nofollow noopener\" data-trk=\"{&quot;cta&quot;:{&quot;action&quot;:&quot;https:\\\/\\\/moncompte.actu.fr&quot;,&quot;category&quot;:&quot;mon compte&quot;,&quot;from&quot;:&quot;article footer&quot;,&quot;name&quot;:&quot;Mon actu&quot;,&quot;type&quot;:&quot;cta&quot;}}\" target=\"_blank\">Mon Actu<\/a>.<\/p>\n<p>                    <script async src=\"\/\/www.instagram.com\/embed.js\"><\/script><\/p>\n","protected":false},"excerpt":{"rendered":"Par R\u00e9daction M\u00e9tropolitain Publi\u00e9 le 1 ao\u00fbt 2025 \u00e0 21h28 Ce dimanche 3 ao\u00fbt 2025, la plage priv\u00e9e&hellip;\n","protected":false},"author":2,"featured_media":289811,"comment_status":"","ping_status":"","sticky":false,"template":"","format":"standard","meta":{"footnotes":""},"categories":[9599],"tags":[1111,11,1697,1777,674,1011,27,1652,2208,873,12,2680,8302,25],"class_list":{"0":"post-289810","1":"post","2":"type-post","3":"status-publish","4":"format-standard","5":"has-post-thumbnail","7":"category-montpellier","8":"tag-actu","9":"tag-actualites","10":"tag-concert","11":"tag-eu","12":"tag-europe","13":"tag-fr","14":"tag-france","15":"tag-loisirs-culture","16":"tag-montpellier","17":"tag-musique","18":"tag-news","19":"tag-occitanie","20":"tag-plages","21":"tag-republique-francaise"},"share_on_mastodon":{"url":"https:\/\/pubeurope.com\/@fr\/114955380551972196","error":""},"_links":{"self":[{"href":"https:\/\/www.europesays.com\/fr\/wp-json\/wp\/v2\/posts\/289810","targetHints":{"allow":["GET"]}}],"collection":[{"href":"https:\/\/www.europesays.com\/fr\/wp-json\/wp\/v2\/posts"}],"about":[{"href":"https:\/\/www.europesays.com\/fr\/wp-json\/wp\/v2\/types\/post"}],"author":[{"embeddable":true,"href":"https:\/\/www.europesays.com\/fr\/wp-json\/wp\/v2\/users\/2"}],"replies":[{"embeddable":true,"href":"https:\/\/www.europesays.com\/fr\/wp-json\/wp\/v2\/comments?post=289810"}],"version-history":[{"count":0,"href":"https:\/\/www.europesays.com\/fr\/wp-json\/wp\/v2\/posts\/289810\/revisions"}],"wp:featuredmedia":[{"embeddable":true,"href":"https:\/\/www.europesays.com\/fr\/wp-json\/wp\/v2\/media\/289811"}],"wp:attachment":[{"href":"https:\/\/www.europesays.com\/fr\/wp-json\/wp\/v2\/media?parent=289810"}],"wp:term":[{"taxonomy":"category","embeddable":true,"href":"https:\/\/www.europesays.com\/fr\/wp-json\/wp\/v2\/categories?post=289810"},{"taxonomy":"post_tag","embeddable":true,"href":"https:\/\/www.europesays.com\/fr\/wp-json\/wp\/v2\/tags?post=289810"}],"curies":[{"name":"wp","href":"https:\/\/api.w.org\/{rel}","templated":true}]}}