{"id":289812,"date":"2025-08-01T20:24:20","date_gmt":"2025-08-01T20:24:20","guid":{"rendered":"https:\/\/www.europesays.com\/fr\/289812\/"},"modified":"2025-08-01T20:24:20","modified_gmt":"2025-08-01T20:24:20","slug":"info-rtl-atsem-accusee-de-viols-sur-des-enfants-la-suspecte-avait-travaille-pendant-10-ans-dans-des-ecoles-maternelles-de-montpellier","status":"publish","type":"post","link":"https:\/\/www.europesays.com\/fr\/289812\/","title":{"rendered":"INFO RTL &#8211; ATSEM accus\u00e9e de viols sur des enfants : la suspecte avait travaill\u00e9 pendant 10 ans dans des \u00e9coles maternelles de Montpellier"},"content":{"rendered":"<p class=\"article-p mdl\">Nouvelles r\u00e9v\u00e9lations dans l&rsquo;affaire de l&rsquo;assistante maternelle accus\u00e9e d&rsquo;agressions sexuelles et de viols dans une \u00e9cole de Vic-la-Gardiole (H\u00e9rault). La suspecte travaillait depuis dix mois au sein de cette \u00e9cole et, selon les informations de RTL, elle avait aussi travaill\u00e9 pendant dix ans dans des \u00e9coles maternelles \u00e0 Montpellier.<\/p>\n<p class=\"article-p mdl\">La mairie de Montpellier a confirm\u00e9 \u00e0 RTL ce vendredi 1er ao\u00fbt qu&rsquo;elle avait employ\u00e9 pendant dix ans cette Atsem, entre 2014 et 2024. \u00c0 ce stade, aucun signalement n&rsquo;a \u00e9t\u00e9 retrouv\u00e9 sur cette p\u00e9riode, mais les services municipaux recherchent les \u00e9coles o\u00f9 elle a travaill\u00e9 et refont son CV, notamment pour pr\u00e9venir les directrices o\u00f9 la suspecte serait pass\u00e9e.<\/p>\n<p class=\"article-p mdl\">La quinquag\u00e9naire est ensuite arriv\u00e9e \u00e0 l&rsquo;\u00e9cole de\u00a0Vic-la-Gardiole au mois d&rsquo;octobre 2024. C&rsquo;est dans cet \u00e9tablissement qu&rsquo;elle est suspect\u00e9e de viols et d&rsquo;agressions sexuelles sur des petits gar\u00e7ons et petites filles, comme l&rsquo;indique le procureur.\u00a0<\/p>\n<p class=\"article-p mdl\">Dans cette petite commune m\u00e9diterran\u00e9enne de 3.500 habitants, la nouvelle secoue \u00e9norm\u00e9ment. La mairie n&rsquo;a pas souhait\u00e9 r\u00e9pondre aux questions de RTL et les habitants pr\u00e9f\u00e8rent rester prudents. \u00ab\u00a0Je pr\u00e9f\u00e8re ne pas me prononcer, c&rsquo;est trop sensible. Par respect pour les gens qui sont affect\u00e9s par tout \u00e7a\u00a0\u00bb, confie un riverain. \u00ab\u00a0On ne s&rsquo;attend pas \u00e0 des choses comme \u00e7a dans un petit village pareil\u00a0\u00bb.<\/p>\n<p class=\"article-p mdl\">Jeudi 31 juillet, l&rsquo;association France Victimes recevait \u00e0 la mairie des parents. Elle a r\u00e9pondu \u00e0 leurs questions et expliqu\u00e9 comment aborder ce sujet tr\u00e8s sensibles avec les enfants.\u00a0<\/p>\n<p>    La r\u00e9daction vous recommande<\/p>\n<p class=\"s-newsletter__title\">\n                L\u2019actualit\u00e9 par la r\u00e9daction de RTL dans votre bo\u00eete mail.\n            <\/p>\n<p class=\"s-newsletter__subtitle\">\n                Gr\u00e2ce \u00e0 votre compte RTL abonnez-vous \u00e0 la newsletter RTL info pour suivre toute l&rsquo;actualit\u00e9 au quotidien\n            <\/p>\n<p>\n                                    Lire la suite\n                                <\/p>\n","protected":false},"excerpt":{"rendered":"Nouvelles r\u00e9v\u00e9lations dans l&rsquo;affaire de l&rsquo;assistante maternelle accus\u00e9e d&rsquo;agressions sexuelles et de viols dans une \u00e9cole de Vic-la-Gardiole&hellip;\n","protected":false},"author":2,"featured_media":289813,"comment_status":"","ping_status":"","sticky":false,"template":"","format":"standard","meta":{"footnotes":""},"categories":[9599],"tags":[1111,11,8556,898,1122,1777,674,107,1011,27,7089,11534,2208,12,2680,1974,25,1265],"class_list":{"0":"post-289812","1":"post","2":"type-post","3":"status-publish","4":"format-standard","5":"has-post-thumbnail","7":"category-montpellier","8":"tag-actu","9":"tag-actualites","10":"tag-agression-antisemite","11":"tag-alerte","12":"tag-ecole","13":"tag-eu","14":"tag-europe","15":"tag-fil-info","16":"tag-fr","17":"tag-france","18":"tag-herault","19":"tag-info-rtl","20":"tag-montpellier","21":"tag-news","22":"tag-occitanie","23":"tag-pedocriminalite","24":"tag-republique-francaise","25":"tag-viol"},"share_on_mastodon":{"url":"https:\/\/pubeurope.com\/@fr\/114955384428738699","error":""},"_links":{"self":[{"href":"https:\/\/www.europesays.com\/fr\/wp-json\/wp\/v2\/posts\/289812","targetHints":{"allow":["GET"]}}],"collection":[{"href":"https:\/\/www.europesays.com\/fr\/wp-json\/wp\/v2\/posts"}],"about":[{"href":"https:\/\/www.europesays.com\/fr\/wp-json\/wp\/v2\/types\/post"}],"author":[{"embeddable":true,"href":"https:\/\/www.europesays.com\/fr\/wp-json\/wp\/v2\/users\/2"}],"replies":[{"embeddable":true,"href":"https:\/\/www.europesays.com\/fr\/wp-json\/wp\/v2\/comments?post=289812"}],"version-history":[{"count":0,"href":"https:\/\/www.europesays.com\/fr\/wp-json\/wp\/v2\/posts\/289812\/revisions"}],"wp:featuredmedia":[{"embeddable":true,"href":"https:\/\/www.europesays.com\/fr\/wp-json\/wp\/v2\/media\/289813"}],"wp:attachment":[{"href":"https:\/\/www.europesays.com\/fr\/wp-json\/wp\/v2\/media?parent=289812"}],"wp:term":[{"taxonomy":"category","embeddable":true,"href":"https:\/\/www.europesays.com\/fr\/wp-json\/wp\/v2\/categories?post=289812"},{"taxonomy":"post_tag","embeddable":true,"href":"https:\/\/www.europesays.com\/fr\/wp-json\/wp\/v2\/tags?post=289812"}],"curies":[{"name":"wp","href":"https:\/\/api.w.org\/{rel}","templated":true}]}}