{"id":289814,"date":"2025-08-01T20:26:08","date_gmt":"2025-08-01T20:26:08","guid":{"rendered":"https:\/\/www.europesays.com\/fr\/289814\/"},"modified":"2025-08-01T20:26:08","modified_gmt":"2025-08-01T20:26:08","slug":"rouen-seduit-toujours-plus-de-touristes","status":"publish","type":"post","link":"https:\/\/www.europesays.com\/fr\/289814\/","title":{"rendered":"Rouen s\u00e9duit toujours plus de touristes"},"content":{"rendered":"<p>\u00ab\u00a02024 a tenu toutes ses promesses\u00a0\u00bb, se f\u00e9licitent Christine de Cintr\u00e9, pr\u00e9sidente de Rouen Tourisme et Nicolas Mayer-Rossignol, maire de Rouen et pr\u00e9sident de la M\u00e9tropole Rouen Normandie. Le\u00a0bilan 2024 est marqu\u00e9 par une hausse de fr\u00e9quentation. La m\u00e9tropole a\u00a0enregistr\u00e9 8,91 millions de nuit\u00e9es touristiques, soit 200 000 de plus qu&rsquo;en 2023. Les visiteurs \u00e9trangers repr\u00e9sentent 31 % des nuit\u00e9es, en progression de 7 %. Rouen attire de plus en plus d\u2019internationaux, notamment des Am\u00e9ricains et des Allemands selon les chiffres de l&rsquo;office de tourisme.<\/p>\n<p>Les F\u00eates de Jeanne d&rsquo;Arc attire <br \/>de plus en plus de visiteurs<\/p>\n<p>Les \u00e9v\u00e9nements culturels ont fortement contribu\u00e9 \u00e0 ce succ\u00e8s. Les F\u00eates Jeanne d\u2019Arc ont r\u00e9uni 204 000 personnes, avec une augmentation de 26 % de visiteurs \u00e9trangers. La For\u00eat Monumentale, avec ses installations artistiques en pleine nature, a attir\u00e9 plus de 132 000 curieux.\u00a0<\/p>\n<p>Parmi les sites les plus visit\u00e9s, le Mus\u00e9e des Beaux-arts de Rouen se place en t\u00eate (134 654 visiteurs), suivi des Mus\u00e9es Beauvoisine (81 057 visiteurs). La troisi\u00e8me place revient \u00e0 l&rsquo;abbaye Saint-Georges de Boscherville (39 112 visiteurs). Le classement est compl\u00e9t\u00e9 par le Centre d&rsquo;art contemporain Daniel-Havis \u00e0 Saint-Pierre-de-Varengeville, le Ch\u00e2teau du Taillis et la Corderie Vallois. <\/p>\n<p>L\u2019ann\u00e9e 2025 s\u2019annonce tout aussi riche avec plusieurs temps forts attendus. Les F\u00eates Jeanne d\u2019Arc et M\u00e9di\u00e9vales de Rouen reviendront, tout comme la deuxi\u00e8me \u00e9dition de \u00ab\u00a0Rouen \u00e0 Table !\u00a0\u00bb, qui avait s\u00e9duit de nombreux gourmets. La ville accueillera \u00e9galement une \u00e9tape du Tour de France, un \u00e9v\u00e9nement qui promet une large couverture m\u00e9diatique et une affluence record.\u00a0Rouen confirme son statut de destination incontournable en Normandie.\u00a0<\/p>\n","protected":false},"excerpt":{"rendered":"\u00ab\u00a02024 a tenu toutes ses promesses\u00a0\u00bb, se f\u00e9licitent Christine de Cintr\u00e9, pr\u00e9sidente de Rouen Tourisme et Nicolas Mayer-Rossignol,&hellip;\n","protected":false},"author":2,"featured_media":289815,"comment_status":"","ping_status":"","sticky":false,"template":"","format":"standard","meta":{"footnotes":""},"categories":[9587],"tags":[1111,11,1777,674,1011,27,12,5161,25,9590],"class_list":{"0":"post-289814","1":"post","2":"type-post","3":"status-publish","4":"format-standard","5":"has-post-thumbnail","7":"category-rouen","8":"tag-actu","9":"tag-actualites","10":"tag-eu","11":"tag-europe","12":"tag-fr","13":"tag-france","14":"tag-news","15":"tag-normandie","16":"tag-republique-francaise","17":"tag-rouen"},"share_on_mastodon":{"url":"https:\/\/pubeurope.com\/@fr\/114955392629507706","error":""},"_links":{"self":[{"href":"https:\/\/www.europesays.com\/fr\/wp-json\/wp\/v2\/posts\/289814","targetHints":{"allow":["GET"]}}],"collection":[{"href":"https:\/\/www.europesays.com\/fr\/wp-json\/wp\/v2\/posts"}],"about":[{"href":"https:\/\/www.europesays.com\/fr\/wp-json\/wp\/v2\/types\/post"}],"author":[{"embeddable":true,"href":"https:\/\/www.europesays.com\/fr\/wp-json\/wp\/v2\/users\/2"}],"replies":[{"embeddable":true,"href":"https:\/\/www.europesays.com\/fr\/wp-json\/wp\/v2\/comments?post=289814"}],"version-history":[{"count":0,"href":"https:\/\/www.europesays.com\/fr\/wp-json\/wp\/v2\/posts\/289814\/revisions"}],"wp:featuredmedia":[{"embeddable":true,"href":"https:\/\/www.europesays.com\/fr\/wp-json\/wp\/v2\/media\/289815"}],"wp:attachment":[{"href":"https:\/\/www.europesays.com\/fr\/wp-json\/wp\/v2\/media?parent=289814"}],"wp:term":[{"taxonomy":"category","embeddable":true,"href":"https:\/\/www.europesays.com\/fr\/wp-json\/wp\/v2\/categories?post=289814"},{"taxonomy":"post_tag","embeddable":true,"href":"https:\/\/www.europesays.com\/fr\/wp-json\/wp\/v2\/tags?post=289814"}],"curies":[{"name":"wp","href":"https:\/\/api.w.org\/{rel}","templated":true}]}}