{"id":289816,"date":"2025-08-01T20:27:29","date_gmt":"2025-08-01T20:27:29","guid":{"rendered":"https:\/\/www.europesays.com\/fr\/289816\/"},"modified":"2025-08-01T20:27:29","modified_gmt":"2025-08-01T20:27:29","slug":"feno-festival-de-lexcellence-normande-le-grand-quevilly-2025-date-horaires-exposants","status":"publish","type":"post","link":"https:\/\/www.europesays.com\/fr\/289816\/","title":{"rendered":"FENO : Festival de l&rsquo;excellence Normande Le Grand-Quevilly 2025 : date, horaires, exposants"},"content":{"rendered":"<p class=\"fw-bold font-size-16 my-1\"> Du 17\/10\/2025 au 19\/10\/2025<\/p>\n<p class=\"fw-bold font-size-16 my-1\"> 46 avenue des Canadiens | <a href=\"https:\/\/www.jds.fr\/rouen\/le-grand-quevilly-31127_V\" rel=\"nofollow noopener\" target=\"_blank\">Le Grand-Quevilly<\/a><\/p>\n<p class=\"fw-bold font-size-16 my-1\"> NC <\/p>\n<p>Pr\u00e8s de 400 exposants vous attendent pour vous faire vivre une exp\u00e9rience unique, au c\u0153ur des talents et des fiert\u00e9s normandes.<\/p>\n<p>Venez explorer toutes les richesses de notre r\u00e9gion, r\u00e9galez vos papilles de produits locaux, \u00e9merveillez-vous devant des spectacles sensationnels\u00a0! Gastronomie, artisanat, culture, innovation, transports, recherche, bien-\u00eatre\u2026 Ce sont au total 21 domaines d\u2019excellence qui sont repr\u00e9sent\u00e9s.<\/p>\n<p>Trois jours de d\u00e9monstrations, d\u2019animations, de rencontres, de d\u00e9gustations, de ventes directes et de spectacles.<\/p>\n<p>Autour de 7 espaces th\u00e9matiques en 2025\u00a0:<\/p>\n<ul>\n<li><strong>\u00c0 toutes jambes\u00a0:<\/strong> mobilit\u00e9 et industrie du futur, a\u00e9ronautique, \u00e9nergies, maritime, logistique, transports, automobile, sports, recherche, enseignement sup\u00e9rieur, tourisme, attractivit\u00e9, sant\u00e9\u00a0;<\/li>\n<li><strong>C\u0153urs battants\u00a0:<\/strong> culture et loisirs, spectacle vivant, patrimoine, \u00e9dition, musique, impressionnisme, cirque\u00a0;<\/li>\n<li><strong>Deux mains\u00a0:<\/strong> m\u00e9tiers d\u2019art, cosm\u00e9tique, mode, travail des mati\u00e8res (verre, m\u00e9tal, lin, pierre, bois\u2026), bien-\u00eatre, mode\u00a0;<\/li>\n<li><strong>L\u2019eau \u00e0 la bouche\u00a0:<\/strong> toute la gastronomie et l\u2019agroalimentaire normands sur un plateau. Produits du terroir (fruits de mer, produits laitiers, confiseries, boissons\u2026), grands chefs, restauration, bars, brasseries\u00a0;<\/li>\n<li>Une ferme grandeur nature avec toutes les races normandes, de la basse-cour \u00e0 la vache\u00a0;<\/li>\n<li><strong>F\u00eano p\u00e9pites\u00a0:<\/strong> des p\u00e9pites normandes dans la mode, l\u2019artisanat, la d\u00e9coration\u00a0;<\/li>\n<li><strong>F\u00eano boutique\u00a0:<\/strong> des produits 100% normands gr\u00e2ce \u00e0 des partenariats avec des entreprises normandes.<\/li>\n<\/ul>\n<p>Salon gratuit.<\/p>\n<p class=\"text-italic font-size-12\">Cet \u00e9v\u00e9nement a \u00e9t\u00e9 renseign\u00e9 par un organisme institutionnel (Office de tourisme Rouen tourisme). Date de derni\u00e8re mise \u00e0 jour le 01\/08\/2025.<\/p>\n<p>            Renseignements<\/p>\n<p><strong class=\"font-size-18\">O\u00f9\u00a0:<\/strong><br \/> 46 avenue des Canadiens<a class=\"mt-1 d-block ps-4\" href=\"https:\/\/www.jds.fr\/rouen\/le-grand-quevilly-31127_V\" rel=\"nofollow noopener\" target=\"_blank\"> 76120 Le Grand-Quevilly<\/a><\/p>\n<p>Dates et horaires\u00a0: <\/p>\n<ul class=\"liste-dates \" id=\"liste-dates-688c2073c7eae\">\n<li>du Vendredi 17 Octobre 2025 au Samedi 18 Octobre 2025 de 10h \u00e0 22h<\/li>\n<li>Dimanche 19 Octobre 2025 de 10h \u00e0 19h<\/li>\n<\/ul>\n<p>Tarifs\u00a0:  <\/p>\n<p>Dans la m\u00eame rubrique<\/p>\n<ul class=\"mt-3 list-unstyled list-articles-v2\">\n<li class=\"col-12 pt-4\" data-view-id-type=\"1\" data-view-id=\"982342\" data-view-bc=\"0\"><a class=\"d-block titre text-black mb-1 mb-md-2\" href=\"https:\/\/www.jds.fr\/rouen\/foires-et-salons\/marches\/marche-d-auffay-982342_A\" rel=\"nofollow noopener\" target=\"_blank\">March\u00e9 d&rsquo;Auffay<\/a>Du 01\/08\/2025 au 25\/12\/2026 Val-de-ScieLe march\u00e9 d&rsquo;Auffay  s&rsquo;installe chaque vendredi matin dans le centre-ville o\u00f9 commerces et marchands s&rsquo;allient pour vous proposer toute une gamme de produits frais. Id\u00e9al pour [\u2026]<a class=\"image\" href=\"https:\/\/www.jds.fr\/rouen\/foires-et-salons\/marches\/marche-d-auffay-982342_A\" rel=\"nofollow noopener\" target=\"_blank\"><img decoding=\"async\" loading=\"lazy\" src=\"https:\/\/www.europesays.com\/fr\/wp-content\/uploads\/2025\/06\/braderie-16470-180-180.webp.webp\" width=\"180\" height=\"180\" alt=\"March\u00e9 d'Auffay\" class=\"border\"\/><\/a><\/li>\n<li class=\"col-12 pt-4\" data-view-id-type=\"1\" data-view-id=\"1106877\" data-view-bc=\"0\"><a class=\"d-block titre text-black mb-1 mb-md-2\" href=\"https:\/\/www.jds.fr\/rouen\/foires-et-salons\/marches\/les-vendredis-au-taillis-1106877_A\" rel=\"nofollow noopener\" target=\"_blank\">Les vendredis au Taillis<\/a>Du 01\/08\/2025 au 15\/08\/2025 Duclair<br \/>\nVous avez rendez-vous au Ch\u00e2teau pour une superbe soir\u00e9e estivale. Chaque vendredi soir, un nouveau groupe de musique viendra animer votre soir\u00e9e.<br \/>\nUn march\u00e9 de cr\u00e9ateurs et [\u2026]<a class=\"image\" href=\"https:\/\/www.jds.fr\/rouen\/foires-et-salons\/marches\/les-vendredis-au-taillis-1106877_A\" rel=\"nofollow noopener\" target=\"_blank\"><img decoding=\"async\" loading=\"lazy\" src=\"https:\/\/www.europesays.com\/fr\/wp-content\/uploads\/2025\/06\/braderie-16470-180-180.webp.webp\" width=\"180\" height=\"180\" alt=\"Les vendredis au Taillis\" class=\"border\"\/><\/a><\/li>\n<li class=\"li_gp_div\">\n<\/li>\n<li class=\"col-12 pt-4\" data-view-id-type=\"1\" data-view-id=\"995074\" data-view-bc=\"0\"><a class=\"d-block titre text-black mb-1 mb-md-2\" href=\"https:\/\/www.jds.fr\/rouen\/foires-et-salons\/marches\/fete-saint-laurent-995074_A\" rel=\"nofollow noopener\" target=\"_blank\">F\u00eate Saint-Laurent<\/a>Du 02\/08\/2025 au 03\/08\/2025 Saint-Ouen-du-BreuilLa F\u00eate \u00e0 St Laurent du Breuil est de retour pour sa nouvelle \u00e9dition\u00a0! Avec la pr\u00e9sence de la f\u00eate foraine sur les deux jours&#8230;\n<p>Au programme\u00a0:<\/p>\n<p>    Le samedi 2 [\u2026]<a class=\"image\" href=\"https:\/\/www.jds.fr\/rouen\/foires-et-salons\/marches\/fete-saint-laurent-995074_A\" rel=\"nofollow noopener\" target=\"_blank\"><img decoding=\"async\" loading=\"lazy\" src=\"https:\/\/www.europesays.com\/fr\/wp-content\/uploads\/2025\/06\/braderie-16470-180-180.webp.webp\" width=\"180\" height=\"180\" alt=\"F\u00eate Saint-Laurent\" class=\"border\"\/><\/a><\/li>\n<li class=\"col-12 pt-4\" data-view-id-type=\"1\" data-view-id=\"915463\" data-view-bc=\"0\"><a class=\"image\" href=\"https:\/\/www.jds.fr\/rouen\/foires-et-salons\/marches\/marche-hebdomadaire-915463_A\" rel=\"nofollow noopener\" target=\"_blank\"><img decoding=\"async\" loading=\"lazy\" src=\"https:\/\/www.europesays.com\/fr\/wp-content\/uploads\/2025\/06\/braderie-16470-180-180.webp.webp\" width=\"180\" height=\"180\" alt=\"March\u00e9 hebdomadaire\" class=\"border\"\/><\/a><\/li>\n<li class=\"col-12 pt-4\" data-view-id-type=\"1\" data-view-id=\"982338\" data-view-bc=\"0\"><a class=\"d-block titre text-black mb-1 mb-md-2\" href=\"https:\/\/www.jds.fr\/rouen\/foires-et-salons\/marches\/marche-de-totes-982338_A\" rel=\"nofollow noopener\" target=\"_blank\">March\u00e9 de T\u00f4tes<\/a>Du 06\/08\/2025 au 30\/12\/2026 T\u00f4tes<br \/>\nChaque mercredi matin de 8 h \u00e0 13 h, les marchands s&rsquo;installent sur la place pour le march\u00e9 hebdomadaire..  Vous y trouverez tout ce dont vous avez besoin\u00a0: fruits et [\u2026]<a class=\"image\" href=\"https:\/\/www.jds.fr\/rouen\/foires-et-salons\/marches\/marche-de-totes-982338_A\" rel=\"nofollow noopener\" target=\"_blank\"><img decoding=\"async\" loading=\"lazy\" src=\"https:\/\/www.europesays.com\/fr\/wp-content\/uploads\/2025\/06\/braderie-16470-180-180.webp.webp\" width=\"180\" height=\"180\" alt=\"March\u00e9 de T\u00f4tes\" class=\"border\"\/><\/a><\/li>\n<li class=\"li_gp_div li_gp_div_infeed\"\/>\n<li class=\"col-12 pt-4\" data-view-id-type=\"1\" data-view-id=\"982441\" data-view-bc=\"0\"><a class=\"d-block titre text-black mb-1 mb-md-2\" href=\"https:\/\/www.jds.fr\/rouen\/foires-et-salons\/marches\/marche-de-bracquetuit-982441_A\" rel=\"nofollow noopener\" target=\"_blank\">March\u00e9 de Bracquetuit<\/a>Du 07\/08\/2025 au 31\/12\/2026 BracquetuitAfin de dynamiser le milieu rural et favoriser les circuits courts, la commune de Bracquetuit met en place un march\u00e9 semi-nocturne tous les jeudis de 16h \u00e0 19h sur le parking de [\u2026]<a class=\"image\" href=\"https:\/\/www.jds.fr\/rouen\/foires-et-salons\/marches\/marche-de-bracquetuit-982441_A\" rel=\"nofollow noopener\" target=\"_blank\"><img decoding=\"async\" loading=\"lazy\" src=\"https:\/\/www.europesays.com\/fr\/wp-content\/uploads\/2025\/06\/braderie-16470-180-180.webp.webp\" width=\"180\" height=\"180\" alt=\"March\u00e9 de Bracquetuit\" class=\"border\"\/><\/a><\/li>\n<li class=\"col-12 pt-4\" data-view-id-type=\"1\" data-view-id=\"1085773\" data-view-bc=\"0\"><a class=\"image\" href=\"https:\/\/www.jds.fr\/rouen\/foires-et-salons\/marches\/conference-les-vikings-entre-la-seine-et-l-andelle-et-leur-trace-archeologique-et-linguistique-1085773_A\" rel=\"nofollow noopener\" target=\"_blank\"><img decoding=\"async\" loading=\"lazy\" src=\"https:\/\/www.europesays.com\/fr\/wp-content\/uploads\/2025\/06\/braderie-16470-180-180.webp.webp\" width=\"180\" height=\"180\" alt=\"Conf\u00e9rence Les Vikings entre la Seine et l'Andelle\u00a0et leur trace arch\u00e9ologique et linguistique\" class=\"border\"\/><\/a><\/li>\n<li class=\"col-12 pt-4\" data-view-id-type=\"1\" data-view-id=\"1085863\" data-view-bc=\"0\"><a class=\"image\" href=\"https:\/\/www.jds.fr\/rouen\/foires-et-salons\/marches\/conference-l-heritage-maritime-des-vikings-en-normandie-1085863_A\" rel=\"nofollow noopener\" target=\"_blank\"><img decoding=\"async\" loading=\"lazy\" src=\"https:\/\/www.europesays.com\/fr\/wp-content\/uploads\/2025\/06\/braderie-16470-180-180.webp.webp\" width=\"180\" height=\"180\" alt=\"Conf\u00e9rence L'H\u00e9ritage maritime des Vikings en Normandie\" class=\"border\"\/><\/a><\/li>\n<li class=\"col-12 pt-4\" data-view-id-type=\"1\" data-view-id=\"1085857\" data-view-bc=\"0\"><a class=\"image\" href=\"https:\/\/www.jds.fr\/rouen\/foires-et-salons\/marches\/marche-nocturne-des-producteurs-et-des-artisans-les-estivales-a-gremonville-1085857_A\" rel=\"nofollow noopener\" target=\"_blank\"><img decoding=\"async\" loading=\"lazy\" src=\"https:\/\/www.europesays.com\/fr\/wp-content\/uploads\/2025\/06\/braderie-16470-180-180.webp.webp\" width=\"180\" height=\"180\" alt=\"March\u00e9 nocturne des producteurs et des artisans les Estivales \u00e0 Gr\u00e9monville\" class=\"border\"\/><\/a><\/li>\n<li class=\"li_gp_div li_gp_div_infeed\"\/>\n<li class=\"col-12 pt-4\" data-view-id-type=\"1\" data-view-id=\"939373\" data-view-bc=\"0\"><a class=\"d-block titre text-black mb-1 mb-md-2\" href=\"https:\/\/www.jds.fr\/rouen\/foires-et-salons\/marches\/marche-nocturne-939373_A\" rel=\"nofollow noopener\" target=\"_blank\">March\u00e9 Nocturne<\/a>Le 29\/08\/2025 Montville<br \/>\nEnvie d&rsquo;activit\u00e9s insolites\u00a0?<br \/>\nMontville organise cette ann\u00e9e 2 march\u00e9s nocturnes les vendredis 4 juillet et 29 ao\u00fbt sur le parking Jean-Loup Chr\u00e9tien de 18h30 \u00e0 23 [\u2026]<a class=\"image\" href=\"https:\/\/www.jds.fr\/rouen\/foires-et-salons\/marches\/marche-nocturne-939373_A\" rel=\"nofollow noopener\" target=\"_blank\"><img decoding=\"async\" loading=\"lazy\" src=\"https:\/\/www.europesays.com\/fr\/wp-content\/uploads\/2025\/06\/braderie-16470-180-180.webp.webp\" width=\"180\" height=\"180\" alt=\"March\u00e9 Nocturne\" class=\"border\"\/><\/a><\/li>\n<li class=\"col-12 pt-4\" data-view-id-type=\"1\" data-view-id=\"915094\" data-view-bc=\"0\"><a class=\"d-block titre text-black mb-1 mb-md-2\" href=\"https:\/\/www.jds.fr\/rouen\/foires-et-salons\/marches\/marche-saint-marc-le-gout-du-panier-915094_A\" rel=\"nofollow noopener\" target=\"_blank\">March\u00e9 Saint-Marc, le go\u00fbt du panier<\/a>Le 30\/08\/2025 RouenOn vous emm\u00e8ne au march\u00e9 avec un passionn\u00e9 de gastronomie normande qui vous guide et vous conseille parmi les \u00e9tals. Produits locaux et saveurs gourmandes sont au [\u2026]<a class=\"image\" href=\"https:\/\/www.jds.fr\/rouen\/foires-et-salons\/marches\/marche-saint-marc-le-gout-du-panier-915094_A\" rel=\"nofollow noopener\" target=\"_blank\"><img decoding=\"async\" loading=\"lazy\" src=\"https:\/\/www.europesays.com\/fr\/wp-content\/uploads\/2025\/06\/braderie-16470-180-180.webp.webp\" width=\"180\" height=\"180\" alt=\"March\u00e9 Saint-Marc, le go\u00fbt du panier\" class=\"border\"\/><\/a><\/li>\n<li class=\"col-12 pt-4\" data-view-id-type=\"1\" data-view-id=\"815445\" data-view-bc=\"0\"><a class=\"d-block titre text-black mb-1 mb-md-2\" href=\"https:\/\/www.jds.fr\/rouen\/foires-et-salons\/marches\/foire-de-la-rosiere-815445_A\" rel=\"nofollow noopener\" target=\"_blank\">Foire de la Rosi\u00e8re<\/a>Le 31\/08\/2025 Beaubec-la-Rosi\u00e8reConcours \u00e9questre, foire \u00e0 tout, stands de f\u00eates foraines, exposition de peintures<a class=\"image\" href=\"https:\/\/www.jds.fr\/rouen\/foires-et-salons\/marches\/foire-de-la-rosiere-815445_A\" rel=\"nofollow noopener\" target=\"_blank\"><img decoding=\"async\" loading=\"lazy\" src=\"https:\/\/www.europesays.com\/fr\/wp-content\/uploads\/2025\/06\/braderie-16470-180-180.webp.webp\" width=\"180\" height=\"180\" alt=\"Foire de la Rosi\u00e8re\" class=\"border\"\/><\/a><\/li>\n<li class=\"col-12 pt-4\" data-view-id-type=\"1\" data-view-id=\"915676\" data-view-bc=\"0\"><a class=\"d-block titre text-black mb-1 mb-md-2\" href=\"https:\/\/www.jds.fr\/rouen\/foires-et-salons\/marches\/salon-auto-moto-retro-915676_A\" rel=\"nofollow noopener\" target=\"_blank\">Salon Auto Moto Retro<\/a>Du 13\/09\/2025 au 14\/09\/2025 Le Grand-QuevillyL&rsquo;\u00e9dition du salon Auto Moto est un \u00e9v\u00e9nement incontournable \u00e0 Rouen avec une formule qui correspond aux attentes du march\u00e9 et du public.\n<p>Vous aimez les deux roues, les motos [\u2026]<a class=\"image\" href=\"https:\/\/www.jds.fr\/rouen\/foires-et-salons\/marches\/salon-auto-moto-retro-915676_A\" rel=\"nofollow noopener\" target=\"_blank\"><img decoding=\"async\" loading=\"lazy\" src=\"https:\/\/www.europesays.com\/fr\/wp-content\/uploads\/2025\/06\/braderie-16470-180-180.webp.webp\" width=\"180\" height=\"180\" alt=\"Salon Auto Moto Retro\" class=\"border\"\/><\/a><\/li>\n<li class=\"li_gp_div li_gp_div_infeed\"\/>\n<li class=\"col-12 pt-4\" data-view-id-type=\"1\" data-view-id=\"836499\" data-view-bc=\"0\"><a class=\"d-block titre text-black mb-1 mb-md-2\" href=\"https:\/\/www.jds.fr\/rouen\/foires-et-salons\/marches\/salon-creativa-836499_A\" rel=\"nofollow noopener\" target=\"_blank\">Salon Creativa<\/a>Du 25\/09\/2025 au 28\/09\/2025 Le Grand-QuevillyScrapbooking, couture, broderie, perles, patchwork, outillage, cuisine cr\u00e9ative, tricot, crochet, mercerie, relooking de meubles\u2026 Toutes les th\u00e9matiques des loisirs cr\u00e9atifs [\u2026]<a class=\"image\" href=\"https:\/\/www.jds.fr\/rouen\/foires-et-salons\/marches\/salon-creativa-836499_A\" rel=\"nofollow noopener\" target=\"_blank\"><img decoding=\"async\" loading=\"lazy\" src=\"https:\/\/www.europesays.com\/fr\/wp-content\/uploads\/2025\/06\/braderie-16470-180-180.webp.webp\" width=\"180\" height=\"180\" alt=\"Salon Creativa\" class=\"border\"\/><\/a><\/li>\n<li class=\"col-12 pt-4\" data-view-id-type=\"1\" data-view-id=\"1112971\" data-view-bc=\"0\"><a class=\"d-block titre text-black mb-1 mb-md-2\" href=\"https:\/\/www.jds.fr\/rouen\/foires-et-salons\/marches\/habitat-deco-1112971_A\" rel=\"nofollow noopener\" target=\"_blank\">Habitat d\u00e9co<\/a>Du 03\/10\/2025 au 05\/10\/2025 Le Grand-Quevilly<br \/>\nSur Habitat d\u00e9co, vous trouverez de nouvelles id\u00e9es, de nouvelles inspirations et toutes les derni\u00e8res tendances de d\u00e9coration et d\u2019am\u00e9nagement pour votre chez-vous\u00a0! [\u2026]<a class=\"image\" href=\"https:\/\/www.jds.fr\/rouen\/foires-et-salons\/marches\/habitat-deco-1112971_A\" rel=\"nofollow noopener\" target=\"_blank\"><img decoding=\"async\" loading=\"lazy\" src=\"https:\/\/www.europesays.com\/fr\/wp-content\/uploads\/2025\/06\/braderie-16470-180-180.webp.webp\" width=\"180\" height=\"180\" alt=\"Habitat d\u00e9co\" class=\"border\"\/><\/a><\/li>\n<li class=\"col-12 pt-4\" data-view-id-type=\"1\" data-view-id=\"1113005\" data-view-bc=\"0\"><a class=\"d-block titre text-black mb-1 mb-md-2\" href=\"https:\/\/www.jds.fr\/rouen\/foires-et-salons\/marches\/master-du-camping-car-1113005_A\" rel=\"nofollow noopener\" target=\"_blank\">Master du Camping-Car<\/a>Du 09\/10\/2025 au 13\/10\/2025 Le Grand-Quevilly<br \/>\nPour cette 15\u00e8me \u00e9dition du Master Camping-Car, plus de 200 camping-cars, fourgons am\u00e9nag\u00e9s et vans seront expos\u00e9s du 9 au 13 octobre 2025 au Parc Expo de Rouen\u00a0!<\/p>\n<p>Du [\u2026]<a class=\"image\" href=\"https:\/\/www.jds.fr\/rouen\/foires-et-salons\/marches\/master-du-camping-car-1113005_A\" rel=\"nofollow noopener\" target=\"_blank\"><img decoding=\"async\" loading=\"lazy\" src=\"https:\/\/www.europesays.com\/fr\/wp-content\/uploads\/2025\/06\/braderie-16470-180-180.webp.webp\" width=\"180\" height=\"180\" alt=\"Master du Camping-Car\" class=\"border\"\/><\/a><\/li>\n<li class=\"col-12 pt-4\" data-view-id-type=\"1\" data-view-id=\"1112998\" data-view-bc=\"0\"><a class=\"d-block titre text-black mb-1 mb-md-2\" href=\"https:\/\/www.jds.fr\/rouen\/foires-et-salons\/marches\/salon-moto-rouen-1112998_A\" rel=\"nofollow noopener\" target=\"_blank\">Salon Moto Rouen<\/a>Du 24\/10\/2025 au 26\/10\/2025 Le Grand-QuevillyLe Salon Moto de Rouen revient au Parc des Expositions avec une toute nouvelle formule d\u00e9di\u00e9e \u00e0 la passion du deux-roues, m\u00ealant style, performance et esprit motard. Entre [\u2026]<a class=\"image\" href=\"https:\/\/www.jds.fr\/rouen\/foires-et-salons\/marches\/salon-moto-rouen-1112998_A\" rel=\"nofollow noopener\" target=\"_blank\"><img decoding=\"async\" loading=\"lazy\" src=\"https:\/\/www.europesays.com\/fr\/wp-content\/uploads\/2025\/06\/braderie-16470-180-180.webp.webp\" width=\"180\" height=\"180\" alt=\"Salon Moto Rouen\" class=\"border\"\/><\/a><\/li>\n<li class=\"li_gp_div li_gp_div_infeed\"\/>\n<li class=\"col-12 pt-4\" data-view-id-type=\"1\" data-view-id=\"839727\" data-view-bc=\"0\"><a class=\"d-block titre text-black mb-1 mb-md-2\" href=\"https:\/\/www.jds.fr\/rouen\/foires-et-salons\/marches\/chibi-rouen-hanami-839727_A\" rel=\"nofollow noopener\" target=\"_blank\">Chibi Rouen Hanami<\/a>Du 29\/10\/2025 au 30\/10\/2025 Le Grand-QuevillyLa Chibi Rouen, c\u2019est le rendez-vous incontournable des fans de pop culture japonaise et geek (manga, cosplay, jeu-vid\u00e9o).<br \/>\nAu programme\u00a0: <\/p>\n<p>    ateliers,<br \/>\n    concerts,<br \/>\n [\u2026]<a class=\"image\" href=\"https:\/\/www.jds.fr\/rouen\/foires-et-salons\/marches\/chibi-rouen-hanami-839727_A\" rel=\"nofollow noopener\" target=\"_blank\"><img decoding=\"async\" loading=\"lazy\" src=\"https:\/\/www.europesays.com\/fr\/wp-content\/uploads\/2025\/06\/braderie-16470-180-180.webp.webp\" width=\"180\" height=\"180\" alt=\"Chibi Rouen Hanami\" class=\"border\"\/><\/a><\/li>\n<\/ul>\n<p class=\"font-size-30 fw-bold lh-1 mt-0 mb-4\">Je trouve les meilleures sorties dans ma ville<\/p>\n<p class=\"mt-0 mb-3 h2\">Newsletter JDS Rouen<\/p>\n<p class=\"font-size-18 fw-normal lh-sm\">Pr\u00eat pour un week-end de folie\u00a0? Chaque jeudi tous les bons plans sorties<\/p>\n","protected":false},"excerpt":{"rendered":"Du 17\/10\/2025 au 19\/10\/2025 46 avenue des Canadiens | Le Grand-Quevilly NC Pr\u00e8s de 400 exposants vous attendent&hellip;\n","protected":false},"author":2,"featured_media":40537,"comment_status":"","ping_status":"","sticky":false,"template":"","format":"standard","meta":{"footnotes":""},"categories":[9587],"tags":[1111,11,1777,674,1011,27,12,5161,25,9590],"class_list":{"0":"post-289816","1":"post","2":"type-post","3":"status-publish","4":"format-standard","5":"has-post-thumbnail","7":"category-rouen","8":"tag-actu","9":"tag-actualites","10":"tag-eu","11":"tag-europe","12":"tag-fr","13":"tag-france","14":"tag-news","15":"tag-normandie","16":"tag-republique-francaise","17":"tag-rouen"},"share_on_mastodon":{"url":"https:\/\/pubeurope.com\/@fr\/114955396928539985","error":""},"_links":{"self":[{"href":"https:\/\/www.europesays.com\/fr\/wp-json\/wp\/v2\/posts\/289816","targetHints":{"allow":["GET"]}}],"collection":[{"href":"https:\/\/www.europesays.com\/fr\/wp-json\/wp\/v2\/posts"}],"about":[{"href":"https:\/\/www.europesays.com\/fr\/wp-json\/wp\/v2\/types\/post"}],"author":[{"embeddable":true,"href":"https:\/\/www.europesays.com\/fr\/wp-json\/wp\/v2\/users\/2"}],"replies":[{"embeddable":true,"href":"https:\/\/www.europesays.com\/fr\/wp-json\/wp\/v2\/comments?post=289816"}],"version-history":[{"count":0,"href":"https:\/\/www.europesays.com\/fr\/wp-json\/wp\/v2\/posts\/289816\/revisions"}],"wp:featuredmedia":[{"embeddable":true,"href":"https:\/\/www.europesays.com\/fr\/wp-json\/wp\/v2\/media\/40537"}],"wp:attachment":[{"href":"https:\/\/www.europesays.com\/fr\/wp-json\/wp\/v2\/media?parent=289816"}],"wp:term":[{"taxonomy":"category","embeddable":true,"href":"https:\/\/www.europesays.com\/fr\/wp-json\/wp\/v2\/categories?post=289816"},{"taxonomy":"post_tag","embeddable":true,"href":"https:\/\/www.europesays.com\/fr\/wp-json\/wp\/v2\/tags?post=289816"}],"curies":[{"name":"wp","href":"https:\/\/api.w.org\/{rel}","templated":true}]}}