{"id":289823,"date":"2025-08-01T20:32:45","date_gmt":"2025-08-01T20:32:45","guid":{"rendered":"https:\/\/www.europesays.com\/fr\/289823\/"},"modified":"2025-08-01T20:32:45","modified_gmt":"2025-08-01T20:32:45","slug":"un-periple-a-velo-de-80-km-entre-nature-et-villes","status":"publish","type":"post","link":"https:\/\/www.europesays.com\/fr\/289823\/","title":{"rendered":"un p\u00e9riple \u00e0 v\u00e9lo de 80 km entre nature et villes"},"content":{"rendered":"<p><strong>Aller en Allemagne \u00e0 v\u00e9lo, rien de plus banal quand on est Strasbourgeois(e). Mais parce qu\u2019il y a quand m\u00eame plus funky dans la vie que Kehl, on a d\u00e9cid\u00e9 d\u2019aller beaucoup plus loin et de rejoindre la tr\u00e8s chouette ville de Fribourg-en-Brisgau, en For\u00eat-Noire. Et hop, c\u2019est parti pour 80 bornes !<\/strong><\/p>\n<p>Heure de d\u00e9part initialement pr\u00e9vue : 7h30. <strong>Heure de d\u00e9part effective : 8h pile.<\/strong> Vu l\u2019horaire matinal, c\u2019est presque d\u2019une ponctualit\u00e9 exemplaire. Le temps est assez gris\u00e2tre, mais au moins il ne pleut pas. <\/p>\n<p><strong>Premi\u00e8re \u00e9tape : rejoindre le canal du Rh\u00f4ne au Rhin.<\/strong> De l\u00e0, c\u2019est parti pour 30 km le long de l\u2019eau. Impossible de se perdre sur ce tron\u00e7on : c\u2019est toujours tout droit et tout plat, parfait pour les cyclistes du dimanche. Et pour celles et ceux qui ont plus de bouteille,<strong> c\u2019est l\u2019occasion d\u2019aller chercher quelques pointes de vitesse<\/strong>.<\/p>\n<p>    <img width=\"800\" height=\"600\" src=\"https:\/\/www.europesays.com\/fr\/wp-content\/uploads\/2025\/07\/img-9422-800x600.jpg\" class=\"attachment-image-size-L size-image-size-L\" alt=\"cath\u00e9drale quai des Bateliers\" decoding=\"async\" loading=\"lazy\"  \/>         \u00a9 Anthony Jilli \/ Pokaa <\/p>\n<p>                <img width=\"281\" height=\"500\" src=\"https:\/\/www.europesays.com\/fr\/wp-content\/uploads\/2025\/08\/20250716-085332-281x500.jpg\" class=\"attachment-gallery size-gallery\" alt=\"canal du Rh\u00f4ne au Rhin\" data-full-url=\"https:\/\/pokaa.fr\/wp-content\/uploads\/2025\/07\/29\/20250716-085332.jpg\" decoding=\"async\" loading=\"lazy\"  \/>            <\/p>\n<p>                <img width=\"281\" height=\"500\" src=\"https:\/\/www.europesays.com\/fr\/wp-content\/uploads\/2025\/08\/20250716-083820-281x500.jpg\" class=\"attachment-gallery size-gallery\" alt=\"canal du Rh\u00f4ne au Rhin\" data-full-url=\"https:\/\/pokaa.fr\/wp-content\/uploads\/2025\/07\/29\/20250716-083820.jpg\" decoding=\"async\" loading=\"lazy\"  \/>            <\/p>\n<p>                    \u00a9 Astrid Jurquet \/ Pokaa<\/p>\n<p>    <img width=\"800\" height=\"450\" src=\"https:\/\/www.europesays.com\/fr\/wp-content\/uploads\/2025\/08\/20250716-085703-800x450.jpg\" class=\"attachment-image-size-L size-image-size-L\" alt=\"canal du Rh\u00f4ne au Rhin\" decoding=\"async\" loading=\"lazy\"  \/>         \u00a9 Astrid Jurquet \/ Pokaa <\/p>\n<p>Canaux et faune \u00e0 gogo<\/p>\n<p>Apr\u00e8s avoir pass\u00e9 les ballasti\u00e8res d\u2019Eschau, le paysage se fait plus bucolique. <strong>Le tumulte de la route laisse place \u00e0 de cossues maisons avec jardin, puis \u00e0 des paysages agricoles. <\/strong><\/p>\n<p>Les nuages s\u2019\u00e9loignent peu \u00e0 peu, d\u00e9gageant une jolie vue sur les Vosges. <strong>Cygnes, h\u00e9rons cendr\u00e9s ou ouettes d\u2019\u00c9gypte :<\/strong> la faune se donne en spectacle au bord du canal, parfait pour contrer la monotonie du trajet.<\/p>\n<p>                <img width=\"888\" height=\"500\" src=\"https:\/\/www.europesays.com\/fr\/wp-content\/uploads\/2025\/08\/20250716-102752-888x500.jpg\" class=\"attachment-gallery size-gallery\" alt=\"campagne\" data-full-url=\"https:\/\/pokaa.fr\/wp-content\/uploads\/2025\/07\/29\/20250716-102752.jpg\" decoding=\"async\" loading=\"lazy\"  \/>            <\/p>\n<p>                <img width=\"281\" height=\"500\" src=\"https:\/\/www.europesays.com\/fr\/wp-content\/uploads\/2025\/08\/20250716-100204-281x500.jpg\" class=\"attachment-gallery size-gallery\" alt=\"campagne\" data-full-url=\"https:\/\/pokaa.fr\/wp-content\/uploads\/2025\/07\/29\/20250716-100204.jpg\" decoding=\"async\" loading=\"lazy\"  \/>            <\/p>\n<p>                    \u00a9 Astrid Jurquet \/ Pokaa<\/p>\n<p>    <img width=\"800\" height=\"450\" src=\"https:\/\/www.europesays.com\/fr\/wp-content\/uploads\/2025\/08\/20250716-090421-800x450.jpg\" class=\"attachment-image-size-L size-image-size-L\" alt=\"canal du Rh\u00f4ne au Rhin\" decoding=\"async\" loading=\"lazy\"  \/>         \u00a9 Astrid Jurquet \/ Pokaa <\/p>\n<p>Au niveau de l\u2019\u00e9cluse de garde n\u00b075, <strong>\u00e0 gauche toute pour rejoindre le Rhin via des champs de ma\u00efs<\/strong>. Le chemin propos\u00e9 par Google Maps, tr\u00e8s caillouteux, n\u2019\u00e9tait clairement pas l\u2019option la plus confortable \u00e0 v\u00e9lo. <\/p>\n<p><strong>Mais rien que pour voir les majestueuses cigognes pos\u00e9es \u00e0 l\u2019\u00e9cart de la route principale, \u00e7a valait le coup.<\/strong> Apr\u00e8s avoir travers\u00e9 quelques villages aux maisons typiquement alsaciennes, il faut passer l\u2019imposante centrale hydro\u00e9lectrique de Rhinau, o\u00f9 un bon gros vent de face des familles est l\u00e0 pour nous accueillir.\u00a0<\/p>\n<p>                <img width=\"281\" height=\"500\" src=\"https:\/\/www.europesays.com\/fr\/wp-content\/uploads\/2025\/08\/20250716-121951-281x500.jpg\" class=\"attachment-gallery size-gallery\" alt=\"canal du Rh\u00f4ne au Rhin\" data-full-url=\"https:\/\/pokaa.fr\/wp-content\/uploads\/2025\/07\/29\/20250716-121951.jpg\" decoding=\"async\" loading=\"lazy\"  \/>            <\/p>\n<p>                <img width=\"888\" height=\"500\" src=\"https:\/\/www.europesays.com\/fr\/wp-content\/uploads\/2025\/08\/20250716-104051-888x500.jpg\" class=\"attachment-gallery size-gallery\" alt=\"canal du Rh\u00f4ne au Rhin\" data-full-url=\"https:\/\/pokaa.fr\/wp-content\/uploads\/2025\/07\/29\/20250716-104051.jpg\" decoding=\"async\" loading=\"lazy\"  \/>            <\/p>\n<p>                    \u00a9 Astrid Jurquet \/ Pokaa<\/p>\n<p>    <img width=\"800\" height=\"450\" src=\"https:\/\/www.europesays.com\/fr\/wp-content\/uploads\/2025\/08\/20250716-132219-800x450.jpg\" class=\"attachment-image-size-L size-image-size-L\" alt=\"campagne\" decoding=\"async\" loading=\"lazy\"  \/>         \u00a9 Astrid Jurquet \/ Pokaa <\/p>\n<p>La petite dizaine de kilom\u00e8tres \u00e0 parcourir le long du Rhin jusqu\u2019au barrage EDF de Rhinau para\u00eet longue, mais finalement \u00e7a y est, on passe de l\u2019autre c\u00f4t\u00e9 de la fronti\u00e8re. <strong>Willkommen in Deutschland !<\/strong><\/p>\n<p><strong>C\u2019est l\u2019heure d\u2019une petite pause ravito avant de se remettre en selle<\/strong> pour la deuxi\u00e8me moiti\u00e9 du trajet. Quelle que soit la sortie que vous d\u00e9cidez de faire \u00e0 v\u00e9lo,<strong> pensez \u00e0 toujours pr\u00e9voir suffisamment d\u2019eau et des en-cas<\/strong> : barres de c\u00e9r\u00e9ales, fruits secs\u2026 C\u2019est qu\u2019on en br\u00fble, des calories !<\/p>\n<p>    <img width=\"800\" height=\"450\" src=\"https:\/\/www.europesays.com\/fr\/wp-content\/uploads\/2025\/08\/20250716-103310-800x450.jpg\" class=\"attachment-image-size-L size-image-size-L\" alt=\"campagne\" decoding=\"async\" loading=\"lazy\"  \/>         \u00a9 Astrid Jurquet \/ Pokaa <\/p>\n<p>    <img width=\"800\" height=\"450\" src=\"https:\/\/www.europesays.com\/fr\/wp-content\/uploads\/2025\/08\/20250716-104007-800x450.jpg\" class=\"attachment-image-size-L size-image-size-L\" alt=\"canal du Rh\u00f4ne au Rhin\" decoding=\"async\" loading=\"lazy\"  \/>         \u00a9 Astrid Jurquet \/ Pokaa <\/p>\n<p>Perdu(e)s \u00e0 travers champs<\/p>\n<p>On quitte d\u00e9finitivement le Rhin pour la r\u00e9gion du Kaiserstuhl et la campagne allemande.<strong>\u00a0<\/strong><strong>Note pour la prochaine fois : ne pas faire aveugl\u00e9ment confiance \u00e0 Google Maps<\/strong> et mieux pr\u00e9parer son chemin \u00e0 l\u2019avance pour ne pas se perdre au milieu des champs\u2026 <\/p>\n<p>Un conseil \u00e9galement : <strong>si vous vous retrouvez sur un chemin terreux et caillouteux, avec de l\u2019herbe \u00e0 mi-mollet, faites demi-tour.<\/strong> Il y a forc\u00e9ment une vraie piste cyclable dans les environs, on est en Allemagne apr\u00e8s tout !<\/p>\n<p>                <img width=\"281\" height=\"500\" src=\"https:\/\/www.europesays.com\/fr\/wp-content\/uploads\/2025\/08\/20250716-091308-281x500.jpg\" class=\"attachment-gallery size-gallery\" alt=\"canal du Rh\u00f4ne au Rhin v\u00e9lo\" data-full-url=\"https:\/\/pokaa.fr\/wp-content\/uploads\/2025\/07\/29\/20250716-091308.jpg\" decoding=\"async\" loading=\"lazy\"  \/>            <\/p>\n<p>                <img width=\"281\" height=\"500\" src=\"https:\/\/www.europesays.com\/fr\/wp-content\/uploads\/2025\/08\/20250716-081935-281x500.jpg\" class=\"attachment-gallery size-gallery\" alt=\"canal du Rh\u00f4ne au Rhin\" data-full-url=\"https:\/\/pokaa.fr\/wp-content\/uploads\/2025\/07\/29\/20250716-081935.jpg\" decoding=\"async\" loading=\"lazy\"  \/>            <\/p>\n<p>                    \u00a9 Astrid Jurquet \/ Pokaa<\/p>\n<p>Les d\u00e9tours successifs et l\u2019impression de tourner en rond usent un peu les nerfs, mais on finit par trouver le balisage vert pour cyclistes, qui indique tr\u00e8s clairement \u00ab Freiburg \u00bb. Ouf ! <strong>Et pour redonner du baume au coeur, un papi allemand nous encourage en bord de route dans son village. <\/strong>Beaucoup trop chou.<\/p>\n<p>    <img width=\"800\" height=\"450\" src=\"https:\/\/www.europesays.com\/fr\/wp-content\/uploads\/2025\/08\/20250716-091053-800x450.jpg\" class=\"attachment-image-size-L size-image-size-L\" alt=\"canal du Rh\u00f4ne au Rhin\" decoding=\"async\" loading=\"lazy\"  \/>         \u00a9 Astrid Jurquet \/ Pokaa <\/p>\n<p>Une glace : la r\u00e9compense ultime de toute balade \u00e0 v\u00e9lo en Allemagne<\/p>\n<p>On touche au but, il ne reste plus qu\u2019une dizaine de kilom\u00e8tres,<strong> avec en prime une vue sur la For\u00eat-Noire<\/strong>. Le paysage se fait plus urbain, et enfin, victoire ! <\/p>\n<p>                <img width=\"281\" height=\"500\" src=\"https:\/\/www.europesays.com\/fr\/wp-content\/uploads\/2025\/08\/20250716-161541-281x500.jpg\" class=\"attachment-gallery size-gallery\" alt=\"Fribourg\" data-full-url=\"https:\/\/pokaa.fr\/wp-content\/uploads\/2025\/07\/29\/20250716-161541.jpg\" decoding=\"async\" loading=\"lazy\"  \/>            <\/p>\n<p>                <img width=\"375\" height=\"500\" src=\"https:\/\/www.europesays.com\/fr\/wp-content\/uploads\/2025\/08\/img-2673-original-375x500.jpg\" class=\"attachment-gallery size-gallery\" alt=\"Fribourg\" data-full-url=\"https:\/\/pokaa.fr\/wp-content\/uploads\/2025\/07\/29\/img-2673-original.jpg\" decoding=\"async\" loading=\"lazy\"  \/>            <\/p>\n<p>                <img width=\"888\" height=\"500\" src=\"https:\/\/www.europesays.com\/fr\/wp-content\/uploads\/2025\/08\/20250716-160808-888x500.jpg\" class=\"attachment-gallery size-gallery\" alt=\"Fribourg\" data-full-url=\"https:\/\/pokaa.fr\/wp-content\/uploads\/2025\/07\/29\/20250716-160808.jpg\" decoding=\"async\" loading=\"lazy\"  \/>            <\/p>\n<p>                    1. 3. \u00a9 Astrid Jurquet \/ Pokaa ; 2. \u00a9 Anthony Jilli \/ Pokaa<\/p>\n<p>    <img width=\"800\" height=\"450\" src=\"https:\/\/www.europesays.com\/fr\/wp-content\/uploads\/2025\/08\/20250716-154244-800x450.jpg\" class=\"attachment-image-size-L size-image-size-L\" alt=\"Fribourg\" decoding=\"async\" loading=\"lazy\"  \/>         \u00a9 Astrid Jurquet \/ Pokaa <\/p>\n<p><strong>On arrive \u00e0 Fribourg-en-Brisgau par le nord-ouest, en traversant le Seepark et son fameux lac.<\/strong> Dommage que les nuages soient toujours aussi bas, \u00e7a donnerait bien envie de piquer une t\u00eate\u2026 \u00c0 d\u00e9faut on donne encore quelques coups de p\u00e9dales jusqu\u2019au centre ville, o\u00f9<strong> il y a l\u2019embarras du choix pour trouver un marchand de glaces<\/strong>. Une r\u00e9compense bien m\u00e9rit\u00e9e ! <\/p>\n<p>C\u2019est aussi le petit truc en plus parfait <strong>pour fl\u00e2ner tranquillement dans le centre historique.<\/strong><\/p>\n<p>                <img width=\"375\" height=\"500\" src=\"https:\/\/www.europesays.com\/fr\/wp-content\/uploads\/2025\/08\/img-2719-original-375x500.jpg\" class=\"attachment-gallery size-gallery\" alt=\"Fribourg\" data-full-url=\"https:\/\/pokaa.fr\/wp-content\/uploads\/2025\/07\/29\/img-2719-original.jpg\" decoding=\"async\" loading=\"lazy\"  \/>            <\/p>\n<p>                <img width=\"375\" height=\"500\" src=\"https:\/\/www.europesays.com\/fr\/wp-content\/uploads\/2025\/08\/img-2721-original-375x500.jpg\" class=\"attachment-gallery size-gallery\" alt=\"Fribourg\" data-full-url=\"https:\/\/pokaa.fr\/wp-content\/uploads\/2025\/07\/29\/img-2721-original.jpg\" decoding=\"async\" loading=\"lazy\"  \/>            <\/p>\n<p>                    \u00a9 Anthony Jilli \/ Pokaa<\/p>\n<p>    <img width=\"800\" height=\"450\" src=\"https:\/\/www.europesays.com\/fr\/wp-content\/uploads\/2025\/08\/20250716-163747-800x450.jpg\" class=\"attachment-image-size-L size-image-size-L\" alt=\"Fribourg\" decoding=\"async\" loading=\"lazy\"  \/>         \u00a9 Astrid Jurquet \/ Pokaa <\/p>\n<p><strong>Bilan de la journ\u00e9e : 85 km (merci Google pour les d\u00e9tours) parcourus en moins de 5 heures,<\/strong> \u00e0 une vitesse moyenne tranquille d\u2019environ 17 km\/h. <\/p>\n<p>Les jambes ne sont m\u00eame pas si fatigu\u00e9es ; <strong>la sortie est accessible \u00e0 toutes et tous,<\/strong> pour peu d\u2019avoir un v\u00e9lo en bon \u00e9tat, d\u2019\u00eatre en bonne sant\u00e9 et d\u2019avoir de quoi se ravitailler. <\/p>\n<p>                <img width=\"281\" height=\"500\" src=\"https:\/\/www.europesays.com\/fr\/wp-content\/uploads\/2025\/08\/20250716-160451-281x500.jpg\" class=\"attachment-gallery size-gallery\" alt=\"Fribourg\" data-full-url=\"https:\/\/pokaa.fr\/wp-content\/uploads\/2025\/07\/29\/20250716-160451.jpg\" decoding=\"async\" loading=\"lazy\"  \/>            <\/p>\n<p>                <img width=\"375\" height=\"500\" src=\"https:\/\/www.europesays.com\/fr\/wp-content\/uploads\/2025\/08\/img-2691-original-375x500.jpg\" class=\"attachment-gallery size-gallery\" alt=\"Fribourg\" data-full-url=\"https:\/\/pokaa.fr\/wp-content\/uploads\/2025\/07\/29\/img-2691-original.jpg\" decoding=\"async\" loading=\"lazy\"  \/>            <\/p>\n<p>                <img width=\"888\" height=\"500\" src=\"https:\/\/www.europesays.com\/fr\/wp-content\/uploads\/2025\/08\/20250716-161310-888x500.jpg\" class=\"attachment-gallery size-gallery\" alt=\"Fribourg\" data-full-url=\"https:\/\/pokaa.fr\/wp-content\/uploads\/2025\/07\/29\/20250716-161310.jpg\" decoding=\"async\" loading=\"lazy\"  \/>            <\/p>\n<p>                    1. 3. \u00a9 Astrid Jurquet \/ Pokaa ; 2. \u00a9 Anthony Jilli \/ Pokaa<\/p>\n<p>    <img width=\"800\" height=\"600\" src=\"https:\/\/www.europesays.com\/fr\/wp-content\/uploads\/2025\/08\/img-0367-original-800x600.jpg\" class=\"attachment-image-size-L size-image-size-L\" alt=\"Fribourg\" decoding=\"async\" loading=\"lazy\"  \/>         \u00a9 Anthony Jilli \/ Pokaa <\/p>\n<p><strong>On a quand m\u00eame pr\u00e9f\u00e9r\u00e9 rentrer en train le lendemain, plut\u00f4t que de rempiler pour 80 bornes.<\/strong> Pour les moins de 28 ans, c\u2019est le moment d\u2019en profiter : le pass estival jeune <a href=\"https:\/\/www.ter.sncf.com\/grand-est\/tarifs-cartes\/bons-plans\/pass-jeune\" target=\"_blank\" rel=\"noopener\">Grand Est Grenzenlos<\/a> permet de se d\u00e9placer dans tout la r\u00e9gion, dans les r\u00e9gions frontali\u00e8res allemandes et m\u00eame de pousser jusqu\u2019\u00e0 B\u00e2le ou au Luxembourg pour seulement 29\u20ac par mois. <\/p>\n<p><strong>Los geht\u2019s !<\/strong><\/p>\n<p style=\"text-align: right;\">Journaliste : Astrid Jurquet<\/p>\n<p>                <a href=\"https:\/\/pokaa.fr\/2025\/07\/17\/traverser-3-pays-a-velo-en-une-seule-journee-cest-possible-a-1h30-de-strasbourg\/\" target=\"_blank\" rel=\"noopener\"><br \/>\n                    <img width=\"450\" height=\"270\" src=\"https:\/\/www.europesays.com\/fr\/wp-content\/uploads\/2025\/08\/z1-450x270.png\" class=\"attachment-card-horizontal--same-subject size-card-horizontal--same-subject wp-post-image\" alt=\"\" decoding=\"async\" loading=\"lazy\"\/>                <\/a><\/p>\n<p>                <img width=\"278\" height=\"500\" src=\"https:\/\/www.europesays.com\/fr\/wp-content\/uploads\/2025\/08\/attjxqq1ydjjioddrmjxoz43zfoiypm0g0aan6n2vdy80u-278x500.jpg\" class=\"attachment-gallery size-gallery\" alt=\"trajet\" data-full-url=\"https:\/\/pokaa.fr\/wp-content\/uploads\/2025\/07\/30\/attjxqq1ydjjioddrmjxoz43zfoiypm0g0aan6n2vdy80u.jpg\" decoding=\"async\" loading=\"lazy\"  \/>            <\/p>\n<p>                <img width=\"667\" height=\"500\" src=\"https:\/\/www.europesays.com\/fr\/wp-content\/uploads\/2025\/08\/img-1962-667x500.jpg\" class=\"attachment-gallery size-gallery\" alt=\"ter train\" data-full-url=\"https:\/\/pokaa.fr\/wp-content\/uploads\/2024\/07\/23\/img-1962.jpg\" decoding=\"async\" loading=\"lazy\"  \/>            <\/p>\n<p>                    1. \u00a9 Application DECAT&rsquo;COACH \/ Capture d&rsquo;\u00e9cran ; 2. \u00a9 Nicolas Kaspar \/ Pokaa<\/p>\n","protected":false},"excerpt":{"rendered":"Aller en Allemagne \u00e0 v\u00e9lo, rien de plus banal quand on est Strasbourgeois(e). Mais parce qu\u2019il y a&hellip;\n","protected":false},"author":2,"featured_media":289824,"comment_status":"","ping_status":"","sticky":false,"template":"","format":"standard","meta":{"footnotes":""},"categories":[2820],"tags":[1111,11,7552,1777,674,1011,27,14888,775,12,25,640,208],"class_list":{"0":"post-289823","1":"post","2":"type-post","3":"status-publish","4":"format-standard","5":"has-post-thumbnail","7":"category-strasbourg","8":"tag-actu","9":"tag-actualites","10":"tag-balade","11":"tag-eu","12":"tag-europe","13":"tag-fr","14":"tag-france","15":"tag-fribourg","16":"tag-grand-est","17":"tag-news","18":"tag-republique-francaise","19":"tag-strasbourg","20":"tag-velo"},"share_on_mastodon":{"url":"https:\/\/pubeurope.com\/@fr\/114955417295549055","error":""},"_links":{"self":[{"href":"https:\/\/www.europesays.com\/fr\/wp-json\/wp\/v2\/posts\/289823","targetHints":{"allow":["GET"]}}],"collection":[{"href":"https:\/\/www.europesays.com\/fr\/wp-json\/wp\/v2\/posts"}],"about":[{"href":"https:\/\/www.europesays.com\/fr\/wp-json\/wp\/v2\/types\/post"}],"author":[{"embeddable":true,"href":"https:\/\/www.europesays.com\/fr\/wp-json\/wp\/v2\/users\/2"}],"replies":[{"embeddable":true,"href":"https:\/\/www.europesays.com\/fr\/wp-json\/wp\/v2\/comments?post=289823"}],"version-history":[{"count":0,"href":"https:\/\/www.europesays.com\/fr\/wp-json\/wp\/v2\/posts\/289823\/revisions"}],"wp:featuredmedia":[{"embeddable":true,"href":"https:\/\/www.europesays.com\/fr\/wp-json\/wp\/v2\/media\/289824"}],"wp:attachment":[{"href":"https:\/\/www.europesays.com\/fr\/wp-json\/wp\/v2\/media?parent=289823"}],"wp:term":[{"taxonomy":"category","embeddable":true,"href":"https:\/\/www.europesays.com\/fr\/wp-json\/wp\/v2\/categories?post=289823"},{"taxonomy":"post_tag","embeddable":true,"href":"https:\/\/www.europesays.com\/fr\/wp-json\/wp\/v2\/tags?post=289823"}],"curies":[{"name":"wp","href":"https:\/\/api.w.org\/{rel}","templated":true}]}}