{"id":289825,"date":"2025-08-01T20:33:16","date_gmt":"2025-08-01T20:33:16","guid":{"rendered":"https:\/\/www.europesays.com\/fr\/289825\/"},"modified":"2025-08-01T20:33:16","modified_gmt":"2025-08-01T20:33:16","slug":"6-supporters-du-racing-ont-fait-le-deplacement-pour-strasbourg-udinese-alsasports","status":"publish","type":"post","link":"https:\/\/www.europesays.com\/fr\/289825\/","title":{"rendered":"6 supporters du Racing ont fait le d\u00e9placement pour Strasbourg &#8211; Udinese \u2014 Alsa&rsquo;Sports"},"content":{"rendered":"<p><strong>Le match du Racing contre Udinese avant-hier a \u00e9t\u00e9 suivi au stade par 6 courageux supporters strasbourgeois qui ont fait le d\u00e9placement. R\u00e9cit. <\/strong><\/p>\n<p>Quand le Racing joue \u00e0 538 km du stade de la Meinau, il y a forc\u00e9ment moins d\u2019attache et de soutien, mais de plus belles histoires \u00e0 raconter. Surtout lorsque six supporters du club s\u2019organisent pour faire le d\u00e9placement. Nous sommes all\u00e9s \u00e0 la rencontre de ces courageux venus supporter leur \u00e9quipe face \u00e0 Udinese avant-hier \u00e0 Mittersill.  \u00ab\u00a0Je suis de Strasbourg mais je travaille \u00e0 Munich, on est partis 3h avant le match pour \u00eatre dans les temps\u00a0\u00bb nous raconte Jean-Brice. Pour Antoine, la logistique \u00e9tait plus simple : \u00ab\u00a0j\u2019habite \u00e0 Kufstein (\u00e0 65km de Mittersill, le lieu du match), on s\u2019est organis\u00e9s avec un coll\u00e8gue pour venir en voiture, 1h15 de route. J\u2019ai d\u00e9cal\u00e9 mes vacances d\u2019une semaine expr\u00e8s sachant que le Racing venait ici\u00a0\u00bb (\u00e0 11km de chez lui).<\/p>\n<p><strong>\u00ab\u00a0\u00c7a n\u2019a pas de prix de discuter avec eux\u00a0\u00bb<\/strong><\/p>\n<p>Se rendre sur place lors des matches amicaux d\u00e9localis\u00e9s est aussi une fa\u00e7on d\u2019approcher le groupe diff\u00e9remment. Jean-Brice est venu avec son fils et pour eux le trajet valait largement le coup : \u00ab\u00a0on est super contents d\u2019\u00eatre l\u00e0, on a vu Marc Keller, les joueurs, on a eu des autographes, il fait beau, tout va bien ! On s\u2019est dit que le stade \u00e9tait petit, qu\u2019il n\u2019y aura pas beaucoup de monde, alors c\u2019\u00e9tait l\u2019occasion unique d\u2019aller rencontrer tout le monde et de les voir de pr\u00e8s\u00a0\u00bb. <\/p>\n<p>Son coll\u00e8gue d\u2019un soir partage le m\u00eame sentiment, et tenait absolument \u00e0 \u00eatre de la partie : \u00ab\u00a0\u00c7a n\u2019a pas de prix de les voir de pr\u00e8s et de pouvoir discuter avec eux\u00a0\u00bb, explique Antoine. \u00ab\u00a0Si je peux faire une parenth\u00e8se personnelle, pour moi c\u2019est un match tr\u00e8s particulier parce que je suis n\u00e9 en Alsace et j\u2019avais un grand p\u00e8re qui vient d\u2019Udinese o\u00f9 je passais tous mes \u00e9t\u00e9s l\u00e0-bas depuis 32 ans, donc le match a une saveur particuli\u00e8re\u00a0\u00bb. Le r\u00e9sultat n\u2019a pas \u00e9t\u00e9 au rendez-vous (d\u00e9faite 2-1) mais l\u2019essentiel \u00e9tait ailleurs pour ces supporters qui ont pr\u00e9vu \u00e9galement de se rendre au prochain match demain apr\u00e8s-midi \u00e0 Jenbach. <\/p>\n","protected":false},"excerpt":{"rendered":"Le match du Racing contre Udinese avant-hier a \u00e9t\u00e9 suivi au stade par 6 courageux supporters strasbourgeois qui&hellip;\n","protected":false},"author":2,"featured_media":289826,"comment_status":"","ping_status":"","sticky":false,"template":"","format":"standard","meta":{"footnotes":""},"categories":[2820],"tags":[1111,11,1777,674,63,1011,27,775,12,4448,25,640],"class_list":{"0":"post-289825","1":"post","2":"type-post","3":"status-publish","4":"format-standard","5":"has-post-thumbnail","7":"category-strasbourg","8":"tag-actu","9":"tag-actualites","10":"tag-eu","11":"tag-europe","12":"tag-football","13":"tag-fr","14":"tag-france","15":"tag-grand-est","16":"tag-news","17":"tag-rc-strasbourg","18":"tag-republique-francaise","19":"tag-strasbourg"},"share_on_mastodon":{"url":"https:\/\/pubeurope.com\/@fr\/114955419939595342","error":""},"_links":{"self":[{"href":"https:\/\/www.europesays.com\/fr\/wp-json\/wp\/v2\/posts\/289825","targetHints":{"allow":["GET"]}}],"collection":[{"href":"https:\/\/www.europesays.com\/fr\/wp-json\/wp\/v2\/posts"}],"about":[{"href":"https:\/\/www.europesays.com\/fr\/wp-json\/wp\/v2\/types\/post"}],"author":[{"embeddable":true,"href":"https:\/\/www.europesays.com\/fr\/wp-json\/wp\/v2\/users\/2"}],"replies":[{"embeddable":true,"href":"https:\/\/www.europesays.com\/fr\/wp-json\/wp\/v2\/comments?post=289825"}],"version-history":[{"count":0,"href":"https:\/\/www.europesays.com\/fr\/wp-json\/wp\/v2\/posts\/289825\/revisions"}],"wp:featuredmedia":[{"embeddable":true,"href":"https:\/\/www.europesays.com\/fr\/wp-json\/wp\/v2\/media\/289826"}],"wp:attachment":[{"href":"https:\/\/www.europesays.com\/fr\/wp-json\/wp\/v2\/media?parent=289825"}],"wp:term":[{"taxonomy":"category","embeddable":true,"href":"https:\/\/www.europesays.com\/fr\/wp-json\/wp\/v2\/categories?post=289825"},{"taxonomy":"post_tag","embeddable":true,"href":"https:\/\/www.europesays.com\/fr\/wp-json\/wp\/v2\/tags?post=289825"}],"curies":[{"name":"wp","href":"https:\/\/api.w.org\/{rel}","templated":true}]}}