{"id":289827,"date":"2025-08-01T20:34:13","date_gmt":"2025-08-01T20:34:13","guid":{"rendered":"https:\/\/www.europesays.com\/fr\/289827\/"},"modified":"2025-08-01T20:34:13","modified_gmt":"2025-08-01T20:34:13","slug":"agression-dun-agent-du-dispositif-gaida-a-nice-lagresseur-presume-sera-juge-en-octobre","status":"publish","type":"post","link":"https:\/\/www.europesays.com\/fr\/289827\/","title":{"rendered":"Agression d&rsquo;un agent du dispositif GAIDA \u00e0 Nice: l&rsquo;agresseur pr\u00e9sum\u00e9 sera jug\u00e9 en octobre"},"content":{"rendered":"<p>La victime se d\u00e9place en b\u00e9quilles pendant que le pr\u00e9venu avance \u00e0 la barre du tribunal correctionnel de Nice. 72 heures plus t\u00f4t, ces deux hommes se sont rencontr\u00e9s dans le quartier Fenoglio de Briga.<\/p>\n<p>La partie civile est un agent du Gaida (Groupe d\u2019appui \u00e0 l\u2019intervention et \u00e0 la dissuasion active): il a particip\u00e9, dans le cadre de ses missions, \u00e0 un contr\u00f4le dans les parties communes d\u2019un immeuble, boulevard Louis-Braille.<\/p>\n<p>Sur place, plusieurs jeunes. Parmi eux, le pr\u00e9venu. Il vient tout juste d\u2019avoir 19 ans. Il r\u00e9side chez sa m\u00e8re, dans un appartement du b\u00e2timent. Les faits qui lui sont reproch\u00e9s ? D\u2019avoir <a href=\"https:\/\/www.nicematin.com\/justice\/un-agent-de-securite-gaida-agresse-a-nice-est-un-jeune-suspect-interpelle-996151\" target=\"_blank\" rel=\"noopener nofollow\">port\u00e9 un coup au genou de l\u2019agent<\/a>, provoquant 5 jours d\u2019ITT. Une sc\u00e8ne fermement contest\u00e9e par le pr\u00e9venu.<\/p>\n<p>Connu pour des faits de violence, il tient \u00e0 pr\u00e9ciser qu\u2019il n\u2019a jamais commis de tels actes \u00ab\u00a0sur agent\u00a0\u00bb. Jeune adulte inscrit \u00e0 la mission locale, il se pr\u00e9sente comme \u00e9tant en r\u00e9insertion professionnelle. Il sera jug\u00e9 en octobre. En attendant, son contr\u00f4le judiciaire est maintenu.<\/p>\n","protected":false},"excerpt":{"rendered":"La victime se d\u00e9place en b\u00e9quilles pendant que le pr\u00e9venu avance \u00e0 la barre du tribunal correctionnel de&hellip;\n","protected":false},"author":2,"featured_media":289828,"comment_status":"","ping_status":"","sticky":false,"template":"","format":"standard","meta":{"footnotes":""},"categories":[2819],"tags":[1111,11,1777,674,118,1011,27,303,12,2401,882,25],"class_list":{"0":"post-289827","1":"post","2":"type-post","3":"status-publish","4":"format-standard","5":"has-post-thumbnail","7":"category-nice","8":"tag-actu","9":"tag-actualites","10":"tag-eu","11":"tag-europe","12":"tag-faits-divers","13":"tag-fr","14":"tag-france","15":"tag-justice","16":"tag-news","17":"tag-nice","18":"tag-provence-alpes-cote-dazur","19":"tag-republique-francaise"},"share_on_mastodon":{"url":"https:\/\/pubeurope.com\/@fr\/114955423967852978","error":""},"_links":{"self":[{"href":"https:\/\/www.europesays.com\/fr\/wp-json\/wp\/v2\/posts\/289827","targetHints":{"allow":["GET"]}}],"collection":[{"href":"https:\/\/www.europesays.com\/fr\/wp-json\/wp\/v2\/posts"}],"about":[{"href":"https:\/\/www.europesays.com\/fr\/wp-json\/wp\/v2\/types\/post"}],"author":[{"embeddable":true,"href":"https:\/\/www.europesays.com\/fr\/wp-json\/wp\/v2\/users\/2"}],"replies":[{"embeddable":true,"href":"https:\/\/www.europesays.com\/fr\/wp-json\/wp\/v2\/comments?post=289827"}],"version-history":[{"count":0,"href":"https:\/\/www.europesays.com\/fr\/wp-json\/wp\/v2\/posts\/289827\/revisions"}],"wp:featuredmedia":[{"embeddable":true,"href":"https:\/\/www.europesays.com\/fr\/wp-json\/wp\/v2\/media\/289828"}],"wp:attachment":[{"href":"https:\/\/www.europesays.com\/fr\/wp-json\/wp\/v2\/media?parent=289827"}],"wp:term":[{"taxonomy":"category","embeddable":true,"href":"https:\/\/www.europesays.com\/fr\/wp-json\/wp\/v2\/categories?post=289827"},{"taxonomy":"post_tag","embeddable":true,"href":"https:\/\/www.europesays.com\/fr\/wp-json\/wp\/v2\/tags?post=289827"}],"curies":[{"name":"wp","href":"https:\/\/api.w.org\/{rel}","templated":true}]}}