{"id":289831,"date":"2025-08-01T20:36:11","date_gmt":"2025-08-01T20:36:11","guid":{"rendered":"https:\/\/www.europesays.com\/fr\/289831\/"},"modified":"2025-08-01T20:36:11","modified_gmt":"2025-08-01T20:36:11","slug":"une-carte-recense-les-polluants-eternels-dans-les-eaux-de-la-metropole-de-nantes","status":"publish","type":"post","link":"https:\/\/www.europesays.com\/fr\/289831\/","title":{"rendered":"Une carte recense les polluants \u00e9ternels dans les eaux de la m\u00e9tropole de Nantes"},"content":{"rendered":"<p>Quel niveau de pollution contiennent les eaux de la m\u00e9tropole de Nantes\u00a0? Une <a href=\"https:\/\/macarte.ign.fr\/carte\/HzWzr5\/Info-PFAS\" target=\"_blank\" rel=\"nofollow noopener\">carte<\/a> publi\u00e9e ce vendredi 1er\u00a0ao\u00fbt par le Minist\u00e8re de la Transition \u00e9cologique donne un \u00e9tat des lieux des niveaux de pollution.<\/p>\n<p>Elle recense au niveau national pr\u00e8s de 2,3\u00a0millions d\u2019analyses d\u2019\u00e9chantillons d\u2019eau contenant des PFAS, des substances per- et polyfluoroalkyl\u00e9es, qu\u2019on appelle plus commun\u00e9ment des \u00ab\u00a0polluants \u00e9ternels\u00a0\u00bb. Les tests ont \u00e9t\u00e9 r\u00e9alis\u00e9s dans les eaux souterraines, les eaux superficielles, l\u2019eau distribu\u00e9e ou les sites industriels en France.<\/p>\n<p><strong>Lire aussi\u00a0: <\/strong> <a href=\"https:\/\/nantes.maville.com\/actu\/actudet_-ce-nouveau-polluant-qui-s-incruste-dans-notre-eau-en-loire-atlantique-_52716-6677721_actu.Htm\" target=\"_blank\" rel=\"nofollow noopener\">Ce nouveau polluant qui s\u2019incruste dans notre eau en Loire-Atlantique<\/a><\/p>\n<p>\u00c0 Nantes et dans sa m\u00e9tropole, la majorit\u00e9 des relev\u00e9s concerne des sites industriels autour de Rez\u00e9. Par exemple, la savonnerie de l\u2019Atlantique, le centre de recyclage de Trentetrois et l\u2019entreprise Sonoco Metal Packaging ont subi des pr\u00e9l\u00e8vements.\u00a0Les taux relev\u00e9s ne d\u00e9passent pas le seuil de 25\u00a0microgrammes\/litre impos\u00e9 par la loi.<\/p>\n<p>Concernant l\u2019eau distribu\u00e9e, le seul point d\u2019analyse consultable sur la carte se trouve \u00e0 Basse-Goulaine. Or, aucune analyse quantifi\u00e9e n\u2019est renseign\u00e9e pour le moment.<\/p>\n<p>Apparus au milieu du XXe\u00a0si\u00e8cle<\/p>\n<p>Les PFAS sont massivement utilis\u00e9s dans l\u2019industrie depuis le milieu du XXe\u00a0si\u00e8cle. Ils servent par exemple \u00e0 fabriquer des po\u00eales antiadh\u00e9sives, des v\u00eatements imperm\u00e9ables ou des cosm\u00e9tiques. Ils sont extr\u00eamement difficiles \u00e0 \u00e9liminer une fois pr\u00e9sents dans l\u2019eau ou les sols. Ces r\u00e9sidus peuvent avoir des effets d\u00e9l\u00e9t\u00e8res sur la sant\u00e9 humaine\u00a0: augmentation du taux de cholest\u00e9rol, cancers, effets sur la fertilit\u00e9 et le d\u00e9veloppement du f\u0153tus,\u00a0etc.<\/p>\n<p>Cette publication cartographi\u00e9e fait suite \u00e0 un plan d\u2019action lanc\u00e9 par le gouvernement en avril\u00a02024\u00a0; qui a aussi annonc\u00e9 <strong>\u00ab\u00a0le lancement d\u2019une consultation publique sur deux projets de d\u00e9crets\u00a0\u00bb. <\/strong>L\u2019un concerne l\u2019interdiction des PFAS dans des objets du quotidien et l\u2019autre<a href=\"https:\/\/rennes.maville.com\/actu\/actudet_-info-ouest-france.-ces-1-226-usines-et-sites-qui-rejettent-des-polluants-eternels-dans-les-eaux-_52674-6579204_actu.Htm\" target=\"_blank\" rel=\"nofollow noopener\"> la mise en place d\u2019un plan de r\u00e9duction des \u00e9missions industrielles de polluants.<\/a><\/p>\n<p>La carte, consultable, reste tr\u00e8s technique pour les non initi\u00e9s aux statistiques scientifiques et ne d\u00e9taille pas les seuils autoris\u00e9s, rendant complexe la lecture des analyses.<\/p>\n<p>\u00a0<\/p>\n","protected":false},"excerpt":{"rendered":"Quel niveau de pollution contiennent les eaux de la m\u00e9tropole de Nantes\u00a0? Une carte publi\u00e9e ce vendredi 1er\u00a0ao\u00fbt&hellip;\n","protected":false},"author":2,"featured_media":289832,"comment_status":"","ping_status":"","sticky":false,"template":"","format":"standard","meta":{"footnotes":""},"categories":[2818],"tags":[1111,11,11617,27261,42885,1777,674,1011,27,2047,2800,766,12,2636,42884,42883,25],"class_list":{"0":"post-289831","1":"post","2":"type-post","3":"status-publish","4":"format-standard","5":"has-post-thumbnail","7":"category-nantes","8":"tag-actu","9":"tag-actualites","10":"tag-carte","11":"tag-eaux","12":"tag-eternels","13":"tag-eu","14":"tag-europe","15":"tag-fr","16":"tag-france","17":"tag-mans","18":"tag-metropole","19":"tag-nantes","20":"tag-news","21":"tag-pays-de-la-loire","22":"tag-polluants","23":"tag-recense","24":"tag-republique-francaise"},"share_on_mastodon":{"url":"https:\/\/pubeurope.com\/@fr\/114955431763119362","error":""},"_links":{"self":[{"href":"https:\/\/www.europesays.com\/fr\/wp-json\/wp\/v2\/posts\/289831","targetHints":{"allow":["GET"]}}],"collection":[{"href":"https:\/\/www.europesays.com\/fr\/wp-json\/wp\/v2\/posts"}],"about":[{"href":"https:\/\/www.europesays.com\/fr\/wp-json\/wp\/v2\/types\/post"}],"author":[{"embeddable":true,"href":"https:\/\/www.europesays.com\/fr\/wp-json\/wp\/v2\/users\/2"}],"replies":[{"embeddable":true,"href":"https:\/\/www.europesays.com\/fr\/wp-json\/wp\/v2\/comments?post=289831"}],"version-history":[{"count":0,"href":"https:\/\/www.europesays.com\/fr\/wp-json\/wp\/v2\/posts\/289831\/revisions"}],"wp:featuredmedia":[{"embeddable":true,"href":"https:\/\/www.europesays.com\/fr\/wp-json\/wp\/v2\/media\/289832"}],"wp:attachment":[{"href":"https:\/\/www.europesays.com\/fr\/wp-json\/wp\/v2\/media?parent=289831"}],"wp:term":[{"taxonomy":"category","embeddable":true,"href":"https:\/\/www.europesays.com\/fr\/wp-json\/wp\/v2\/categories?post=289831"},{"taxonomy":"post_tag","embeddable":true,"href":"https:\/\/www.europesays.com\/fr\/wp-json\/wp\/v2\/tags?post=289831"}],"curies":[{"name":"wp","href":"https:\/\/api.w.org\/{rel}","templated":true}]}}