{"id":289848,"date":"2025-08-01T20:46:16","date_gmt":"2025-08-01T20:46:16","guid":{"rendered":"https:\/\/www.europesays.com\/fr\/289848\/"},"modified":"2025-08-01T20:46:16","modified_gmt":"2025-08-01T20:46:16","slug":"football-paixao-rejoint-lolympique-de-marseille-pour-un-montant-record","status":"publish","type":"post","link":"https:\/\/www.europesays.com\/fr\/289848\/","title":{"rendered":"Football. Paixao rejoint l&rsquo;Olympique de Marseille pour un montant record"},"content":{"rendered":"<p>L&rsquo;attaquant br\u00e9silien de Feyenoord, Igor Paixao, a officiellement sign\u00e9 pour l&rsquo;Olympique de Marseille vendredi, a annonc\u00e9 le club sur son site, sans r\u00e9v\u00e9ler ni la dur\u00e9e du contrat ni le montant de ce transfert.<\/p>\n<p>Ce contenu est bloqu\u00e9 car vous n&rsquo;avez pas accept\u00e9 les cookies et autres traceurs.<\/p>\n<p>En cliquant sur \u00ab J\u2019accepte \u00bb, les cookies et autres traceurs seront d\u00e9pos\u00e9s et vous pourrez visualiser les contenus  (<a href=\"\" class=\"consentModule_policy\" target=\"_blank\" title=\"Consulter la politique de protection des donn\u00e9es du fournisseur\">plus d&rsquo;informations<\/a>).<\/p>\n<p>En cliquant sur \u00ab J\u2019accepte tous les cookies \u00bb, vous autorisez des d\u00e9p\u00f4ts de cookies et autres traceurs pour le stockage de vos donn\u00e9es sur nos sites et applications \u00e0 des fins de personnalisation et de ciblage publicitaire.<\/p>\n<p class=\"consentModule_secondaryText\">Vous gardez la possibilit\u00e9 de retirer votre consentement \u00e0 tout moment en consultant notre <a href=\"https:\/\/www.ledauphine.com\/protection-des-donnees\" target=\"_blank\" title=\"Consulter notre politique de protection des donn\u00e9es\" rel=\"noopener\">politique de protection des donn\u00e9es<\/a>. <br \/>&#13;<br \/>\n            <a href=\"https:\/\/www.ledauphine.com\/sport\/2025\/08\/01\/javascript:Didomi.notice.show()\" class=\"consentModule_cmp\" target=\"_blank\" rel=\"noopener\">G\u00e9rer mes choix<\/a>&#13;\n        <\/p>\n<p>&#13;<br \/>\n                        J&rsquo;accepte&#13;<br \/>\n            J&rsquo;accepte tous les cookies&#13;\n        <\/p>\n<p>Selon les informations qui circulaient autour de cette venue annonc\u00e9e depuis plusieurs jours, l&rsquo;ailier br\u00e9silien de 25 ans a sign\u00e9 un contrat de cinq ans pour un montant estim\u00e9 \u00e0 35 millions d&rsquo;euros, bonus compris, ce qui en ferait la recrue la plus ch\u00e8re de l&rsquo;histoire du club.<\/p>\n<p><strong>&gt;&gt; LIRE AUSSI\u00a0:<a href=\"https:\/\/www.ledauphine.com\/sport\/2025\/07\/29\/apres-un-an-en-arabie-saoudite-aubameyang-fait-son-retour-a-marseille\" target=\"_blank\" rel=\"noopener\">\u00a0Apr\u00e8s un an en Arabie saoudite, Aubameyang fait son retour \u00e0 Marseille\u00a0<\/a><\/strong><\/p>\n<p>Appel\u00e9 avec la s\u00e9lection olympique<\/p>\n<p>Arriv\u00e9 dans le club n\u00e9erlandais \u00e0 l&rsquo;\u00e9t\u00e9 2022, il avait particip\u00e9 au titre national de sa nouvelle \u00e9quipe en 2023, avant de r\u00e9aliser une saison 2024\/2025 encore plus r\u00e9ussie avec 18 buts et 19 passes d\u00e9cisives, \u00e9tant finalement \u00e9lu joueur de l&rsquo;ann\u00e9e.<\/p>\n<p>Lors de la saison 2023\/2024 Paixao avait marqu\u00e9 le but victorieux en finale de la Coupe des Pays-Bas contre le FC Nim\u00e8gue.<\/p>\n<p>Au niveau international, Igor Guilherme Barbosa da Paix\u00e3o, n\u00e9 le 28 juin 2000, a \u00e9t\u00e9 appel\u00e9 pour la premi\u00e8re fois sous le maillot de la \u00ab Sele\u00e7ao \u00bb en ao\u00fbt 2023, avec la s\u00e9lection olympique.<\/p>\n","protected":false},"excerpt":{"rendered":"L&rsquo;attaquant br\u00e9silien de Feyenoord, Igor Paixao, a officiellement sign\u00e9 pour l&rsquo;Olympique de Marseille vendredi, a annonc\u00e9 le club&hellip;\n","protected":false},"author":2,"featured_media":289849,"comment_status":"","ping_status":"","sticky":false,"template":"","format":"standard","meta":{"footnotes":""},"categories":[2814],"tags":[1111,11,1777,674,107,63,1011,27,884,12,7862,882,25,517,1947],"class_list":{"0":"post-289848","1":"post","2":"type-post","3":"status-publish","4":"format-standard","5":"has-post-thumbnail","7":"category-marseille","8":"tag-actu","9":"tag-actualites","10":"tag-eu","11":"tag-europe","12":"tag-fil-info","13":"tag-football","14":"tag-fr","15":"tag-france","16":"tag-marseille","17":"tag-news","18":"tag-om-olympique-de-marseille","19":"tag-provence-alpes-cote-dazur","20":"tag-republique-francaise","21":"tag-sport","22":"tag-sport-national"},"share_on_mastodon":{"url":"https:\/\/pubeurope.com\/@fr\/114955471040871788","error":""},"_links":{"self":[{"href":"https:\/\/www.europesays.com\/fr\/wp-json\/wp\/v2\/posts\/289848","targetHints":{"allow":["GET"]}}],"collection":[{"href":"https:\/\/www.europesays.com\/fr\/wp-json\/wp\/v2\/posts"}],"about":[{"href":"https:\/\/www.europesays.com\/fr\/wp-json\/wp\/v2\/types\/post"}],"author":[{"embeddable":true,"href":"https:\/\/www.europesays.com\/fr\/wp-json\/wp\/v2\/users\/2"}],"replies":[{"embeddable":true,"href":"https:\/\/www.europesays.com\/fr\/wp-json\/wp\/v2\/comments?post=289848"}],"version-history":[{"count":0,"href":"https:\/\/www.europesays.com\/fr\/wp-json\/wp\/v2\/posts\/289848\/revisions"}],"wp:featuredmedia":[{"embeddable":true,"href":"https:\/\/www.europesays.com\/fr\/wp-json\/wp\/v2\/media\/289849"}],"wp:attachment":[{"href":"https:\/\/www.europesays.com\/fr\/wp-json\/wp\/v2\/media?parent=289848"}],"wp:term":[{"taxonomy":"category","embeddable":true,"href":"https:\/\/www.europesays.com\/fr\/wp-json\/wp\/v2\/categories?post=289848"},{"taxonomy":"post_tag","embeddable":true,"href":"https:\/\/www.europesays.com\/fr\/wp-json\/wp\/v2\/tags?post=289848"}],"curies":[{"name":"wp","href":"https:\/\/api.w.org\/{rel}","templated":true}]}}