{"id":289852,"date":"2025-08-01T20:48:14","date_gmt":"2025-08-01T20:48:14","guid":{"rendered":"https:\/\/www.europesays.com\/fr\/289852\/"},"modified":"2025-08-01T20:48:14","modified_gmt":"2025-08-01T20:48:14","slug":"transferts-ol-lyon-signe-pavel-sulc","status":"publish","type":"post","link":"https:\/\/www.europesays.com\/fr\/289852\/","title":{"rendered":"Transferts OL : Lyon signe Pavel \u0160ulc"},"content":{"rendered":"<p style=\"text-align: justify;\"><strong>TRANSFERTS \u2013 Selon <a href=\"https:\/\/www.lequipe.fr\/Football\/Actualites\/L-international-tcheque-pavel-sulc-nouvelle-recrue-du-mercato-de-l-ol\/1582420\" target=\"_blank\" rel=\"noopener\">L\u2019\u00c9quipe<\/a>, l\u2019Olympique Lyonnais a trouv\u00e9 un accord pour signer l\u2019international tch\u00e8que Pavel \u0160ulc.\u00a0<\/strong><\/p>\n<p style=\"text-align: justify;\">Apr\u00e8s un d\u00e9but de mercato tronqu\u00e9 par la rel\u00e9gation de la DNCG, l\u2019<strong>Olympique Lyonnais<\/strong> s\u2019estive sur le march\u00e9 des transferts mais avec des moyens bien limit\u00e9s. Les Lyonnais se sont d\u00e9j\u00e0 offerts <strong>Ruben<\/strong> <strong>Kluivert<\/strong> et <strong>Afonso<\/strong> <strong>Moreira<\/strong>, deux joueurs du championnat portugais. Les dirigeants lyonnais pistent \u00e9galement <strong>Tyler Morton<\/strong> ou encore <strong>Jan Zi\u00f3\u0142kowski<\/strong>.<\/p>\n<p>Pavel \u0160ulc arrive \u00e0 Lyon<\/p>\n<p style=\"text-align: justify;\">En attendant de savoir si ces deux dossiers vont pouvoir aboutir, l\u2019<strong>Olympique Lyonnais<\/strong> est en passe de r\u00e9aliser un joli coup avec la signature de <strong>Pavel \u0160ulc<\/strong>. International tch\u00e8que, le milieu offensif de 24 ans peut aussi bien \u00e9voluer en num\u00e9ro 10 que dans les deux couloirs. Il compte \u00e0 ce jour 14 s\u00e9lections avec la R\u00e9publique Tch\u00e8que.<\/p>\n<p style=\"text-align: justify;\">Courtis\u00e9 par <strong>Stuttgart<\/strong>, la <strong>Lazio<\/strong> <strong>Rome<\/strong> et <strong>Brighton<\/strong>, il a donn\u00e9 sa pr\u00e9f\u00e9rence \u00e0 Lyon. Il doit arriver en France ce week-end pour parapher un contre de quatre ou cinq ans. L\u2019Olympique Lyonnais va d\u00e9bourser pas moins de 7,5 millions d\u2019euros, hors bonus, pour s\u2019attacher les services de <strong>Pavel \u0160ulc<\/strong>. Le joueur de 24 ans a fait ses d\u00e9buts avec le <strong>Viktoria<\/strong> <strong>Plzen<\/strong> en 2017, mais a encha\u00een\u00e9 plusieurs pr\u00eats.<\/p>\n<p>\u00c0 ce sujet<br \/>\n<a href=\"https:\/\/dicodusport.fr\/blog\/mercato-ol-2025-2026-le-tableau-complet-des-transferts-arrivees-et-departs\/\" class=\"vlp-link\" title=\"Mercato OL 2025-2026 : Le tableau complet des transferts, arriv\u00e9es et d\u00e9parts\" target=\"_blank\" rel=\"noopener\"><img loading=\"lazy\" decoding=\"async\" style=\"max-width: 792px;\" width=\"792\" height=\"445\" class=\"attachment-800x445 size-800x445 perfmatters-lazy\" alt=\"Mercato OL 2025-2026 Le tableau complet des transferts, arriv\u00e9es et d\u00e9parts\" src=\"https:\/\/www.europesays.com\/fr\/wp-content\/uploads\/2025\/07\/Mercato-OL-2025-2026-Le-tableau-complet-des-transferts-arrivees-et-departs.png\"  data-\/><\/p>\n<p>Mercato OL 2025-2026 : Le tableau complet des transferts, arriv\u00e9es et d\u00e9parts<\/p>\n<p>TRANSFERTS OL &#8211; Retrouvez tous les mouvements de l&rsquo;Olympique Lyonnais pour l&rsquo;intersaison 2025 en Ligue 1. Arriv\u00e9es, d\u00e9part, pr\u00eats, transferts d\u00e9finitifs, ne ratez rien du mercato estival.\u00a0<\/p>\n<p>Lire l&rsquo;article<\/p>\n<p>dicodusport.fr<\/p>\n","protected":false},"excerpt":{"rendered":"TRANSFERTS \u2013 Selon L\u2019\u00c9quipe, l\u2019Olympique Lyonnais a trouv\u00e9 un accord pour signer l\u2019international tch\u00e8que Pavel \u0160ulc.\u00a0 Apr\u00e8s un&hellip;\n","protected":false},"author":2,"featured_media":289853,"comment_status":"","ping_status":"","sticky":false,"template":"","format":"standard","meta":{"footnotes":""},"categories":[1889],"tags":[1111,11,2430,2113,1777,674,1011,27,2428,23100,12,241,25],"class_list":{"0":"post-289852","1":"post","2":"type-post","3":"status-publish","4":"format-standard","5":"has-post-thumbnail","7":"category-lyon","8":"tag-actu","9":"tag-actualites","10":"tag-auvergne-rhone-alpes","11":"tag-breve","12":"tag-eu","13":"tag-europe","14":"tag-fr","15":"tag-france","16":"tag-lyon","17":"tag-mercato-football","18":"tag-news","19":"tag-ol","20":"tag-republique-francaise"},"share_on_mastodon":{"url":"https:\/\/pubeurope.com\/@fr\/114955478893656155","error":""},"_links":{"self":[{"href":"https:\/\/www.europesays.com\/fr\/wp-json\/wp\/v2\/posts\/289852","targetHints":{"allow":["GET"]}}],"collection":[{"href":"https:\/\/www.europesays.com\/fr\/wp-json\/wp\/v2\/posts"}],"about":[{"href":"https:\/\/www.europesays.com\/fr\/wp-json\/wp\/v2\/types\/post"}],"author":[{"embeddable":true,"href":"https:\/\/www.europesays.com\/fr\/wp-json\/wp\/v2\/users\/2"}],"replies":[{"embeddable":true,"href":"https:\/\/www.europesays.com\/fr\/wp-json\/wp\/v2\/comments?post=289852"}],"version-history":[{"count":0,"href":"https:\/\/www.europesays.com\/fr\/wp-json\/wp\/v2\/posts\/289852\/revisions"}],"wp:featuredmedia":[{"embeddable":true,"href":"https:\/\/www.europesays.com\/fr\/wp-json\/wp\/v2\/media\/289853"}],"wp:attachment":[{"href":"https:\/\/www.europesays.com\/fr\/wp-json\/wp\/v2\/media?parent=289852"}],"wp:term":[{"taxonomy":"category","embeddable":true,"href":"https:\/\/www.europesays.com\/fr\/wp-json\/wp\/v2\/categories?post=289852"},{"taxonomy":"post_tag","embeddable":true,"href":"https:\/\/www.europesays.com\/fr\/wp-json\/wp\/v2\/tags?post=289852"}],"curies":[{"name":"wp","href":"https:\/\/api.w.org\/{rel}","templated":true}]}}