{"id":289858,"date":"2025-08-01T20:52:16","date_gmt":"2025-08-01T20:52:16","guid":{"rendered":"https:\/\/www.europesays.com\/fr\/289858\/"},"modified":"2025-08-01T20:52:16","modified_gmt":"2025-08-01T20:52:16","slug":"paris-et-plusieurs-pays-accusent-liran-de-tentatives-d-assassinats-a-letranger-teheran-dement","status":"publish","type":"post","link":"https:\/\/www.europesays.com\/fr\/289858\/","title":{"rendered":"Paris et plusieurs pays accusent l\u2019Iran de tentatives d\u2019\u00ab\u00a0assassinats\u00a0\u00bb \u00e0 l\u2019\u00e9tranger, T\u00e9h\u00e9ran d\u00e9ment"},"content":{"rendered":"<p class=\"paragraph text_align_left lp-f-body-02\">T\u00e9h\u00e9ran nie. La France, les \u00c9tats-Unis et une dizaine de pays alli\u00e9s ont accus\u00e9, jeudi, l\u2019Iran de mener <a href=\"https:\/\/www.leparisien.fr\/international\/etats-unis\/etats-unis-la-justice-annonce-linculpation-dun-iranien-pour-un-projet-dassassinat-de-trump-08-11-2024-GMAMDCULDJBRRKX4EE7OTQTK7A.php\" target=\"_blank\" rel=\"noreferrer noopener\">une politique \u00ab\u00a0d\u2019assassinats et d\u2019enl\u00e8vements\u00a0\u00bb \u00e0 l\u2019\u00e9tranger<\/a>, selon une d\u00e9claration commune. \u00ab\u00a0Nous sommes unis dans notre opposition aux tentatives des services de renseignement iraniens visant \u00e0 tuer, kidnapper et harceler des personnes en Europe et en Am\u00e9rique du Nord, en violation flagrante de notre souverainet\u00e9\u00a0\u00bb, ont-ils affirm\u00e9.<\/p>\n<p class=\"paragraph text_align_left lp-f-body-02\">Des accusations que T\u00e9h\u00e9ran a d\u00e9menties ce vendredi matin, les jugeant \u00ab\u00a0sans fondement\u00a0\u00bb. Dans un communiqu\u00e9, le porte-parole du minist\u00e8re iranien des Affaires \u00e9trang\u00e8res, Esma\u00efl Bagha\u00ef, a ajout\u00e9 que ces accusations \u00e9taient une \u00ab\u00a0tentative visant \u00e0 d\u00e9tourner l\u2019attention du public de la question la plus urgente du moment, \u00e0 savoir le g\u00e9nocide en Palestine occup\u00e9e\u00a0\u00bb, en r\u00e9f\u00e9rence \u00e0 la guerre dans la bande de Gaza.<\/p>\n<p class=\"paragraph text_align_left lp-f-body-02\">Aucune pr\u00e9cision n\u2019a \u00e9t\u00e9 donn\u00e9e sur <a href=\"https:\/\/www.leparisien.fr\/faits-divers\/royaume-uni-sept-iraniens-arretes-a-londres-manchester-et-swindon-soupconnes-de-preparer-des-attentats-04-05-2025-IUWSOD5YCJH2VIM4SSKXHK37U4.php\" target=\"_blank\" rel=\"noreferrer noopener\">la nature des attaques attribu\u00e9es \u00e0 l\u2019Iran<\/a>, ni o\u00f9 elles auraient eu lieu. Mais les pays Occidentaux assurent que les services iraniens \u00ab\u00a0collaborent de plus en plus avec des organisations criminelles internationales pour cibler des journalistes, des dissidents, des citoyens juifs et des fonctionnaires actuels et anciens en Europe et en Am\u00e9rique du Nord. C\u2019est inacceptable\u00a0\u00bb, ont ajout\u00e9 les signataires.<\/p>\n<p>Hausse \u00ab\u00a0consid\u00e9rable\u00a0\u00bb des attaques<\/p>\n<p class=\"paragraph text_align_left lp-f-body-02\">La Commission sur le renseignement et la s\u00e9curit\u00e9 (ISC) du Parlement britannique a r\u00e9cemment observ\u00e9 dans un rapport il y a quinze jours que la menace d\u2019attaques physiques men\u00e9es par l\u2019Iran sur le sol britannique avait augment\u00e9 de fa\u00e7on \u00ab\u00a0consid\u00e9rable\u00a0\u00bb, avec au moins 15 tentatives de meurtre ou d\u2019enl\u00e8vement depuis 2022.<\/p>\n<p class=\"paragraph text_align_left lp-f-body-02\">Et selon un rapport du renseignement n\u00e9erlandais, les Pays-Bas ont jug\u00e9 \u00ab\u00a0probable que l\u2019Iran soit responsable de tentatives d\u2019assassinat\u00a0\u00bb, citant le cas d\u2019un Iranien pris pour cible en juin\u00a02024.<\/p>\n<p class=\"paragraph text_align_left lp-f-body-02\"><a href=\"https:\/\/www.leparisien.fr\/international\/trump-vise-retribution-confessions-ce-que-lon-sait-des-projets-dassassinat-iraniens-aux-etats-unis-09-11-2024-YERCU33WNJBN3CCA2HS2IWZNTE.php\" target=\"_blank\" rel=\"noreferrer noopener\">Outre les \u00c9tats-Unis<\/a>, le Royaume-Uni, l\u2019Albanie, l\u2019Autriche, la Belgique, le Canada, la R\u00e9publique tch\u00e8que, le Danemark, la Finlande, la France, l\u2019Allemagne, les Pays-Bas, l\u2019Espagne et la Su\u00e8de sont signataires de cette d\u00e9claration. \u00ab\u00a0Nous nous engageons \u00e0 travailler ensemble pour emp\u00eacher que de tels actes ne se produisent et nous appelons les autorit\u00e9s iraniennes \u00e0 mettre imm\u00e9diatement fin \u00e0 ces activit\u00e9s ill\u00e9gales sur nos territoires respectifs\u00a0\u00bb, ont-ils dit.<\/p>\n","protected":false},"excerpt":{"rendered":"T\u00e9h\u00e9ran nie. La France, les \u00c9tats-Unis et une dizaine de pays alli\u00e9s ont accus\u00e9, jeudi, l\u2019Iran de mener&hellip;\n","protected":false},"author":2,"featured_media":289859,"comment_status":"","ping_status":"","sticky":false,"template":"","format":"standard","meta":{"footnotes":""},"categories":[1888],"tags":[1111,1928,11,1927,1777,674,1011,27,14,3019,12,1926,626,1925,25],"class_list":{"0":"post-289858","1":"post","2":"type-post","3":"status-publish","4":"format-standard","5":"has-post-thumbnail","7":"category-paris","8":"tag-actu","9":"tag-actu-paris","10":"tag-actualites","11":"tag-actualites-paris","12":"tag-eu","13":"tag-europe","14":"tag-fr","15":"tag-france","16":"tag-international","17":"tag-iran","18":"tag-news","19":"tag-news-paris","20":"tag-paris","21":"tag-paris-news","22":"tag-republique-francaise"},"share_on_mastodon":{"url":"https:\/\/pubeurope.com\/@fr\/114955494682382816","error":""},"_links":{"self":[{"href":"https:\/\/www.europesays.com\/fr\/wp-json\/wp\/v2\/posts\/289858","targetHints":{"allow":["GET"]}}],"collection":[{"href":"https:\/\/www.europesays.com\/fr\/wp-json\/wp\/v2\/posts"}],"about":[{"href":"https:\/\/www.europesays.com\/fr\/wp-json\/wp\/v2\/types\/post"}],"author":[{"embeddable":true,"href":"https:\/\/www.europesays.com\/fr\/wp-json\/wp\/v2\/users\/2"}],"replies":[{"embeddable":true,"href":"https:\/\/www.europesays.com\/fr\/wp-json\/wp\/v2\/comments?post=289858"}],"version-history":[{"count":0,"href":"https:\/\/www.europesays.com\/fr\/wp-json\/wp\/v2\/posts\/289858\/revisions"}],"wp:featuredmedia":[{"embeddable":true,"href":"https:\/\/www.europesays.com\/fr\/wp-json\/wp\/v2\/media\/289859"}],"wp:attachment":[{"href":"https:\/\/www.europesays.com\/fr\/wp-json\/wp\/v2\/media?parent=289858"}],"wp:term":[{"taxonomy":"category","embeddable":true,"href":"https:\/\/www.europesays.com\/fr\/wp-json\/wp\/v2\/categories?post=289858"},{"taxonomy":"post_tag","embeddable":true,"href":"https:\/\/www.europesays.com\/fr\/wp-json\/wp\/v2\/tags?post=289858"}],"curies":[{"name":"wp","href":"https:\/\/api.w.org\/{rel}","templated":true}]}}