{"id":289860,"date":"2025-08-01T20:53:10","date_gmt":"2025-08-01T20:53:10","guid":{"rendered":"https:\/\/www.europesays.com\/fr\/289860\/"},"modified":"2025-08-01T20:53:10","modified_gmt":"2025-08-01T20:53:10","slug":"rumeurs-dagressions-sexuelles-sur-des-bebes-a-lhopital-de-montreuil-les-nouveaux-elements","status":"publish","type":"post","link":"https:\/\/www.europesays.com\/fr\/289860\/","title":{"rendered":"Rumeurs d&rsquo;agressions sexuelles sur des b\u00e9b\u00e9s \u00e0 l&rsquo;h\u00f4pital de Montreuil : les nouveaux \u00e9l\u00e9ments"},"content":{"rendered":"<p>            Par<br \/>\n        <strong><br \/>\n            <a href=\"https:\/\/actu.fr\/auteur\/antoine-blanchet\" title=\"Consulter tous les articles de Antoine Blanchet\" rel=\"nofollow noopener\" target=\"_blank\">Antoine Blanchet<\/a><br \/>\n        <\/strong><\/p>\n<p>        Publi\u00e9 le<\/p>\n<p>            1 ao\u00fbt 2025 \u00e0 18h01        <\/p>\n<p>Encore beaucoup de flou, mais des informations qui se pr\u00e9cisent. Depuis mercredi 30 juillet 2025, des rumeurs <strong>\u00e9voquant des attouchements<\/strong><a href=\"https:\/\/actu.fr\/ile-de-france\/montreuil_93048\/rumeurs-d-agressions-sexuelles-sur-des-bebes-a-l-hopital-de-montreuil-les-nouveaux-elements_62990754.html\" rel=\"nofollow noopener\" target=\"_blank\">commis par une infirmi\u00e8re et son conjoint sur des b\u00e9b\u00e9s<\/a> \u00e0 l\u2019h\u00f4pital Andr\u00e9-Gr\u00e9goire de <a href=\"https:\/\/actu.fr\/ile-de-france\/montreuil_93048\" rel=\"nofollow noopener\" target=\"_blank\">Montreuil<\/a> (<a href=\"https:\/\/actu.fr\/ile-de-france\/seine-saint-denis_93\" rel=\"nofollow noopener\" target=\"_blank\">Seine-Saint-Denis<\/a>) se sont diffus\u00e9es sur les r\u00e9seaux sociaux. Le lendemain, une infirmi\u00e8re de l\u2019h\u00f4pital Andr\u00e9-Gr\u00e9goire de Montreuil a bien \u00e9t\u00e9 interpell\u00e9e pour <a href=\"https:\/\/actu.fr\/tag\/violences-sexuelles\" rel=\"nofollow noopener\" target=\"_blank\">agressions sexuelles sur mineurs<\/a>. De nouveaux \u00e9l\u00e9ments nous informent de son poste au sein de l\u2019\u00e9tablissement.\u00a0<\/p>\n<p>Infirmi\u00e8re en r\u00e9animation n\u00e9onatale<\/p>\n<p class=\" wall-content\">Ce vendredi, l\u2019h\u00f4pital a r\u00e9v\u00e9l\u00e9 qu\u2019elle ne travaillait pas \u00e0 la maternit\u00e9, mais<strong> au sein de la r\u00e9animation n\u00e9onatale<\/strong>. \u00ab\u00a0Le service de r\u00e9animation n\u00e9onatale prend en charge en grande majorit\u00e9 des b\u00e9b\u00e9s n\u00e9s pr\u00e9matur\u00e9ment. Les agissements de cette infirmi\u00e8re, s\u2019ils sont confirm\u00e9s par l\u2019enqu\u00eate de police actuellement en cours, sont une grave d\u00e9rive personnelle que l\u2019h\u00f4pital condamne fermement. Ils ne sont en aucun cas une pratique collective de service\u00a0\u00bb, pr\u00e9cise la direction du GHT Grand Paris Nord Est.\u00a0<\/p>\n<p>Une enqu\u00eate qui commence \u00e0 peine<\/p>\n<p class=\" wall-content\">Pour l\u2019heure, les actes commis par l\u2019infirmi\u00e8re, qui est toujours en garde \u00e0 vue avec son conjoint, ne sont pas d\u00e9termin\u00e9s. Une enqu\u00eate pour <strong>agressions sexuelles sur mineurs et diffusion d\u2019images p\u00e9dopornographiques<\/strong>. \u00ab\u00a0\u00c0 ce stade, les investigations sont en cours pour d\u00e9terminer la v\u00e9racit\u00e9 des d\u00e9clarations, et le cas \u00e9ch\u00e9ant le nombre et l\u2019identit\u00e9 des victimes\u00a0\u00bb, d\u00e9clare le <a href=\"https:\/\/actu.fr\/tag\/tribunal-de-bobigny\" rel=\"nofollow noopener\" target=\"_blank\">parquet de Bobigny<\/a> qui incite \u00e0 la plus grande prudence.\u00a0<\/p>\n<p class=\" wall-content\">De son c\u00f4t\u00e9, le groupe hospitalier a pris ses mesures contre l\u2019infirmi\u00e8re. \u00ab\u00a0La direction de l\u2019h\u00f4pital a imm\u00e9diatement r\u00e9agi suite \u00e0 la mise en garde \u00e0 vue de l\u2019infirmi\u00e8re. En effet, l\u2019infirmi\u00e8re en question a \u00e9t\u00e9 suspendue \u00e0 titre conservatoire en attendant les conclusions de l\u2019enqu\u00eate de police. Concernant les investigations actuellement en cours, la direction de l\u2019h\u00f4pital reste \u00e0 la disposition permanente du Parquet de Bobigny et apportera tout son concours aux \u00e9quipes polici\u00e8res pour que les auteurs de ces faits soient condamn\u00e9s\u00a0\u00bb.<\/p>\n<p class=\" wall-content\">L\u2019h\u00f4pital a indiqu\u00e9 <strong>qu\u2019il constituera partie civile<\/strong> dans le cadre des poursuites \u00e0 venir.\u00a0<br \/>\u00a0<\/p>\n<p class=\" wall-content\">Suivez toute l\u2019actualit\u00e9 de vos villes et m\u00e9dias favoris en vous inscrivant \u00e0 <a href=\"https:\/\/moncompte.actu.fr\" title=\"D\u00e9couvez Mon Actu\" rel=\"nofollow noopener\" data-trk=\"{&quot;cta&quot;:{&quot;action&quot;:&quot;https:\\\/\\\/moncompte.actu.fr&quot;,&quot;category&quot;:&quot;mon compte&quot;,&quot;from&quot;:&quot;article footer&quot;,&quot;name&quot;:&quot;Mon actu&quot;,&quot;type&quot;:&quot;cta&quot;}}\" target=\"_blank\">Mon Actu<\/a>.<\/p>\n","protected":false},"excerpt":{"rendered":"Par Antoine Blanchet Publi\u00e9 le 1 ao\u00fbt 2025 \u00e0 18h01 Encore beaucoup de flou, mais des informations qui&hellip;\n","protected":false},"author":2,"featured_media":289861,"comment_status":"","ping_status":"","sticky":false,"template":"","format":"standard","meta":{"footnotes":""},"categories":[1888],"tags":[11,1777,674,118,1011,27,12,626,25,799],"class_list":{"0":"post-289860","1":"post","2":"type-post","3":"status-publish","4":"format-standard","5":"has-post-thumbnail","7":"category-paris","8":"tag-actualites","9":"tag-eu","10":"tag-europe","11":"tag-faits-divers","12":"tag-fr","13":"tag-france","14":"tag-news","15":"tag-paris","16":"tag-republique-francaise","17":"tag-violences-sexuelles"},"share_on_mastodon":{"url":"https:\/\/pubeurope.com\/@fr\/114955498689737414","error":""},"_links":{"self":[{"href":"https:\/\/www.europesays.com\/fr\/wp-json\/wp\/v2\/posts\/289860","targetHints":{"allow":["GET"]}}],"collection":[{"href":"https:\/\/www.europesays.com\/fr\/wp-json\/wp\/v2\/posts"}],"about":[{"href":"https:\/\/www.europesays.com\/fr\/wp-json\/wp\/v2\/types\/post"}],"author":[{"embeddable":true,"href":"https:\/\/www.europesays.com\/fr\/wp-json\/wp\/v2\/users\/2"}],"replies":[{"embeddable":true,"href":"https:\/\/www.europesays.com\/fr\/wp-json\/wp\/v2\/comments?post=289860"}],"version-history":[{"count":0,"href":"https:\/\/www.europesays.com\/fr\/wp-json\/wp\/v2\/posts\/289860\/revisions"}],"wp:featuredmedia":[{"embeddable":true,"href":"https:\/\/www.europesays.com\/fr\/wp-json\/wp\/v2\/media\/289861"}],"wp:attachment":[{"href":"https:\/\/www.europesays.com\/fr\/wp-json\/wp\/v2\/media?parent=289860"}],"wp:term":[{"taxonomy":"category","embeddable":true,"href":"https:\/\/www.europesays.com\/fr\/wp-json\/wp\/v2\/categories?post=289860"},{"taxonomy":"post_tag","embeddable":true,"href":"https:\/\/www.europesays.com\/fr\/wp-json\/wp\/v2\/tags?post=289860"}],"curies":[{"name":"wp","href":"https:\/\/api.w.org\/{rel}","templated":true}]}}