{"id":289862,"date":"2025-08-01T20:54:33","date_gmt":"2025-08-01T20:54:33","guid":{"rendered":"https:\/\/www.europesays.com\/fr\/289862\/"},"modified":"2025-08-01T20:54:33","modified_gmt":"2025-08-01T20:54:33","slug":"mercato-paris-fonce-sur-un-nouveau-crack-du-barca","status":"publish","type":"post","link":"https:\/\/www.europesays.com\/fr\/289862\/","title":{"rendered":"Mercato, Paris fonce sur un nouveau crack du Bar\u00e7a"},"content":{"rendered":"<p class=\"mb-4 text-lg md:leading-8 break-words\">Le Paris FC continue de faire parler de lui sur le march\u00e9 des transferts.<a href=\"https:\/\/fr.news.yahoo.com\/sport\/ligue-1-grandes-ambitions-paris-173638614.html\" data-ylk=\"slk:\u00a0Boost\u00e9 par un ambitieux projet port\u00e9 par de nouveaux investisseurs, le club francilien veut frapper fort pour son retour en Ligue 1;elm:context_link;itc:0;sec:content-canvas;outcm:mb_qualified_link;_E:mb_qualified_link;ct:story;\" class=\"link  yahoo-link\" target=\"_blank\" rel=\"noopener\">\u00a0Boost\u00e9 par un ambitieux projet port\u00e9 par de nouveaux investisseurs, le club francilien veut frapper fort pour son retour en Ligue 1<\/a>. Apr\u00e8s plusieurs recrutements remarqu\u00e9s et un dossier br\u00fblant toujours en cours, un nom en provenance de Barcelone circule avec insistance. Un jeune talent promis \u00e0 un grand avenir pourrait bien poser ses valises dans la capitale fran\u00e7aise.<\/p>\n<p>Paris FC vise haut avec son mercato<img alt=\"Paris FC vise haut avec son mercato\" loading=\"lazy\" width=\"960\" height=\"540\" decoding=\"async\" data-nimg=\"1\" class=\"rounded-lg\" style=\"color:transparent\" src=\"https:\/\/www.europesays.com\/fr\/wp-content\/uploads\/2025\/08\/dc268bc2f7c4216840c9a19349dfeae9.jpeg\"\/><\/p>\n<p>Paris FC vise haut avec son mercato<\/p>\n<p class=\"mb-4 text-lg md:leading-8 break-words\">Depuis son rachat par le groupe dirig\u00e9 par Bernard Arnault, le Paris FC a chang\u00e9 de dimension. Le club francilien, bien d\u00e9cid\u00e9 \u00e0 ne pas faire de la figuration en Ligue 1, a d\u00e9j\u00e0 investi massivement : 9,5 millions d\u2019euros pour Nhoa Sangui, <a href=\"https:\/\/www.goal.com\/fr\/listes\/officiel-moses-simon-s-engage-avec-paris\/blt5db5c330a6ffdf76\" rel=\"nofollow noopener\" target=\"_blank\" data-ylk=\"slk:7 millions pour Moses Simon;elm:context_link;itc:0;sec:content-canvas\" class=\"link \">7 millions pour Moses Simon<\/a> et 17 millions pour Otavio, d\u00e9fenseur br\u00e9silien recrut\u00e9 \u00e0 Porto. Ce d\u00e9but de mercato annonce la couleur. L\u2019objectif est clair : b\u00e2tir un effectif comp\u00e9titif, jeune, ambitieux et capable de se stabiliser durablement dans l\u2019\u00e9lite.<\/p>\n<p class=\"mb-4 text-lg md:leading-8 break-words\">Dans cette logique, les dirigeants du PFC ont fait d\u2019Hamari Traor\u00e9 leur priorit\u00e9 au poste de lat\u00e9ral droit. <a href=\"https:\/\/www.footmercato.net\/a5237616490273323684-accord-paris-fc-real-sociedad-pour-hamari-traore\" rel=\"nofollow noopener\" target=\"_blank\" data-ylk=\"slk:Un accord aurait m\u00eame \u00e9t\u00e9 trouv\u00e9 avec la Real Sociedad, mais le dernier mot reviendra au joueur, indique Foot Mercato;elm:context_link;itc:0;sec:content-canvas\" class=\"link \">Un accord aurait m\u00eame \u00e9t\u00e9 trouv\u00e9 avec la Real Sociedad, mais le dernier mot reviendra au joueur, indique Foot Mercato<\/a>. En attendant son feu vert, le club explore d\u2019autres pistes pour anticiper un \u00e9ventuel refus.<\/p>\n<p>Le PFC s\u00e9duit par Hector Fort<img alt=\"Le PFC s\u00e9duit par Hector Fort\" loading=\"lazy\" width=\"960\" height=\"540\" decoding=\"async\" data-nimg=\"1\" class=\"rounded-lg\" style=\"color:transparent\" src=\"https:\/\/www.europesays.com\/fr\/wp-content\/uploads\/2025\/08\/c5feda2c16b5bafbc9434f2c1a77fc97.jpeg\"\/><\/p>\n<p>Le PFC s\u00e9duit par Hector Fort<\/p>\n<p class=\"mb-4 text-lg md:leading-8 break-words\">Parmi les profils \u00e9tudi\u00e9s, Hector Fort figure en bonne place. \u00c0 19 ans, le d\u00e9fenseur du Bar\u00e7a a disput\u00e9 17 rencontres de Liga cette saison, suffisamment pour attirer l\u2019attention. Selon L\u2019\u00c9quipe, le Paris FC surveille attentivement sa situation<a href=\"https:\/\/www.footmercato.net\/a6548973018333023245-le-paris-fc-tente-de-recruter-un-joueur-du-barca\" rel=\"nofollow noopener\" target=\"_blank\" data-ylk=\"slk:. Hansi Flick, nouvel entra\u00eeneur du Bar\u00e7a, n\u2019a pas cach\u00e9 son admiration pour le jeune joueur, mais la forte concurrence sur le flanc droit, notamment avec Jules Kound\u00e9, freine son ascension.;elm:context_link;itc:0;sec:content-canvas\" class=\"link \">. Hansi Flick, nouvel entra\u00eeneur du Bar\u00e7a, n\u2019a pas cach\u00e9 son admiration pour le jeune joueur, mais la forte concurrence sur le flanc droit, notamment avec Jules Kound\u00e9, freine son ascension.<\/a><\/p>\n<p class=\"mb-4 text-lg md:leading-8 break-words\">\u00a0<\/p>\n<p class=\"mb-4 text-lg md:leading-8 break-words\">Hector Fort, malgr\u00e9 son potentiel \u00e9vident, manque de visibilit\u00e9 en Catalogne. Ce contexte a favoris\u00e9 l\u2019int\u00e9r\u00eat du Paris FC, qui aimerait profiter de cette opportunit\u00e9. D\u2019autant que le club francilien, sous l\u2019influence strat\u00e9gique de Red Bull, mise sur la jeunesse et la progression \u00e0 moyen terme.<\/p>\n<p>Hector Fort, un profil parfaitement adapt\u00e9 au projet parisien<img alt=\"Hector Fort, un profil parfaitement adapt\u00e9 au projet parisien\" loading=\"lazy\" width=\"960\" height=\"540\" decoding=\"async\" data-nimg=\"1\" class=\"rounded-lg\" style=\"color:transparent\" src=\"https:\/\/www.europesays.com\/fr\/wp-content\/uploads\/2025\/08\/cd04cd01ff2956063bff9e18eda8a3eb.jpeg\"\/><\/p>\n<p>Hector Fort, un profil parfaitement adapt\u00e9 au projet parisien<\/p>\n<p class=\"mb-4 text-lg md:leading-8 break-words\">Le recrutement d\u2019Hector Fort serait un choix en phase avec la nouvelle politique du Paris FC. Son \u00e2ge, sa capacit\u00e9 \u00e0 jouer dans un syst\u00e8me exigeant et sa marge de progression correspondent aux crit\u00e8res fix\u00e9s par la cellule de recrutement. Avec Mathys Tourraine et Sofiane Alakouch d\u00e9j\u00e0 en poste, l\u2019arriv\u00e9e d\u2019un talent comme Hector Fort renforcerait la concurrence et offrirait une solution d\u2019avenir.<\/p>\n<p class=\"mb-4 text-lg md:leading-8 break-words\">Pour l\u2019instant, aucun d\u00e9tail n\u2019a filtr\u00e9 sur la forme que pourrait prendre cette op\u00e9ration. Mais en cas d\u2019\u00e9chec du dossier Hamari Traor\u00e9, la piste Hector Fort pourrait s\u2019acc\u00e9l\u00e9rer tr\u00e8s rapidement. Le mercato du Paris FC est loin d\u2019\u00eatre termin\u00e9.<\/p>\n","protected":false},"excerpt":{"rendered":"Le Paris FC continue de faire parler de lui sur le march\u00e9 des transferts.\u00a0Boost\u00e9 par un ambitieux projet&hellip;\n","protected":false},"author":2,"featured_media":289863,"comment_status":"","ping_status":"","sticky":false,"template":"","format":"standard","meta":{"footnotes":""},"categories":[1888],"tags":[11,3820,1777,674,21167,7482,1011,27,42887,42893,6563,42889,13298,12,42888,42892,626,445,42891,25,42890],"class_list":{"0":"post-289862","1":"post","2":"type-post","3":"status-publish","4":"format-standard","5":"has-post-thumbnail","7":"category-paris","8":"tag-actualites","9":"tag-bernard-arnault","10":"tag-eu","11":"tag-europe","12":"tag-foot-mercato","13":"tag-fort","14":"tag-fr","15":"tag-france","16":"tag-hector","17":"tag-kounde","18":"tag-le-club","19":"tag-mathys-tourraine","20":"tag-moses-simon","21":"tag-news","22":"tag-nhoa-sangui","23":"tag-otavio","24":"tag-paris","25":"tag-paris-fc","26":"tag-real-sociedad","27":"tag-republique-francaise","28":"tag-sofiane-alakouch"},"share_on_mastodon":{"url":"https:\/\/pubeurope.com\/@fr\/114955502781715712","error":""},"_links":{"self":[{"href":"https:\/\/www.europesays.com\/fr\/wp-json\/wp\/v2\/posts\/289862","targetHints":{"allow":["GET"]}}],"collection":[{"href":"https:\/\/www.europesays.com\/fr\/wp-json\/wp\/v2\/posts"}],"about":[{"href":"https:\/\/www.europesays.com\/fr\/wp-json\/wp\/v2\/types\/post"}],"author":[{"embeddable":true,"href":"https:\/\/www.europesays.com\/fr\/wp-json\/wp\/v2\/users\/2"}],"replies":[{"embeddable":true,"href":"https:\/\/www.europesays.com\/fr\/wp-json\/wp\/v2\/comments?post=289862"}],"version-history":[{"count":0,"href":"https:\/\/www.europesays.com\/fr\/wp-json\/wp\/v2\/posts\/289862\/revisions"}],"wp:featuredmedia":[{"embeddable":true,"href":"https:\/\/www.europesays.com\/fr\/wp-json\/wp\/v2\/media\/289863"}],"wp:attachment":[{"href":"https:\/\/www.europesays.com\/fr\/wp-json\/wp\/v2\/media?parent=289862"}],"wp:term":[{"taxonomy":"category","embeddable":true,"href":"https:\/\/www.europesays.com\/fr\/wp-json\/wp\/v2\/categories?post=289862"},{"taxonomy":"post_tag","embeddable":true,"href":"https:\/\/www.europesays.com\/fr\/wp-json\/wp\/v2\/tags?post=289862"}],"curies":[{"name":"wp","href":"https:\/\/api.w.org\/{rel}","templated":true}]}}