{"id":289874,"date":"2025-08-01T21:01:13","date_gmt":"2025-08-01T21:01:13","guid":{"rendered":"https:\/\/www.europesays.com\/fr\/289874\/"},"modified":"2025-08-01T21:01:13","modified_gmt":"2025-08-01T21:01:13","slug":"pour-la-presse-la-suisse-doit-se-rapprocher-de-lunion-europeenne-rts-ch","status":"publish","type":"post","link":"https:\/\/www.europesays.com\/fr\/289874\/","title":{"rendered":"Pour la presse, la Suisse doit se rapprocher de l&rsquo;Union europ\u00e9enne &#8211; rts.ch"},"content":{"rendered":"<p>La petite Suisse \u00e9tait trop faible pour se d\u00e9fendre face aux Etats-Unis, estime la presse helv\u00e9tique apr\u00e8s l&rsquo;annonce de l&rsquo;imposition de droits de douane de 39%. De nombreux titres soulignent la n\u00e9cessit\u00e9 d&rsquo;un rapprochement avec l&rsquo;Union europ\u00e9enne.<\/p>\n<p>\u00ab\u00a0L&rsquo;image est celle d&rsquo;un gros matou qui a attrap\u00e9 une petite souris\u00a0\u00bb, \u00e9crivent 24 heures et la Tribune de Gen\u00e8ve. Pour eux, la Suisse doit ouvrir les yeux et se rendre compte de deux choses: qu&rsquo;on ne traite plus avec les Etats-Unis comme avec un partenaire fiable et ensuite que la strat\u00e9gie de partir seul au combat \u00e9tait une erreur et qu&rsquo;il aurait fallu miser sur une alliance. L&rsquo;Union europ\u00e9enne, elle, s&rsquo;en est sortie avec une hausse limit\u00e9e \u00e0 15%, rappellent les journaux.<\/p>\n<p>Le Temps titre pour sa part sur \u00ab\u00a0le p\u00e9ch\u00e9 de confiance\u00a0\u00bb de la Suisse. Sa petite taille lui offrait peu de moyens de pression, contrairement \u00e0 ceux qu&rsquo;ont pu mobiliser la Chine ou l&rsquo;UE. La Conf\u00e9d\u00e9ration est isol\u00e9e politiquement et avec peu de leviers \u00e0 actionner, ajoute le quotidien.<\/p>\n<p>Selon lui, les arguments en faveur d&rsquo;un possible accord sont \u00ab\u00a0tout \u00e0 fait vrais et rationnels\u00a0\u00bb. Mais l&rsquo;id\u00e9e que la Suisse aurait une relation privil\u00e9gi\u00e9e avec les Etats-Unis est une chim\u00e8re. Donald Trump a d\u00e9montr\u00e9 \u00e0 plusieurs reprises qu&rsquo;il n&rsquo;h\u00e9sitait pas \u00e0 s&rsquo;attaquer aux alli\u00e9s historiques de son pays et que la rationalit\u00e9 et la bonne volont\u00e9 n&rsquo;ont que peu d&rsquo;importance dans ces discussions.<\/p>\n<p><strong class=\"inline-title\">&gt;&gt; Lire aussi\u00a0: <\/strong><a href=\"https:\/\/www.rts.ch\/info\/economie\/2025\/minute-par-minute\/28956584.html\" data-item-id=\"richtext_link\" target=\"_blank\" rel=\"noopener\">Les 39% de taxes inflig\u00e9s \u00e0 la Suisse sont \u00ab\u00a0une surprise\u00a0\u00bb et une \u00ab\u00a0d\u00e9ception\u00a0\u00bb, d\u00e9clare Karin Keller-Sutter<\/a><\/p>\n<p>\u00ab\u00a0Ridiculis\u00e9\u00a0\u00bb<\/p>\n<p>La petitesse de notre pays sur le plan international a tr\u00e8s clairement jou\u00e9 en sa d\u00e9faveur, \u00e9crivent le Nouvelliste, Arcinfo et la C\u00f4te, pour qui le Conseil f\u00e9d\u00e9ral \u00ab\u00a0ressort ridiculis\u00e9 de ces derniers mois de n\u00e9gociations\u00a0\u00bb.<\/p>\n<p>Dans un monde o\u00f9 les r\u00e8gles de libre-\u00e9change volent en \u00e9clat et o\u00f9 les grandes puissances font leur loi, faire cavalier seul n&rsquo;est plus une option. Il faut pouvoir compter sur un alli\u00e9 fort, sur lequel on sait pouvoir s&rsquo;appuyer durablement. Cet alli\u00e9 existe d\u00e9j\u00e0: c&rsquo;est l&rsquo;UE. S&rsquo;en rapprocher sans l&rsquo;int\u00e9grer doit rester une priorit\u00e9 pour le gouvernement, affirment les trois titres du groupe ESH.<\/p>\n<p><strong class=\"inline-title\">&gt;&gt; Lire aussi\u00a0: <\/strong><a href=\"https:\/\/www.rts.ch\/info\/monde\/2025\/article\/trump-menace-les-pharmas-de-represailles-si-elles-ne-baissent-pas-leurs-prix-28957585.html\" data-item-id=\"richtext_link\" target=\"_blank\" rel=\"noopener\">Donald Trump exige que les pharmas baissent leurs prix sous peine de sanctions<\/a><\/p>\n<p>Trouver des alli\u00e9s<\/p>\n<p>Parlant de \u00ab\u00a0fiasco\u00a0\u00bb, les journaux al\u00e9maniques du groupe Tamedia estiment eux aussi que le temps est venu d&rsquo;abandonner l&rsquo;id\u00e9e d&rsquo;une relation particuli\u00e8re avec Washington. Donald Trump veut au contraire mettre la Suisse sous pression et en profiter.<\/p>\n<p>La Suisse, mise en sc\u00e8ne comme un cas particulier, est bien seule. Si une superpuissance \u00e9l\u00e8ve le chaos en principe, un petit pays n&rsquo;a pas beaucoup de marge de manoeuvre: il doit s&rsquo;arranger tant bien que mal avec la \u00ab\u00a0machine arbitraire de Washington\u00a0\u00bb. Et se tourner vers des partenaires plus fiables, en premier lieu \u00e0 Bruxelles.<\/p>\n<p>\u00ab\u00a0Il faudra se souvenir de ce rapport de forces (&#8230;) lorsque nous devrons voter sur nos futures relations avec l&rsquo;UE\u00a0\u00bb, abondent 24 heures et la Tribune de Gen\u00e8ve. \u00ab\u00a0Car m\u00eame si tout n&rsquo;est pas rose avec Bruxelles, jamais elle ne nous a ridiculis\u00e9s \u00e0 ce point.\u00a0\u00bb<\/p>\n<p><strong class=\"inline-title\">&gt;&gt; Lire aussi\u00a0: <\/strong><a href=\"https:\/\/www.rts.ch\/info\/economie\/2025\/article\/droits-de-douane-us-la-suisse-reagit-et-cherche-une-solution-negociee-28957794.html\" data-item-id=\"richtext_link\" target=\"_blank\" rel=\"noopener\">Berne r\u00e9agit \u00ab\u00a0avec grand regret\u00a0\u00bb \u00e0 la d\u00e9cision am\u00e9ricaines, milieux \u00e9conomiques et politiques inquiets<\/a><\/p>\n<p>NZZ: \u00ab\u00a0Se lamenter ne sert \u00e0 rien\u00a0\u00bb<\/p>\n<p>\u00ab\u00a0Se lamenter ne sert \u00e0 rien\u00a0\u00bb, estime la Neue Z\u00fcrcher Zeitung. \u00ab\u00a0La Suisse sous pression doit faire tout ce qui est en son pouvoir pour \u00e9viter une crise \u00e9conomique.\u00a0\u00bb Heureusement, la diversification hors des \u00c9tats-Unis est d\u00e9j\u00e0 bien avanc\u00e9e. Il s&rsquo;agit d\u00e9sormais de miser sur un maximum d&rsquo;accords de libre-\u00e9change et sur leur actualisation. Les accords avec l&rsquo;Inde et le Mercosur sont novateurs. Il faut \u00e9galement saisir l&rsquo;occasion avec la Chine.<\/p>\n<p>Le titre zurichois n&rsquo;oublie pas le voisin europ\u00e9en. Selon lui, pour la Suisse, il n&rsquo;y a pas d&rsquo;alternative \u00e0 l&rsquo;Europe: \u00ab\u00a0il est d\u00e9sormais plus que jamais imp\u00e9ratif de normaliser les relations avec l&rsquo;UE et de garantir aux entreprises suisses l&rsquo;acc\u00e8s au march\u00e9 int\u00e9rieur europ\u00e9en gr\u00e2ce aux nouveaux accords bilat\u00e9raux\u00a0\u00bb.<\/p>\n<p><strong class=\"inline-title\">&gt;&gt; Lire aussi\u00a0: <\/strong><a href=\"https:\/\/www.rts.ch\/info\/economie\/2025\/article\/droits-de-douane-us-la-suisse-reagit-et-cherche-une-solution-negociee-28957794.html\" data-item-id=\"richtext_link\" target=\"_blank\" rel=\"noopener\">Berne r\u00e9agit \u00ab\u00a0avec grand regret\u00a0\u00bb \u00e0 la d\u00e9cision am\u00e9ricaines, milieux \u00e9conomiques et politiques inquiets<\/a><\/p>\n<p>\u00ab\u00a0Marignan\u00a0\u00bb<\/p>\n<p>Le Blick al\u00e9manique titre pour sa part sur \u00ab\u00a0la plus grande d\u00e9faite depuis Marignan\u00a0\u00bb. La Suisse a besoin d&rsquo;unit\u00e9 au niveau politique et de partenaires fiables. Il faut serrer les rangs, faute de quoi les ann\u00e9es fastes seront r\u00e9volues. La droite doit se r\u00e9signer au rapprochement avec l&rsquo;UE et la gauche doit cesser de combattre les accords de libre-\u00e9change.<\/p>\n<p>Le portail Watson constate pour sa part que la pression augmente sur la Suisse. Le monde selon Trump met \u00e0 rude \u00e9preuve le mod\u00e8le de r\u00e9ussite helv\u00e9tique, bien que le Conseil f\u00e9d\u00e9ral ait tout fait pour adoucir le locataire de la Maison Blanche. Le mod\u00e8le consistant \u00e0 s&rsquo;arranger d&rsquo;une mani\u00e8re ou d&rsquo;une autre avec tout le monde fonctionne encore, mais il a du plomb dans l&rsquo;aile.<\/p>\n<p>Apr\u00e8s le premier entretien entre la pr\u00e9sidente de la Conf\u00e9d\u00e9ration Karin Keller-Sutter et Donald Trump, on pouvait avoir l&rsquo;impression que la Suisse \u00e9tait \u00ab\u00a0petite mais influente\u00a0\u00bb, \u00e9crit la Luzerner Zeitung. Aujourd&rsquo;hui, le pr\u00e9sident am\u00e9ricain montre l&rsquo;importance d&rsquo;un monde r\u00e9gi par des r\u00e8gles, telles que celles que le Conseil f\u00e9d\u00e9ral a n\u00e9goci\u00e9es avec l&rsquo;Union europ\u00e9enne.<\/p>\n<p class=\"sources\">ats\/ebz<\/p>\n","protected":false},"excerpt":{"rendered":"La petite Suisse \u00e9tait trop faible pour se d\u00e9fendre face aux Etats-Unis, estime la presse helv\u00e9tique apr\u00e8s l&rsquo;annonce&hellip;\n","protected":false},"author":2,"featured_media":289875,"comment_status":"","ping_status":"","sticky":false,"template":"","format":"standard","meta":{"footnotes":""},"categories":[1586],"tags":[11,75,33,6359,73,1777,674,1779,1011,27,12,316,2543,25,3067,1778,364],"class_list":{"0":"post-289874","1":"post","2":"type-post","3":"status-publish","4":"format-standard","5":"has-post-thumbnail","7":"category-europe","8":"tag-actualites","9":"tag-donald-trump","10":"tag-economie","11":"tag-economie-et-finances","12":"tag-etats-unis","13":"tag-eu","14":"tag-europe","15":"tag-european-union","16":"tag-fr","17":"tag-france","18":"tag-news","19":"tag-politique","20":"tag-relations-internationales","21":"tag-republique-francaise","22":"tag-suisse","23":"tag-ue","24":"tag-union-europeenne"},"share_on_mastodon":{"url":"https:\/\/pubeurope.com\/@fr\/114955530033065486","error":""},"_links":{"self":[{"href":"https:\/\/www.europesays.com\/fr\/wp-json\/wp\/v2\/posts\/289874","targetHints":{"allow":["GET"]}}],"collection":[{"href":"https:\/\/www.europesays.com\/fr\/wp-json\/wp\/v2\/posts"}],"about":[{"href":"https:\/\/www.europesays.com\/fr\/wp-json\/wp\/v2\/types\/post"}],"author":[{"embeddable":true,"href":"https:\/\/www.europesays.com\/fr\/wp-json\/wp\/v2\/users\/2"}],"replies":[{"embeddable":true,"href":"https:\/\/www.europesays.com\/fr\/wp-json\/wp\/v2\/comments?post=289874"}],"version-history":[{"count":0,"href":"https:\/\/www.europesays.com\/fr\/wp-json\/wp\/v2\/posts\/289874\/revisions"}],"wp:featuredmedia":[{"embeddable":true,"href":"https:\/\/www.europesays.com\/fr\/wp-json\/wp\/v2\/media\/289875"}],"wp:attachment":[{"href":"https:\/\/www.europesays.com\/fr\/wp-json\/wp\/v2\/media?parent=289874"}],"wp:term":[{"taxonomy":"category","embeddable":true,"href":"https:\/\/www.europesays.com\/fr\/wp-json\/wp\/v2\/categories?post=289874"},{"taxonomy":"post_tag","embeddable":true,"href":"https:\/\/www.europesays.com\/fr\/wp-json\/wp\/v2\/tags?post=289874"}],"curies":[{"name":"wp","href":"https:\/\/api.w.org\/{rel}","templated":true}]}}