{"id":289878,"date":"2025-08-01T21:03:16","date_gmt":"2025-08-01T21:03:16","guid":{"rendered":"https:\/\/www.europesays.com\/fr\/289878\/"},"modified":"2025-08-01T21:03:16","modified_gmt":"2025-08-01T21:03:16","slug":"mercato-om-igor-paixao-fait-ses-adieux-a-feyenoord-et-se-sent-pret-pour-la-prochaine-etape","status":"publish","type":"post","link":"https:\/\/www.europesays.com\/fr\/289878\/","title":{"rendered":"Mercato OM. Igor Paixao fait ses adieux \u00e0 Feyenoord et se sent \u00ab\u00a0pr\u00eat pour la prochaine \u00e9tape\u00a0\u00bb"},"content":{"rendered":"<p>C&rsquo;est d\u00e9sormais officiel, <a href=\"https:\/\/www.laprovence.com\/article\/om\/98664228535678\/om-igor-paixao-est-arrive-a-marignane\" target=\"_blank\" rel=\"noopener\">Igor Paixao est un joueur de l&rsquo;OM<\/a>. \u00a0Le club a publi\u00e9 une vid\u00e9o hier pour confirmer la signature de la recrue la plus ch\u00e8re de son histoire. Quelques heures plus t\u00f4t, l&rsquo;ancien club du Br\u00e9silien avait annonc\u00e9 lui aussi le transfert dans un communiqu\u00e9 et via une vid\u00e9o d&rsquo;adieu mettant en lumi\u00e8re les plus belles r\u00e9alisations de l&rsquo;ailier.<\/p>\n<p>\u00ab\u00a0Le Feyenoord a trouv\u00e9 un accord avec l&rsquo;Olympique de Marseille pour le transfert d&rsquo;Igor Paix\u00e3o. L&rsquo;ailier br\u00e9silien de 25 ans \u00e9tait sous contrat avec le Feyenoord jusqu&rsquo;\u00e0 mi-2029, mais quittera imm\u00e9diatement Rotterdam pour la ville c\u00f4ti\u00e8re du sud de la France afin d&rsquo;\u00e9voluer en Ligue 1\u00a0\u00bb, a-t-il \u00e9crit.<\/p>\n<p>\u00ab\u00a0Il y a trois ans, Feyenoord m&rsquo;a emmen\u00e9 en Europe, o\u00f9 j&rsquo;esp\u00e9rais percer comme footballeur professionnel. Ce fut un succ\u00e8s retentissant. J&rsquo;ai remport\u00e9 plusieurs troph\u00e9es ici et je me suis d\u00e9velopp\u00e9 ici, tant en tant que joueur que sur le plan personnel. C&rsquo;est pourquoi je me sens maintenant pr\u00eat pour la prochaine \u00e9tape. Un nouveau et merveilleux d\u00e9fi m&rsquo;attend \u00e0 l&rsquo;Olympique de Marseille, en France et en Europe,\u00a0\u00bb y d\u00e9clare le joueur.<\/p>\n<p>Il devient alors, par extension, officiellement <a href=\"https:\/\/www.laprovence.com\/article\/om\/27304869984499\/mercato-om-paixao-vitinha-wahi-le-top-10-des-transferts-les-plus-chers-dans-le-sens-des-arrivees\" target=\"_blank\" rel=\"noopener\">la recrue la plus ch\u00e8re de l&rsquo;histoire du club<\/a>, arriv\u00e9 pour 30 millions d&rsquo;euros + 5 de bonus apr\u00e8s une saison exceptionnelle du c\u00f4t\u00e9 des Pays-Bas (18 buts et 19 passes d\u00e9cisives, toutes comp\u00e9titions confondues) dont les images spectaculaires ont \u00e9t\u00e9 compil\u00e9es par le 3e de la derni\u00e8re saison d&rsquo;Eredivise.<\/p>\n<p>L&rsquo;Olympique a publi\u00e9 ce vendredi une vid\u00e9o d&rsquo;annonce de l&rsquo;arriv\u00e9e de l&rsquo;ailier de poche qui aura quelques semaines pour se pr\u00e9parer \u00e0 devoir supporter ce fardeau devant le public marseillais, forfait pour le match amical face \u00e0 S\u00e9ville ce samedi. La date de son indisponibilit\u00e9 \u00e0 cause d&rsquo;une blessure musculaire n&rsquo;est pas connue.<\/p>\n<p>N\u00e9anmoins, l&rsquo;homme qui a \u00e9t\u00e9 arrach\u00e9 \u00e0 Leeds apr\u00e8s d&rsquo;\u00e2pres n\u00e9gociations avec les dirigeants n\u00e9erlandais a d\u00e9j\u00e0 eu droit \u00e0 un avant-go\u00fbt de l&rsquo;enthousiasme qui entoure sa venue \u00e0 Marseille avec <a href=\"https:\/\/www.laprovence.com\/article\/om\/33611974365596\/mercato-l-om-offre-un-bain-de-foule-a-igor-paixao\" target=\"_blank\" rel=\"noopener\">un premier bain de foule<\/a> \u00e0 l&rsquo;Aviation civile de Marignane jeudi.\u00a0<\/p>\n","protected":false},"excerpt":{"rendered":"C&rsquo;est d\u00e9sormais officiel, Igor Paixao est un joueur de l&rsquo;OM. \u00a0Le club a publi\u00e9 une vid\u00e9o hier pour&hellip;\n","protected":false},"author":2,"featured_media":289879,"comment_status":"","ping_status":"","sticky":false,"template":"","format":"standard","meta":{"footnotes":""},"categories":[2],"tags":[17,11,42895,21,1011,27,42635,1434,12,149,42135,25,2407],"class_list":{"0":"post-289878","1":"post","2":"type-post","3":"status-publish","4":"format-standard","5":"has-post-thumbnail","7":"category-actualites","8":"tag-17","9":"tag-actualites","10":"tag-adieux","11":"tag-fait","12":"tag-fr","13":"tag-france","14":"tag-igor","15":"tag-mercato","16":"tag-news","17":"tag-om","18":"tag-paixao","19":"tag-republique-francaise","20":"tag-ses"},"share_on_mastodon":{"url":"https:\/\/pubeurope.com\/@fr\/114955537918619179","error":""},"_links":{"self":[{"href":"https:\/\/www.europesays.com\/fr\/wp-json\/wp\/v2\/posts\/289878","targetHints":{"allow":["GET"]}}],"collection":[{"href":"https:\/\/www.europesays.com\/fr\/wp-json\/wp\/v2\/posts"}],"about":[{"href":"https:\/\/www.europesays.com\/fr\/wp-json\/wp\/v2\/types\/post"}],"author":[{"embeddable":true,"href":"https:\/\/www.europesays.com\/fr\/wp-json\/wp\/v2\/users\/2"}],"replies":[{"embeddable":true,"href":"https:\/\/www.europesays.com\/fr\/wp-json\/wp\/v2\/comments?post=289878"}],"version-history":[{"count":0,"href":"https:\/\/www.europesays.com\/fr\/wp-json\/wp\/v2\/posts\/289878\/revisions"}],"wp:featuredmedia":[{"embeddable":true,"href":"https:\/\/www.europesays.com\/fr\/wp-json\/wp\/v2\/media\/289879"}],"wp:attachment":[{"href":"https:\/\/www.europesays.com\/fr\/wp-json\/wp\/v2\/media?parent=289878"}],"wp:term":[{"taxonomy":"category","embeddable":true,"href":"https:\/\/www.europesays.com\/fr\/wp-json\/wp\/v2\/categories?post=289878"},{"taxonomy":"post_tag","embeddable":true,"href":"https:\/\/www.europesays.com\/fr\/wp-json\/wp\/v2\/tags?post=289878"}],"curies":[{"name":"wp","href":"https:\/\/api.w.org\/{rel}","templated":true}]}}