{"id":28988,"date":"2025-04-16T10:10:21","date_gmt":"2025-04-16T10:10:21","guid":{"rendered":"https:\/\/www.europesays.com\/fr\/28988\/"},"modified":"2025-04-16T10:10:21","modified_gmt":"2025-04-16T10:10:21","slug":"diffusion-motogp-a-quelle-heure-et-sur-quelle-chaine-suivre-le-gp-de-grande-bretagne-en-direct","status":"publish","type":"post","link":"https:\/\/www.europesays.com\/fr\/28988\/","title":{"rendered":"Diffusion MotoGP : \u00e0 quelle heure et sur quelle cha\u00eene suivre le GP de Grande-Bretagne en direct ?"},"content":{"rendered":"<p class=\"paragraph text_align_left\">En juillet, le Grand Prix d\u2019Allemagne s\u2019est sold\u00e9 par la victoire du champion en titre. Le pilote Ducati s\u2019est impos\u00e9 face \u00e0 Marc Marquez et \u00e0 Alex Marquez. C\u2019est la sixi\u00e8me fois cette saison que Francesco Bagnaia passe la ligne d\u2019arriv\u00e9e en t\u00eate. Au classement, l\u2019Italien monte sur la premi\u00e8re marche du podium (222 points), devant Jorge Martin (212 points) et Marc Marquez (166 points). Du c\u00f4t\u00e9 fran\u00e7ais, Fabio Quartararo et Johann Zarco sont respectivement quinzi\u00e8me (44 points) et dix-neuvi\u00e8me (12 points). Ce dimanche, les concurrents se retrouvent sur la piste de Silverstone. Le trac\u00e9 s\u2019\u00e9tend sur 5, 9 kilom\u00e8tres et comporte dix-huit virages, qui mettent \u00e0 rude \u00e9preuve les freins, les pneumatiques et les participants. La ligne droite de 770 m\u00e8tres, quant \u00e0 elle, offre de nombreuses opportunit\u00e9s de d\u00e9passements. Arriv\u00e9 deuxi\u00e8me en 2023, Pecco n\u2019a pas d\u2019autre choix que de remporter cette course pour se rapprocher d\u2019un nouveau sacre. Dans ces lignes, on vous dit \u00e0 quelle heure et sur quelle cha\u00eene <a href=\"http:\/\/bit.ly\/3KoJDu8\" target=\"_blank\" rel=\"sponsored nofollow noopener\">regarder le Grand Prix de la MotoGP de Grande-Bretagne en direct ce dimanche apr\u00e8s-midi<\/a>.<\/p>\n<p class=\"paragraph text_align_left\"><b>D\u00e9couvrez ici <\/b><a href=\"http:\/\/bit.ly\/3KoJDu8\" target=\"_blank\" rel=\"sponsored nofollow noopener\"><b>les offres CANAL+ pour suivre la MotoGP<\/b><\/a><\/p>\n<p>Moto GP : sur quelle cha\u00eene suivre la diffusion du GP de Grande-Bretagne en direct ?<\/p>\n<p class=\"paragraph text_align_left\"><b>Le Grand Prix de la MotoGP de Grande-Bretagne est diffus\u00e9 ce dimanche 4 ao\u00fbt <\/b><a href=\"http:\/\/bit.ly\/3KoJDu8\" target=\"_blank\" rel=\"sponsored nofollow noopener\"><b>en direct sur la cha\u00eene CANAL+<\/b><\/a><b>. Le d\u00e9part de la course est pr\u00e9vu \u00e0 14 heures, sur le circuit de Silverstone. <\/b>Les commentateurs font le point sur le classement et les derni\u00e8res actualit\u00e9s de la MotoGP, avant de d\u00e9crypter les performances des pilotes et les temps forts.<\/p>\n","protected":false},"excerpt":{"rendered":"En juillet, le Grand Prix d\u2019Allemagne s\u2019est sold\u00e9 par la victoire du champion en titre. Le pilote Ducati&hellip;\n","protected":false},"author":2,"featured_media":28989,"comment_status":"","ping_status":"","sticky":false,"template":"","format":"standard","meta":{"footnotes":""},"categories":[1413],"tags":[10164,10163,1011,27,10165,749,1457,1456,1458,60],"class_list":{"0":"post-28988","1":"post","2":"type-post","3":"status-publish","4":"format-standard","5":"has-post-thumbnail","7":"category-moto","8":"tag-diffusion-motogp","9":"tag-en-ce-moment","10":"tag-fr","11":"tag-france","12":"tag-gp-motogp","13":"tag-guide-shopping","14":"tag-moto","15":"tag-motocycle","16":"tag-motogp","17":"tag-sports"},"share_on_mastodon":{"url":"https:\/\/pubeurope.com\/@fr\/114347102917069381","error":""},"_links":{"self":[{"href":"https:\/\/www.europesays.com\/fr\/wp-json\/wp\/v2\/posts\/28988","targetHints":{"allow":["GET"]}}],"collection":[{"href":"https:\/\/www.europesays.com\/fr\/wp-json\/wp\/v2\/posts"}],"about":[{"href":"https:\/\/www.europesays.com\/fr\/wp-json\/wp\/v2\/types\/post"}],"author":[{"embeddable":true,"href":"https:\/\/www.europesays.com\/fr\/wp-json\/wp\/v2\/users\/2"}],"replies":[{"embeddable":true,"href":"https:\/\/www.europesays.com\/fr\/wp-json\/wp\/v2\/comments?post=28988"}],"version-history":[{"count":0,"href":"https:\/\/www.europesays.com\/fr\/wp-json\/wp\/v2\/posts\/28988\/revisions"}],"wp:featuredmedia":[{"embeddable":true,"href":"https:\/\/www.europesays.com\/fr\/wp-json\/wp\/v2\/media\/28989"}],"wp:attachment":[{"href":"https:\/\/www.europesays.com\/fr\/wp-json\/wp\/v2\/media?parent=28988"}],"wp:term":[{"taxonomy":"category","embeddable":true,"href":"https:\/\/www.europesays.com\/fr\/wp-json\/wp\/v2\/categories?post=28988"},{"taxonomy":"post_tag","embeddable":true,"href":"https:\/\/www.europesays.com\/fr\/wp-json\/wp\/v2\/tags?post=28988"}],"curies":[{"name":"wp","href":"https:\/\/api.w.org\/{rel}","templated":true}]}}