{"id":289882,"date":"2025-08-01T21:05:13","date_gmt":"2025-08-01T21:05:13","guid":{"rendered":"https:\/\/www.europesays.com\/fr\/289882\/"},"modified":"2025-08-01T21:05:13","modified_gmt":"2025-08-01T21:05:13","slug":"lisle-jourdain-golf-80-joueurs-au-depart-du-30e-trophee-de-la-ville","status":"publish","type":"post","link":"https:\/\/www.europesays.com\/fr\/289882\/","title":{"rendered":"L&rsquo;Isle-Jourdain. Golf : 80 joueurs au d\u00e9part du 30e troph\u00e9e de la ville"},"content":{"rendered":"<p>Le 27 juillet, l\u2019Association sportive du golf de Las Martines (ASGLM) organisait son trenti\u00e8me troph\u00e9e de la ville de L\u2019Isle-Jourdain. Avec une participation de 80 joueurs, l\u2019\u00e9preuve s\u2019est d\u00e9roul\u00e9e sur un parcours soigneusement entretenu par l\u2019\u00e9quipe des jardiniers.<\/p>\n<p>Les r\u00e9sultats : en 9 trous, en brut, H\u00e9l\u00e8ne Bergugnat chez les dames et Pierre Ghisleni chez les hommes sont arriv\u00e9s premiers. En net, ce sont Colette Faure et Jean-Yves Lansalade qui ont termin\u00e9 en t\u00eate. En 2e s\u00e9rie, Sandra Rouquette pour les dames et Eric Holubeen nu ont remport\u00e9 le brut, tandis que le net a \u00e9t\u00e9 attribu\u00e9 \u00e0 Marie-Jo Dellieux et S\u00e9bastian Noorlander. En 1\u02b3\u1d49 s\u00e9rie, Luce Dufr\u00e9chou chez les dames et Ludovic Autet chez les hommes ont pris la premi\u00e8re place.<\/p>\n<p>La journ\u00e9e s\u2019est conclue dans une ambiance chaleureuse autour du pot de l\u2019amiti\u00e9. L\u2019ASGLM remercie les commer\u00e7ants de L\u2019Isle-Jourdain qui ont contribu\u00e9 \u00e0 la remise des nombreux lots.<\/p>\n","protected":false},"excerpt":{"rendered":"Le 27 juillet, l\u2019Association sportive du golf de Las Martines (ASGLM) organisait son trenti\u00e8me troph\u00e9e de la ville&hellip;\n","protected":false},"author":2,"featured_media":289883,"comment_status":"","ping_status":"","sticky":false,"template":"","format":"standard","meta":{"footnotes":""},"categories":[1418],"tags":[1011,27,1472,60],"class_list":{"0":"post-289882","1":"post","2":"type-post","3":"status-publish","4":"format-standard","5":"has-post-thumbnail","7":"category-golf","8":"tag-fr","9":"tag-france","10":"tag-golf","11":"tag-sports"},"share_on_mastodon":{"url":"https:\/\/pubeurope.com\/@fr\/114955545674515450","error":""},"_links":{"self":[{"href":"https:\/\/www.europesays.com\/fr\/wp-json\/wp\/v2\/posts\/289882","targetHints":{"allow":["GET"]}}],"collection":[{"href":"https:\/\/www.europesays.com\/fr\/wp-json\/wp\/v2\/posts"}],"about":[{"href":"https:\/\/www.europesays.com\/fr\/wp-json\/wp\/v2\/types\/post"}],"author":[{"embeddable":true,"href":"https:\/\/www.europesays.com\/fr\/wp-json\/wp\/v2\/users\/2"}],"replies":[{"embeddable":true,"href":"https:\/\/www.europesays.com\/fr\/wp-json\/wp\/v2\/comments?post=289882"}],"version-history":[{"count":0,"href":"https:\/\/www.europesays.com\/fr\/wp-json\/wp\/v2\/posts\/289882\/revisions"}],"wp:featuredmedia":[{"embeddable":true,"href":"https:\/\/www.europesays.com\/fr\/wp-json\/wp\/v2\/media\/289883"}],"wp:attachment":[{"href":"https:\/\/www.europesays.com\/fr\/wp-json\/wp\/v2\/media?parent=289882"}],"wp:term":[{"taxonomy":"category","embeddable":true,"href":"https:\/\/www.europesays.com\/fr\/wp-json\/wp\/v2\/categories?post=289882"},{"taxonomy":"post_tag","embeddable":true,"href":"https:\/\/www.europesays.com\/fr\/wp-json\/wp\/v2\/tags?post=289882"}],"curies":[{"name":"wp","href":"https:\/\/api.w.org\/{rel}","templated":true}]}}