{"id":289884,"date":"2025-08-01T21:07:17","date_gmt":"2025-08-01T21:07:17","guid":{"rendered":"https:\/\/www.europesays.com\/fr\/289884\/"},"modified":"2025-08-01T21:07:17","modified_gmt":"2025-08-01T21:07:17","slug":"la-ffr-et-les-arbitres-du-top-14-ne-vont-pas-suivre-les-regles-de-world-rugby-explications","status":"publish","type":"post","link":"https:\/\/www.europesays.com\/fr\/289884\/","title":{"rendered":"La FFR et les arbitres du Top 14 ne vont pas suivre les r\u00e8gles de World Rugby ! Explications."},"content":{"rendered":"<p>La FFR introduit cette saison en Top 14 et Pro D2 le carton rouge de 20 minutes, une r\u00e8gle d\u00e9j\u00e0 utilis\u00e9e \u00e0 l\u2019international, mais avec une application propre au contexte fran\u00e7ais.<\/p>\n<p>Cette nouveaut\u00e9 pr\u00e9voit qu\u2019un joueur exclu puisse \u00eatre remplac\u00e9 apr\u00e8s vingt minutes. Toutefois, la France a choisi de ne pas suivre strictement les directives de World Rugby, notamment en raison de l\u2019absence du \u00ab\u00a0bunker\u00a0\u00bb, un outil vid\u00e9o permettant aux arbitres internationaux de revoir les actions litigieuses avant de statuer.<\/p>\n<p>Mathieu Raynal, figure de l\u2019arbitrage fran\u00e7ais, parle d\u2019un \u00ab gros chantier \u00bb, soulignant la complexit\u00e9 d\u2019appliquer cette r\u00e8gle sans les outils de soutien vid\u00e9o rapporte <a href=\"https:\/\/www.rugbyrama.fr\/2025\/08\/01\/top-14-le-chantier-du-carton-orange-souvre-dans-le-rugby-francais-pour-mieux-proteger-les-joueurs-12854028.php\" rel=\"nofollow noopener\" target=\"_blank\">Midi Olympique.<\/a><\/p>\n<p>En France, une directive a donc \u00e9t\u00e9 \u00e9labor\u00e9e pour apporter plus de clart\u00e9 et d\u2019uniformit\u00e9. L\u2019objectif principal : pr\u00e9server la lisibilit\u00e9 des d\u00e9cisions arbitrales et mieux prot\u00e9ger les joueurs.<\/p>\n<p>Contrairement \u00e0 World Rugby, qui r\u00e9serve l\u2019exclusion d\u00e9finitive \u00e0 des actes ill\u00e9gaux (comme les plaquages sans bras), la France appliquera aussi cette sanction \u00e0 des gestes l\u00e9gaux mais jug\u00e9s tr\u00e8s dangereux. Un plaquage \u00e0 vitesse \u00e9lev\u00e9e mal ma\u00eetris\u00e9, m\u00eame r\u00e9alis\u00e9 dans les r\u00e8gles, pourra ainsi valoir un rouge d\u00e9finitif.<\/p>\n<p>Ce positionnement assum\u00e9 d\u00e9coule de divergences constat\u00e9es entre les d\u00e9cisions internationales et les attentes du rugby fran\u00e7ais.<\/p>\n<p>Un exemple cit\u00e9 : Antoine Hastoy, victime d\u2019un plaquage \u00e0 la t\u00eate non sanctionn\u00e9 comme exclusion d\u00e9finitive par World Rugby, suscite l\u2019incompr\u00e9hension des arbitres fran\u00e7ais.<\/p>\n<p>Nicolas Datas-Tapie, membre de la cellule performance, insiste : la France veut envoyer un message fort contre les plaquages violents. Le but est aussi de simplifier la lecture des d\u00e9cisions pour les acteurs et le public.<\/p>\n<p>World Rugby autorise ces adaptations locales jusqu\u2019\u00e0 un premier bilan pr\u00e9vu en 2026.<\/p>\n<p>D\u2019ici l\u00e0, la FFR veut imposer sa propre lecture des situations dangereuses. Une mani\u00e8re de r\u00e9affirmer sa volont\u00e9 de prot\u00e9ger l\u2019int\u00e9grit\u00e9 des joueurs tout en gardant un arbitrage lisible, rigoureux et adapt\u00e9 \u00e0 son championnat.<\/p>\n","protected":false},"excerpt":{"rendered":"La FFR introduit cette saison en Top 14 et Pro D2 le carton rouge de 20 minutes, une&hellip;\n","protected":false},"author":2,"featured_media":289885,"comment_status":"","ping_status":"","sticky":false,"template":"","format":"standard","meta":{"footnotes":""},"categories":[1416],"tags":[1011,27,479,1468,60],"class_list":{"0":"post-289884","1":"post","2":"type-post","3":"status-publish","4":"format-standard","5":"has-post-thumbnail","7":"category-rugby","8":"tag-fr","9":"tag-france","10":"tag-rugby","11":"tag-rugby-football","12":"tag-sports"},"share_on_mastodon":{"url":"https:\/\/pubeurope.com\/@fr\/114955553627153457","error":""},"_links":{"self":[{"href":"https:\/\/www.europesays.com\/fr\/wp-json\/wp\/v2\/posts\/289884","targetHints":{"allow":["GET"]}}],"collection":[{"href":"https:\/\/www.europesays.com\/fr\/wp-json\/wp\/v2\/posts"}],"about":[{"href":"https:\/\/www.europesays.com\/fr\/wp-json\/wp\/v2\/types\/post"}],"author":[{"embeddable":true,"href":"https:\/\/www.europesays.com\/fr\/wp-json\/wp\/v2\/users\/2"}],"replies":[{"embeddable":true,"href":"https:\/\/www.europesays.com\/fr\/wp-json\/wp\/v2\/comments?post=289884"}],"version-history":[{"count":0,"href":"https:\/\/www.europesays.com\/fr\/wp-json\/wp\/v2\/posts\/289884\/revisions"}],"wp:featuredmedia":[{"embeddable":true,"href":"https:\/\/www.europesays.com\/fr\/wp-json\/wp\/v2\/media\/289885"}],"wp:attachment":[{"href":"https:\/\/www.europesays.com\/fr\/wp-json\/wp\/v2\/media?parent=289884"}],"wp:term":[{"taxonomy":"category","embeddable":true,"href":"https:\/\/www.europesays.com\/fr\/wp-json\/wp\/v2\/categories?post=289884"},{"taxonomy":"post_tag","embeddable":true,"href":"https:\/\/www.europesays.com\/fr\/wp-json\/wp\/v2\/tags?post=289884"}],"curies":[{"name":"wp","href":"https:\/\/api.w.org\/{rel}","templated":true}]}}