{"id":289894,"date":"2025-08-01T21:13:14","date_gmt":"2025-08-01T21:13:14","guid":{"rendered":"https:\/\/www.europesays.com\/fr\/289894\/"},"modified":"2025-08-01T21:13:14","modified_gmt":"2025-08-01T21:13:14","slug":"mercato-paris-fonce-sur-un-nouveau-crack-du-barca-2","status":"publish","type":"post","link":"https:\/\/www.europesays.com\/fr\/289894\/","title":{"rendered":"Mercato, Paris fonce sur un nouveau crack du Bar\u00e7a"},"content":{"rendered":"<p>Le Paris FC continue de faire parler de lui sur le march\u00e9 des transferts.<a href=\"https:\/\/www.goal.com\/fr\/listes\/ligue-1-les-grandes-ambitions-de-paris-pour-le-mercato-estival\/bltc292bdd2c14674a3\" target=\"_self\" rel=\"noopener\">\u00a0Boost\u00e9 par un ambitieux projet port\u00e9 par de nouveaux investisseurs, le club francilien veut frapper fort pour son retour en Ligue 1<\/a>. Apr\u00e8s plusieurs recrutements remarqu\u00e9s et un dossier br\u00fblant toujours en cours, un nom en provenance de Barcelone circule avec insistance. Un jeune talent promis \u00e0 un grand avenir pourrait bien poser ses valises dans la capitale fran\u00e7aise.<\/p>\n<p>Recommended external contentVideoWe need your consent to show you content our Editorial team embedded from Video. You can toggle this (and all other embeds from Video across goal.com) on with one click only and deactivate as well.Always display Video contentI confirm that I would like to see external content. Personal identifiable data could be transferred to Third parties. <a href=\"https:\/\/www.goal.com\/fr\/l%C3%A9gal\/politique-priv%C3%A9e\" target=\"_blank\" rel=\"noreferrer noopener\">Read more about it in our privacy policy<\/a>.<\/p>\n","protected":false},"excerpt":{"rendered":"Le Paris FC continue de faire parler de lui sur le march\u00e9 des transferts.\u00a0Boost\u00e9 par un ambitieux projet&hellip;\n","protected":false},"author":2,"featured_media":289895,"comment_status":"","ping_status":"","sticky":false,"template":"","format":"standard","meta":{"footnotes":""},"categories":[1410],"tags":[34081,41563,42897,42901,42900,5695,63,1011,27,42898,41561,19317,5162,66,445,42899,60],"class_list":{"0":"post-289894","1":"post","2":"type-post","3":"status-publish","4":"format-standard","5":"has-post-thumbnail","7":"category-football","8":"tag-barcelona","9":"tag-club-friendlies","10":"tag-daegu-fc","11":"tag-daegu-fc-vs-barcelona","12":"tag-daegu-fc-vs-fc-barcelone","13":"tag-fc-barcelone","14":"tag-football","15":"tag-fr","16":"tag-france","17":"tag-h-fort","18":"tag-jeux-damitie-des-clubs","19":"tag-laliga","20":"tag-le-havre","21":"tag-ligue-1","22":"tag-paris-fc","23":"tag-paris-fc-vs-le-havre","24":"tag-sports"},"share_on_mastodon":{"url":"https:\/\/pubeurope.com\/@fr\/114955577305938799","error":""},"_links":{"self":[{"href":"https:\/\/www.europesays.com\/fr\/wp-json\/wp\/v2\/posts\/289894","targetHints":{"allow":["GET"]}}],"collection":[{"href":"https:\/\/www.europesays.com\/fr\/wp-json\/wp\/v2\/posts"}],"about":[{"href":"https:\/\/www.europesays.com\/fr\/wp-json\/wp\/v2\/types\/post"}],"author":[{"embeddable":true,"href":"https:\/\/www.europesays.com\/fr\/wp-json\/wp\/v2\/users\/2"}],"replies":[{"embeddable":true,"href":"https:\/\/www.europesays.com\/fr\/wp-json\/wp\/v2\/comments?post=289894"}],"version-history":[{"count":0,"href":"https:\/\/www.europesays.com\/fr\/wp-json\/wp\/v2\/posts\/289894\/revisions"}],"wp:featuredmedia":[{"embeddable":true,"href":"https:\/\/www.europesays.com\/fr\/wp-json\/wp\/v2\/media\/289895"}],"wp:attachment":[{"href":"https:\/\/www.europesays.com\/fr\/wp-json\/wp\/v2\/media?parent=289894"}],"wp:term":[{"taxonomy":"category","embeddable":true,"href":"https:\/\/www.europesays.com\/fr\/wp-json\/wp\/v2\/categories?post=289894"},{"taxonomy":"post_tag","embeddable":true,"href":"https:\/\/www.europesays.com\/fr\/wp-json\/wp\/v2\/tags?post=289894"}],"curies":[{"name":"wp","href":"https:\/\/api.w.org\/{rel}","templated":true}]}}