{"id":289896,"date":"2025-08-01T21:14:12","date_gmt":"2025-08-01T21:14:12","guid":{"rendered":"https:\/\/www.europesays.com\/fr\/289896\/"},"modified":"2025-08-01T21:14:12","modified_gmt":"2025-08-01T21:14:12","slug":"ca-ma-detruite-enora-malagre-au-bord-des-larmes-en-evoquant-sa-participation-a-tpmp","status":"publish","type":"post","link":"https:\/\/www.europesays.com\/fr\/289896\/","title":{"rendered":"\u00c7a m\u2019a d\u00e9truite\u00a0\u00bb, Enora Malagr\u00e9 au bord des larmes en \u00e9voquant sa participation \u00e0 \u00ab\u00a0TPMP"},"content":{"rendered":"<p>      R\u00e9sum\u00e9<\/p>\n<p>Enora Malagr\u00e9 revient avec \u00e9motion sur ses ann\u00e9es \u00e0 la t\u00e9l\u00e9vision, exprimant regrets et difficult\u00e9s li\u00e9es \u00e0 son image m\u00e9diatique et \u00e0 ses choix pass\u00e9s.<\/p>\n<p>        Sommaire<\/p>\n<p><strong>Elle est l&rsquo;un des visages les plus embl\u00e9matiques de Touche pas \u00e0 mon poste<\/strong>&#8230; Mais si c&rsquo;\u00e9tait \u00e0 refaire, Enora Malagr\u00e9 ne reprendrait s\u00fbrement pas les m\u00eames d\u00e9cisions. Dans une interview accord\u00e9e au m\u00e9dia digital N\u00e9o, la com\u00e9dienne revient sur ses sept saisons pass\u00e9es autour de la table de Cyril Hanouna, sur France 4, D8 puis C8. L&rsquo;ex-partenaire de Jean-Luc Lemoine, <a href=\"https:\/\/www.public.fr\/jean-michel-maire-est-officiellement-thailandais-le-chroniqueur-de-tpmp-a-tout-quitte\" target=\"_blank\" rel=\"noopener\">Jean-Michel Maire<\/a> et Thierry Moreau <strong>garde un souvenir tr\u00e8s amer<\/strong> de ses ann\u00e9es \u00e0 les c\u00f4toyer&#8230;<\/p>\n<p>\u00ab\u00a0\u00c7a a \u00e9t\u00e9 dur ! J&rsquo;ai travers\u00e9 quelques temp\u00eates. <strong>J&rsquo;ai fait des choses que je regrette beaucoup, des mauvais choix\u2026<\/strong>\u00a0\u00bb a ainsi d\u00e9marr\u00e9 Enora Malagr\u00e9. Sans pr\u00e9ciser s&rsquo;il s&rsquo;agissait de l&rsquo;\u00e9mission TPMP ou de celle de Cauet dans laquelle elle a d\u00e9but\u00e9, l&rsquo;animatrice a toutefois confi\u00e9 ses d\u00e9ceptions avec beaucoup d&rsquo;\u00e9motion. <strong>Au bord des larmes<\/strong>, la chroniqueuse que l&rsquo;on retrouve tous les jours sur France 5 n&rsquo;a pas masqu\u00e9 ses regrets\u2026<\/p>\n<p>Enora Malagr\u00e9 a manqu\u00e9 de soutien<\/p>\n<p>\u00ab\u00a0J&rsquo;aurais bien aim\u00e9 qu&rsquo;on me dise : Ma cocotte, ce que tu fais-l\u00e0, \u00e7a va rester. C&rsquo;est pas le bon endroit, tu vaux mieux que \u00e7a. <strong>Fais attention, tu te g\u00e2ches. Moi, je pensais que jouer la gourde, la sexy, l&rsquo;hyst\u00e9rique<\/strong>, c&rsquo;\u00e9tait \u00e7a qui allait marcher. Je pensais qu&rsquo;il fallait qu&rsquo;on fasse \u00e7a. Et puis en fait non, \u00e7a m&rsquo;a d\u00e9truite. J&rsquo;aurais bien aim\u00e9 qu&rsquo;on m&rsquo;aide un peu peut-\u00eatre\u00a0\u00bb a d\u00e9clar\u00e9 Enora Malagr\u00e9. Difficile de savoir si la jeune femme fait r\u00e9f\u00e9rence \u00e0 ses ann\u00e9es aux c\u00f4t\u00e9s de Cyril Hanouna, ou \u00e0 ses d\u00e9buts <strong>dans l&rsquo;\u00e9mission de radio de Cauet sur NRJ<\/strong>.<\/p>\n<p>Toutefois, <strong>Enora Malagr\u00e9<\/strong> confirme quelques secondes plus tard parler de son exp\u00e9rience t\u00e9l\u00e9visuelle&#8230; Questionn\u00e9e sur ce qu&rsquo;elle dirait \u00e0 son alter go si elle revenait \u00e0 ses 25 ans, la jeune femme d\u00e9clare : \u00ab\u00a0Je lui dirais de s&rsquo;accrocher, et de rester dans le th\u00e9\u00e2tre. Je lui dirais : <strong>Ne va pas dans la t\u00e9l\u00e9, tu vas y perdre trop. Tu vas perdre toute ta force<\/strong>, on va tout te prendre et on ne va pas te laisser grand-chose\u00a0\u00bb.<\/p>\n<p>\u00ab\u00a0J&rsquo;ai expos\u00e9 une image qui a particip\u00e9 au sexisme\u00a0\u00bb<\/p>\n<p>Tr\u00e8s \u00e9mue, au bord des larmes, <strong>Enora Malagr\u00e9<\/strong> a reconnu avoir fait <a href=\"https:\/\/vsd.fr\/73216-le-telephone-sonne-quand-meme-un-peu-moins-enora-malagre-revient-sur-sa-periode-compliquee-apres-son-depart-de-tpmp\/\" target=\"_blank\" rel=\"noopener\">beaucoup de \u00ab\u00a0b\u00eatises\u00a0\u00bb \u00e0 la t\u00e9l\u00e9vision<\/a>. Aujourd&rsquo;hui tr\u00e8s militante, l&rsquo;animatrice regrette d&rsquo;avoir sabord\u00e9 les causes qu&rsquo;elle d\u00e9fend aujourd&rsquo;hui&#8230; \u00ab\u00a0J&rsquo;ai \u0153uvr\u00e9 pour cette g\u00e9n\u00e9ration sexiste. j&rsquo;y ai particip\u00e9 ! C&rsquo;est difficile, \u00e7a aussi. De se dire qu&rsquo;on y a particip\u00e9, <strong>qu&rsquo;on a fait des erreurs, qu&rsquo;on a expos\u00e9 de soi une image qui a particip\u00e9 au sexisme collectif<\/strong>. C&rsquo;est \u00e7a qui est difficile \u00e0 se pardonner\u00a0\u00bb.<\/p>\n<p>Dans les commentaires, Enora Malagr\u00e9 a pu recevoir le soutien de plusieurs personnalit\u00e9s. L&rsquo;ex-chroniqueuse de TPMP Emilie Lopez lui a t\u00e9moign\u00e9 toute son affection : \u00ab\u00a0Dans ma t\u00eate, je te serre fort dans mes bras\u00a0\u00bb. <strong>Lola Dubini<\/strong>, Augustin Trapenard, Carole Juge-Llewyn, Yasmine Oughlis et <a href=\"https:\/\/www.public.fr\/je-ne-vais-pas-me-griller-pour-toi-la-plus-grosse-conne-de-la-terre-gros-reglement-de-compte-entre-philippe-lacheau-et-son-ex-reem-kherici\" target=\"_blank\" rel=\"noopener\">Reem Kherici<\/a> en ont fait de m\u00eame.<\/p>\n<p>      Mentionn\u00e9s dans cet article<\/p>\n<p>      Sur le m\u00eame sujet<\/p>\n","protected":false},"excerpt":{"rendered":"R\u00e9sum\u00e9 Enora Malagr\u00e9 revient avec \u00e9motion sur ses ann\u00e9es \u00e0 la t\u00e9l\u00e9vision, exprimant regrets et difficult\u00e9s li\u00e9es \u00e0&hellip;\n","protected":false},"author":2,"featured_media":289897,"comment_status":"","ping_status":"","sticky":false,"template":"","format":"standard","meta":{"footnotes":""},"categories":[1359],"tags":[3721,1083,58,13216,59,1011,27,973,549],"class_list":{"0":"post-289896","1":"post","2":"type-post","3":"status-publish","4":"format-standard","5":"has-post-thumbnail","7":"category-people","8":"tag-chroniqueur","9":"tag-cyril-hanouna","10":"tag-divertissement","11":"tag-enora-malagre","12":"tag-entertainment","13":"tag-fr","14":"tag-france","15":"tag-people","16":"tag-touche-pas-a-mon-poste"},"share_on_mastodon":{"url":"https:\/\/pubeurope.com\/@fr\/114955581171532674","error":""},"_links":{"self":[{"href":"https:\/\/www.europesays.com\/fr\/wp-json\/wp\/v2\/posts\/289896","targetHints":{"allow":["GET"]}}],"collection":[{"href":"https:\/\/www.europesays.com\/fr\/wp-json\/wp\/v2\/posts"}],"about":[{"href":"https:\/\/www.europesays.com\/fr\/wp-json\/wp\/v2\/types\/post"}],"author":[{"embeddable":true,"href":"https:\/\/www.europesays.com\/fr\/wp-json\/wp\/v2\/users\/2"}],"replies":[{"embeddable":true,"href":"https:\/\/www.europesays.com\/fr\/wp-json\/wp\/v2\/comments?post=289896"}],"version-history":[{"count":0,"href":"https:\/\/www.europesays.com\/fr\/wp-json\/wp\/v2\/posts\/289896\/revisions"}],"wp:featuredmedia":[{"embeddable":true,"href":"https:\/\/www.europesays.com\/fr\/wp-json\/wp\/v2\/media\/289897"}],"wp:attachment":[{"href":"https:\/\/www.europesays.com\/fr\/wp-json\/wp\/v2\/media?parent=289896"}],"wp:term":[{"taxonomy":"category","embeddable":true,"href":"https:\/\/www.europesays.com\/fr\/wp-json\/wp\/v2\/categories?post=289896"},{"taxonomy":"post_tag","embeddable":true,"href":"https:\/\/www.europesays.com\/fr\/wp-json\/wp\/v2\/tags?post=289896"}],"curies":[{"name":"wp","href":"https:\/\/api.w.org\/{rel}","templated":true}]}}