{"id":289898,"date":"2025-08-01T21:15:13","date_gmt":"2025-08-01T21:15:13","guid":{"rendered":"https:\/\/www.europesays.com\/fr\/289898\/"},"modified":"2025-08-01T21:15:13","modified_gmt":"2025-08-01T21:15:13","slug":"montpellier-senrichit-dun-tableau-dhenri-lehmann","status":"publish","type":"post","link":"https:\/\/www.europesays.com\/fr\/289898\/","title":{"rendered":"Montpellier s&rsquo;enrichit d&rsquo;un tableau d&rsquo;Henri Lehmann"},"content":{"rendered":"<p>1\/8\/25 <strong>&#8211; Acquisition &#8211; Montpellier, Mus\u00e9e Fabre &#8211;<\/strong> Fid\u00e8le \u00e0 son grand dynamisme, le Mus\u00e9e Fabre n\u2019a cess\u00e9 de s\u2019enrichir depuis la derni\u00e8re br\u00e8ve que nous avions consacr\u00e9e \u00e0 ses acquisitions il y a un peu plus d\u2019un an (voir la <a href=\"https:\/\/www.latribunedelart.com\/le-musee-fabre-achete-un-tableau-en-virginie\" class=\"spip_in\" rel=\"nofollow noopener\" target=\"_blank\">br\u00e8ve du 26\/6\/24<\/a>). Nous reviendrons sur bon nombre d\u2019entre elles, et nous commencerons par le Portrait de jeune fille d\u2019Henri Lehmann, acquis aupr\u00e8s d\u2019\u00c9tienne Br\u00e9ton (Saint-Honor\u00e9 Art Consulting) \u00e0 Paris. Deux toiles et trois dessins de l\u2019artiste, qui compta parmi les meilleurs \u00e9l\u00e8ves d\u2019Ingres &#8211; par ailleurs bien repr\u00e9sent\u00e9 \u00e0 Montpellier \u00e0 l\u2019instar de plusieurs ingresques\u00a0-, figuraient d\u00e9j\u00e0 dans les collections (voir l\u2019<a href=\"https:\/\/www.latribunedelart.com\/le-ministere-de-la-culture-est-mort-a-villepreux-6485\" class=\"spip_in\" rel=\"nofollow noopener\" target=\"_blank\">article du 9\/11\/16<\/a>).<\/p>\n<dl class=\"spip_document_75712 spip_documents spip_documents_center\" itemprop=\"image\" itemscope=\"\" itemtype=\"http:\/\/schema.org\/ImageObject\">\n<dt>\n\t\t<a href=\"https:\/\/www.latribunedelart.com\/IMG\/jpg\/lehmann_-_portrait_de_jeune_fille.jpg?75712\/b42aefc6b0210d76e911c485c372b314d1f8360922a519c002cfd21fbc8f4f13\" title=\"\" type=\"image\/jpeg\" rel=\"nofollow noopener\" target=\"_blank\"><br \/>\n\t\t\t<img loading=\"lazy\" decoding=\"async\" src=\"https:\/\/www.europesays.com\/fr\/wp-content\/uploads\/2025\/08\/lehmann_-_portrait_de_jeune_fille-cb76f.jpg\" width=\"416\" height=\"500\" alt=\"\" itemprop=\"contentUrl\"\/><br \/>\n\t\t<\/a>\n\t<\/dt>\n<dd class=\"crayon document-descriptif-75712 spip_doc_descriptif\" style=\"width:350px;\" itemprop=\"description\">Henri Lehmann (1814-1882)<br class=\"autobr\"\/><br \/>\nPortrait de jeune fille (Louise de Kielmann\u00a0?), 1833<br class=\"autobr\"\/><br \/>\nHuile sur toile &#8211; 46 x 38 cm<br class=\"autobr\"\/><\/dd>\n<\/dl>\n<p>Pour avoir acc\u00e8s \u00e0 ce contenu, vous devez vous abonner \u00e0 La Tribune de l\u2019Art. Les avantages et les conditions de cet abonnement, qui vous permettra par ailleurs de soutenir La Tribune de l\u2019Art, sont d\u00e9crits sur <a href=\"https:\/\/www.latribunedelart.com\/s-abonner\" rel=\"nofollow noopener\" target=\"_blank\">la page d\u2019abonnement<\/a>.<\/p>\n","protected":false},"excerpt":{"rendered":"1\/8\/25 &#8211; Acquisition &#8211; Montpellier, Mus\u00e9e Fabre &#8211; Fid\u00e8le \u00e0 son grand dynamisme, le Mus\u00e9e Fabre n\u2019a cess\u00e9&hellip;\n","protected":false},"author":2,"featured_media":289899,"comment_status":"","ping_status":"","sticky":false,"template":"","format":"standard","meta":{"footnotes":""},"categories":[1358],"tags":[1348,1384,1385,1386,58,59,1011,27],"class_list":{"0":"post-289898","1":"post","2":"type-post","3":"status-publish","4":"format-standard","5":"has-post-thumbnail","7":"category-arts-et-design","8":"tag-arts","9":"tag-arts-and-design","10":"tag-arts-et-design","11":"tag-design","12":"tag-divertissement","13":"tag-entertainment","14":"tag-fr","15":"tag-france"},"share_on_mastodon":{"url":"https:\/\/pubeurope.com\/@fr\/114955585042720143","error":""},"_links":{"self":[{"href":"https:\/\/www.europesays.com\/fr\/wp-json\/wp\/v2\/posts\/289898","targetHints":{"allow":["GET"]}}],"collection":[{"href":"https:\/\/www.europesays.com\/fr\/wp-json\/wp\/v2\/posts"}],"about":[{"href":"https:\/\/www.europesays.com\/fr\/wp-json\/wp\/v2\/types\/post"}],"author":[{"embeddable":true,"href":"https:\/\/www.europesays.com\/fr\/wp-json\/wp\/v2\/users\/2"}],"replies":[{"embeddable":true,"href":"https:\/\/www.europesays.com\/fr\/wp-json\/wp\/v2\/comments?post=289898"}],"version-history":[{"count":0,"href":"https:\/\/www.europesays.com\/fr\/wp-json\/wp\/v2\/posts\/289898\/revisions"}],"wp:featuredmedia":[{"embeddable":true,"href":"https:\/\/www.europesays.com\/fr\/wp-json\/wp\/v2\/media\/289899"}],"wp:attachment":[{"href":"https:\/\/www.europesays.com\/fr\/wp-json\/wp\/v2\/media?parent=289898"}],"wp:term":[{"taxonomy":"category","embeddable":true,"href":"https:\/\/www.europesays.com\/fr\/wp-json\/wp\/v2\/categories?post=289898"},{"taxonomy":"post_tag","embeddable":true,"href":"https:\/\/www.europesays.com\/fr\/wp-json\/wp\/v2\/tags?post=289898"}],"curies":[{"name":"wp","href":"https:\/\/api.w.org\/{rel}","templated":true}]}}