{"id":289900,"date":"2025-08-01T21:16:21","date_gmt":"2025-08-01T21:16:21","guid":{"rendered":"https:\/\/www.europesays.com\/fr\/289900\/"},"modified":"2025-08-01T21:16:21","modified_gmt":"2025-08-01T21:16:21","slug":"vente-de-livres-a-petits-prix-a-la-bibliotheque-de-guerlesquin","status":"publish","type":"post","link":"https:\/\/www.europesays.com\/fr\/289900\/","title":{"rendered":"Vente de livres \u00e0 \u00ab\u00a0petits prix\u00a0\u00bb \u00e0 la biblioth\u00e8que de Guerlesquin"},"content":{"rendered":"<p>Avec la mutualisation du r\u00e9seau des biblioth\u00e8ques sur le territoire de Morlaix co, une op\u00e9ration de s\u00e9lection a \u00e9t\u00e9 men\u00e9e en mars dernier par les b\u00e9n\u00e9voles de la biblioth\u00e8que de Guerlesquin. Cette op\u00e9ration a permis de mettre de c\u00f4t\u00e9 un certain nombre d\u2019ouvrages \u00ab\u00a0d\u00e9class\u00e9s\u00a0\u00bb qui seront mis en vente \u00e0 petits prix (de 0,50 \u20ac \u00e0 2 \u20ac). Les livres restant seront offerts \u00e0 des associations.<\/p>\n<p>Pratique<\/p>\n<p class=\"note\">Lundi 4 ao\u00fbt, de 9\u00a0h \u00e0 13\u00a0h, sous les halles (entr\u00e9e c\u00f4t\u00e9 biblioth\u00e8que).<\/p>\n","protected":false},"excerpt":{"rendered":"Avec la mutualisation du r\u00e9seau des biblioth\u00e8ques sur le territoire de Morlaix co, une op\u00e9ration de s\u00e9lection a&hellip;\n","protected":false},"author":2,"featured_media":289901,"comment_status":"","ping_status":"","sticky":false,"template":"","format":"standard","meta":{"footnotes":""},"categories":[1357],"tags":[1379,58,59,1011,27,41792,1380],"class_list":{"0":"post-289900","1":"post","2":"type-post","3":"status-publish","4":"format-standard","5":"has-post-thumbnail","7":"category-livres","8":"tag-books","9":"tag-divertissement","10":"tag-entertainment","11":"tag-fr","12":"tag-france","13":"tag-guerlesquin","14":"tag-livres"},"share_on_mastodon":{"url":"https:\/\/pubeurope.com\/@fr\/114955589034852221","error":""},"_links":{"self":[{"href":"https:\/\/www.europesays.com\/fr\/wp-json\/wp\/v2\/posts\/289900","targetHints":{"allow":["GET"]}}],"collection":[{"href":"https:\/\/www.europesays.com\/fr\/wp-json\/wp\/v2\/posts"}],"about":[{"href":"https:\/\/www.europesays.com\/fr\/wp-json\/wp\/v2\/types\/post"}],"author":[{"embeddable":true,"href":"https:\/\/www.europesays.com\/fr\/wp-json\/wp\/v2\/users\/2"}],"replies":[{"embeddable":true,"href":"https:\/\/www.europesays.com\/fr\/wp-json\/wp\/v2\/comments?post=289900"}],"version-history":[{"count":0,"href":"https:\/\/www.europesays.com\/fr\/wp-json\/wp\/v2\/posts\/289900\/revisions"}],"wp:featuredmedia":[{"embeddable":true,"href":"https:\/\/www.europesays.com\/fr\/wp-json\/wp\/v2\/media\/289901"}],"wp:attachment":[{"href":"https:\/\/www.europesays.com\/fr\/wp-json\/wp\/v2\/media?parent=289900"}],"wp:term":[{"taxonomy":"category","embeddable":true,"href":"https:\/\/www.europesays.com\/fr\/wp-json\/wp\/v2\/categories?post=289900"},{"taxonomy":"post_tag","embeddable":true,"href":"https:\/\/www.europesays.com\/fr\/wp-json\/wp\/v2\/tags?post=289900"}],"curies":[{"name":"wp","href":"https:\/\/api.w.org\/{rel}","templated":true}]}}