{"id":289912,"date":"2025-08-01T21:22:10","date_gmt":"2025-08-01T21:22:10","guid":{"rendered":"https:\/\/www.europesays.com\/fr\/289912\/"},"modified":"2025-08-01T21:22:10","modified_gmt":"2025-08-01T21:22:10","slug":"le-maestro-sattaque-a-une-chanteuse","status":"publish","type":"post","link":"https:\/\/www.europesays.com\/fr\/289912\/","title":{"rendered":"le Maestro s\u2019attaque \u00e0 une chanteuse &#8230;"},"content":{"rendered":"<p>EN BREF<\/p>\n<ul class=\"bloc_resume_post_list\">\n<li>Le 1er ao\u00fbt, Nagui anime \u00ab\u00a0N&rsquo;oubliez pas les paroles&rsquo; sur<br \/>\nFrance 2, avec Pierre-Yves, maestro avec 22 victoires et 94 000<br \/>\neuros.<\/li>\n<li>Pierre-Yves affronte Jordan et r\u00e9ussit \u00e0 augmenter ses<br \/>\ngains en interpr\u00e9tant &lsquo;Frida Oum Papa&rsquo; d&rsquo;Annie Cordy.<\/li>\n<li>Nagui, connu pour son humour, rappelle l&rsquo;importance du<br \/>\nrespect envers Annie Cordy, une l\u00e9gende de la chanson.<\/li>\n<\/ul>\n<p><a href=\"https:\/\/www.telestar.fr\/actu_tv\/noplp\/noubliez-pas-les-paroles-des-quils-depassent-ce-constat-navrant-de-nagui-sur-lattitude-des-candidats-1733165\" target=\"_blank\" rel=\"noopener\"><br \/>\nN\u2019oubliez pas les paroles<\/a>, sur France 2, est<br \/>\navant tout une \u00e9mission dans laquelle la chanson fran\u00e7aise fait<br \/>\nloi. Au-del\u00e0 d\u2019\u00eatre un karaok\u00e9 g\u00e9ant, l\u2019\u00e9mission pr\u00e9sent\u00e9e par<br \/>\n<strong>Nagui<\/strong> met en valeur tant les \u0153uvres, les chansons<br \/>\nque les chanteurs. D\u2019ailleurs, on ne manque pas de respect \u00e0 des<br \/>\nl\u00e9gendes sur le plateau et le partenaire de <a href=\"https:\/\/www.closermag.fr\/people\/mon-ex-nagui-fait-un-lapsus-en-direct-melanie-page-aurait-de-quoi-lui-demander-des-comptes-3567845\" target=\"_blank\" rel=\"noopener\"><br \/>\nM\u00e9lanie Page<\/a> l\u2019a bien fait comprendre, ce vendredi 1er ao\u00fbt.<br \/>\nSauf si, bien s\u00fbr, c\u2019est lui qui fait les blagues.<\/p>\n<p>Ce vendredi, <a href=\"https:\/\/www.telestar.fr\/actu_tv\/noubliez-pas-les-paroles-qui-mangent-des-le-maestro-pierre-yves-veut-depenser-sa-cagnotte-dune-facon-inedite-1733227\" target=\"_blank\" rel=\"noopener\"><br \/>\nPierre-Yves<\/a>, qui avait d\u00e9but\u00e9 la soir\u00e9e avec <strong>22<br \/>\nvictoires<\/strong> et <strong>94 000 euros<\/strong>, a fait face \u00e0<br \/>\nJordan. Malgr\u00e9 le stress et un certain manque de confiance en soi,<br \/>\nl\u2019actuel maestro a fait un sans-faute jusqu\u2019\u00e0 triompher sur La<br \/>\nm\u00eame chanson. Apr\u00e8s quoi, il a d\u00fb jouer de m\u00e9moire pour<br \/>\naugmenter ses gains sur la chanson <strong>Frida Oum<br \/>\nPapa<\/strong> de la chanteuse belge, <strong>Annie<br \/>\nCordy<\/strong>.<\/p>\n<p>N\u2019oubliez pas les paroles : on ne se moque pas d\u2019Annie Cordy<br \/>\n!<\/p>\n<p>M\u00eame s\u2019il avait affirm\u00e9, avant d\u2019entamer la chanson, qu\u2019il<br \/>\nesp\u00e9rait juste ne pas \u00eatre \u00e0 z\u00e9ro avec la chanson,<br \/>\n<strong>Pierre-Yves<\/strong> est arriv\u00e9 jusqu\u2019au stade des 10 000<br \/>\neuros, dans <strong>N\u2019oubliez pas les paroles<\/strong>. Ce<br \/>\nn\u2019est qu\u2019\u00e0 cette \u00e9tape, avant les 20 000 euros, qu\u2019il a d\u00e9cid\u00e9 de<br \/>\njouer les initiales. <a href=\"https:\/\/www.telestar.fr\/actu_tv\/noubliez-pas-les-paroles-nagui-critique-le-toc-du-maestro-il-ny-va-pas-par-quatre-chemins-1733532\" target=\"_blank\" rel=\"noopener\"><br \/>\nJouant avec ses cheveux<\/a>, il est certain qu\u2019il ne savait pas si<br \/>\nles mots qu\u2019il avait propos\u00e9s : \u00ab\u00a0Mon Chapeau Mes Grandes Nattes<br \/>\net Ma Culotte De Peau\u00a0\u00bb, \u00e9taient les bons.<\/p>\n<p>\u00ab\u00a0Bah, le truc avec \u00ab\u00a0la <strong>culotte de<br \/>\npeau<\/strong>\u00ab\u00a0, j&rsquo;ai plus un doute. Sur \u00ab\u00a0ma<br \/>\n<strong>grande natte<\/strong>\u00a0\u00bb ou \u00ab\u00a0mes<br \/>\ngrandes nattes\u00a0\u00bb, je pense qu&rsquo;il y en a deux, des nattes.<br \/>\nFranchement, non, l\u00e0 je pense que je vais laisser<br \/>\n\u00ab\u00a0Mes\u00a0\u00bb\u00a0\u00bb, avait expliqu\u00e9 le maestro. Avec son humour<br \/>\nl\u00e9gendaire, <strong>Nagui<\/strong> avait r\u00e9pondu avec <a href=\"https:\/\/www.telestar.fr\/actu_tv\/noubliez-pas-les-paroles-nagui-corrige-a-tort-le-maestro-pierre-yves-et-se-fait-remettre-a-sa-place-1733330\" target=\"_blank\" rel=\"noopener\"><br \/>\nune blague<\/a> : \u00ab\u00a0Alors que les culottes \u00e7a va par un, c&rsquo;est \u00e7a<br \/>\nqui est bien\u00a0\u00bb.<\/p>\n<blockquote class=\"instagram-media\" style=\"background: #ffffff;border: 0;margin: 1px;width: 100%;padding: 0;max-width: 500px;\" data-instgrm-permalink=\"https:\/\/www.instagram.com\/reel\/DM0bTfpCcPl\/?utm_source=ig_web_copy_link&amp;igsh=MzRlODBiNWFlZA==\" data-instgrm-version=\"14\"\/><p>\nN\u2019oubliez pas les paroles : Nagui ne<br \/>\nblague plus !<\/p>\n<p>Toujours en proie aux doutes, Pierre-Yves avait \u00e0 nouveau<br \/>\nexpliqu\u00e9 : \u00ab\u00a0Oui, je pense qu&rsquo;il n&rsquo;y a qu&rsquo;une culotte et des<br \/>\nnattes, mais je vais r\u00e9fl\u00e9chir \u00e0 mon chapeau\u00a0\u00bb. Ayant pris un<br \/>\nbon \u00e9lan, <a href=\"https:\/\/www.telestar.fr\/actu_tv\/c-le-zizi-nagui-evoque-la-drole-dhabitude-dun-candidat-et-la-conversation-derape-1732940\" target=\"_blank\" rel=\"noopener\"><br \/>\nNagui<\/a> a \u00e0 nouveau blagu\u00e9 : \u00ab\u00a0Moi j&rsquo;ai connu quelqu&rsquo;un qui<br \/>\na <strong>fait l&rsquo;inverse<\/strong>\u00ab\u00a0. Int\u00e9ress\u00e9 par le<br \/>\nsujet et d\u2019humour \u00e0 faire une blague, le maestro avait alors lanc\u00e9<br \/>\n: \u00ab\u00a0Ce serait pas <strong>Annie Cordy<\/strong><br \/>\n?\u00a0\u00bb.<\/p>\n<p>Choqu\u00e9 lui-m\u00eame par l\u2019issue de sa propre blague, le pr\u00e9sentateur<br \/>\nde <strong>N\u2019oubliez pas les paroles<\/strong> a soulign\u00e9 :<br \/>\n\u00ab\u00a0Non. Ah bah non ! <strong>Un peu de<br \/>\nrespect<\/strong> pour la grande Annie Cordy, qui \u00e9tait<br \/>\nvenue chanter sur ce m\u00eame plateau\u00a0\u00bb. Heureusement pour<br \/>\nPierre-Yves, les bonnes ondes de la chanteuse sont visiblement<br \/>\nrest\u00e9es sur le plateau. Apr\u00e8s tout, il a termin\u00e9 cette premi\u00e8re<br \/>\npartie de la soir\u00e9e avec <strong>104 000 euros<\/strong> de<br \/>\ngain.<\/p>\n<p><script async src=\"\/\/www.instagram.com\/embed.js\"><\/script><\/p>\n","protected":false},"excerpt":{"rendered":"EN BREF Le 1er ao\u00fbt, Nagui anime \u00ab\u00a0N&rsquo;oubliez pas les paroles&rsquo; sur France 2, avec Pierre-Yves, maestro avec&hellip;\n","protected":false},"author":2,"featured_media":289913,"comment_status":"","ping_status":"","sticky":false,"template":"","format":"standard","meta":{"footnotes":""},"categories":[8],"tags":[548,58,59,1011,27,31009],"class_list":{"0":"post-289912","1":"post","2":"type-post","3":"status-publish","4":"format-standard","5":"has-post-thumbnail","7":"category-divertissement","8":"tag-article-simple","9":"tag-divertissement","10":"tag-entertainment","11":"tag-fr","12":"tag-france","13":"tag-noubliez-pas-les-paroles"},"share_on_mastodon":{"url":"https:\/\/pubeurope.com\/@fr\/114955612624281511","error":""},"_links":{"self":[{"href":"https:\/\/www.europesays.com\/fr\/wp-json\/wp\/v2\/posts\/289912","targetHints":{"allow":["GET"]}}],"collection":[{"href":"https:\/\/www.europesays.com\/fr\/wp-json\/wp\/v2\/posts"}],"about":[{"href":"https:\/\/www.europesays.com\/fr\/wp-json\/wp\/v2\/types\/post"}],"author":[{"embeddable":true,"href":"https:\/\/www.europesays.com\/fr\/wp-json\/wp\/v2\/users\/2"}],"replies":[{"embeddable":true,"href":"https:\/\/www.europesays.com\/fr\/wp-json\/wp\/v2\/comments?post=289912"}],"version-history":[{"count":0,"href":"https:\/\/www.europesays.com\/fr\/wp-json\/wp\/v2\/posts\/289912\/revisions"}],"wp:featuredmedia":[{"embeddable":true,"href":"https:\/\/www.europesays.com\/fr\/wp-json\/wp\/v2\/media\/289913"}],"wp:attachment":[{"href":"https:\/\/www.europesays.com\/fr\/wp-json\/wp\/v2\/media?parent=289912"}],"wp:term":[{"taxonomy":"category","embeddable":true,"href":"https:\/\/www.europesays.com\/fr\/wp-json\/wp\/v2\/categories?post=289912"},{"taxonomy":"post_tag","embeddable":true,"href":"https:\/\/www.europesays.com\/fr\/wp-json\/wp\/v2\/tags?post=289912"}],"curies":[{"name":"wp","href":"https:\/\/api.w.org\/{rel}","templated":true}]}}