{"id":289914,"date":"2025-08-01T21:23:11","date_gmt":"2025-08-01T21:23:11","guid":{"rendered":"https:\/\/www.europesays.com\/fr\/289914\/"},"modified":"2025-08-01T21:23:11","modified_gmt":"2025-08-01T21:23:11","slug":"voici-ou-et-quand-observer-les-pluies-detoiles-filantes-en-franche-comte","status":"publish","type":"post","link":"https:\/\/www.europesays.com\/fr\/289914\/","title":{"rendered":"voici o\u00f9 et quand observer les pluies d&rsquo;\u00e9toiles filantes en Franche-Comt\u00e9"},"content":{"rendered":"<p>Des dizaines\u00a0d&rsquo;\u00e9toiles filantes qui traverseront le ciel chaque heure\u00a0! Le spectacle c\u00e9leste sera assur\u00e9ment au rendez-vous\u00a0les 1er, 2 et 3 ao\u00fbt, pour les nuits des \u00e9toiles 2025.<\/p>\n<p>D&rsquo;ordinaire, l&rsquo;\u00e9v\u00e9nement organis\u00e9 par les astronomes co\u00efncide avec\u00a0l&rsquo;apoth\u00e9ose des Pers\u00e9ides,\u00a0<a href=\"https:\/\/www.estrepublicain.fr\/science-et-technologie\/2024\/07\/20\/perseides-les-pluies-d-etoiles-filantes-vont-illuminer-le-ciel-de-lorraine-et-franche-comte-cet-ete\" target=\"_blank\" rel=\"noopener\">ces\u00a0<\/a><a href=\"https:\/\/www.estrepublicain.fr\/science-et-technologie\/2024\/07\/20\/perseides-les-pluies-d-etoiles-filantes-vont-illuminer-le-ciel-de-lorraine-et-franche-comte-cet-ete\" target=\"_blank\" rel=\"noopener\">pluies d&rsquo;\u00e9toiles filantes qui\u00a0illuminent le ciel de la mi-juillet \u00e0 la fin ao\u00fbt<\/a>. Cette ann\u00e9e,\u00a0le pic le plus intense est attendu aux alentours de la nuit du 11 au 12 ao\u00fbt. Cependant, en raison notamment d&rsquo;une pleine lune pr\u00e9vue aux m\u00eames dates dont la brillance risque fort d&rsquo;\u00e9clipser les m\u00e9t\u00e9ores, les nuits des \u00e9toiles ont \u00e9t\u00e9 d\u00e9cal\u00e9es pour faciliter l&rsquo;observation des \u00e9toiles.<\/p>\n<p>La pluie d&rsquo;\u00e9toiles filantes sera donc moins spectaculaire cette ann\u00e9e, mais, si les conditions sont r\u00e9unies, il sera tout de m\u00eame possible d&rsquo;observer des \u00e9toiles filantes le week-end du\u00a02 ao\u00fbt. Pour guider votre observation, de nombreuses manifestations\u00a0sont organis\u00e9es en Franche-Comt\u00e9.\u00a0<\/p>\n<p>  <strong>Doubs<\/strong><\/p>\n<p><strong>Besan\u00e7on<\/strong>\u00a0: les 1, 2 et 3 ao\u00fbt \u00e0 partir de 21 h. L&rsquo;Association Astronomique de Franche-Comt\u00e9 propose une belle soir\u00e9e dans les constellations d&rsquo;\u00e9t\u00e9. Une dizaine de t\u00e9lescopes seront \u00e0 disposition du public gratuitement. Une carte du ciel sera offerte \u00e0 chaque famille. A l&rsquo;Observatoire des Sciences de l&rsquo;Univers.<\/p>\n<p><strong>Bavans<\/strong> :\u00a0le\u00a01er ao\u00fbt\u00a0\u00e0 partir de 20 h 30. Les astronomes amateurs de Ciel Montb\u00e9liard seront pr\u00e9sents sur l\u2019esplanade et au fort. A 20 h 30, conf\u00e9rence d&rsquo;ouverture. 22 h, observation sur l\u2019esplanade du fort du Mont-Bart.\u00a0<\/p>\n<p><strong>Audincourt\u00a0<\/strong>: le 2 ao\u00fbt \u00e0 partir de 16 h.\u00a0Exposition photos et de mat\u00e9riels sur le site de La Sportive. Animation en int\u00e9rieur si mauvais temps. Observation du ciel avec des lunettes et t\u00e9lescope.<\/p>\n<p><strong>Pays-de-Montbeno\u00eet<\/strong>\u00a0: le 2 ao\u00fbt \u00e0 partir de 19 h. Nombreuses animations gratuites\u00a0et observations du ciel. Buvette et petite restauration.\u00a0<\/p>\n<p>Ce contenu est bloqu\u00e9 car vous n&rsquo;avez pas accept\u00e9 les cookies et autres traceurs.<\/p>\n<p>En cliquant sur \u00ab J\u2019accepte \u00bb, les cookies et autres traceurs seront d\u00e9pos\u00e9s et vous pourrez visualiser les contenus  (<a href=\"\" class=\"consentModule_policy\" target=\"_blank\" title=\"Consulter la politique de protection des donn\u00e9es du fournisseur\">plus d&rsquo;informations<\/a>).<\/p>\n<p>En cliquant sur \u00ab J\u2019accepte tous les cookies \u00bb, vous autorisez des d\u00e9p\u00f4ts de cookies et autres traceurs pour le stockage de vos donn\u00e9es sur nos sites et applications \u00e0 des fins de personnalisation et de ciblage publicitaire.<\/p>\n<p class=\"consentModule_secondaryText\">Vous gardez la possibilit\u00e9 de retirer votre consentement \u00e0 tout moment en consultant notre <a href=\"https:\/\/www.estrepublicain.fr\/protection-des-donnees\" target=\"_blank\" title=\"Consulter notre politique de protection des donn\u00e9es\" rel=\"noopener\">politique de protection des donn\u00e9es<\/a>. <br \/>&#13;<br \/>\n            <a href=\"https:\/\/www.estrepublicain.fr\/science-et-technologie\/2025\/08\/01\/javascript:Didomi.notice.show()\" class=\"consentModule_cmp\" target=\"_blank\" rel=\"noopener\">G\u00e9rer mes choix<\/a>&#13;\n        <\/p>\n<p>&#13;<br \/>\n                        J&rsquo;accepte&#13;<br \/>\n            J&rsquo;accepte tous les cookies&#13;\n        <\/p>\n<p>  Haute-Sa\u00f4ne<\/p>\n<p><strong>Moimay\u00a0<\/strong>:\u00a0le\u00a02 ao\u00fbt \u00e0 partir de 21 h 30. D\u00e9couverte\u00a0du ciel nocturne.<\/p>\n<p><strong>Hautevelle\u00a0<\/strong>: le 2 ao\u00fbt \u00e0 partir de 21 h 30. Rendez-vous \u00e0\u00a0l&rsquo;observatoire de Hautevelle pour la nuit des \u00e9toiles.<\/p>\n<p><strong>Echenoz-la-M\u00e9line<\/strong>\u00a0: le 15 ao\u00fbt \u00e0 partir de 19 h. A partir de 18 h, balade dans la r\u00e9serve, \u00e9coute des chauves-souris, et observation astronomique.\u00a0<\/p>\n<p><strong>Vellefaux\u00a0<\/strong>: le 30 ao\u00fbt \u00e0 partir de 21 h 30.\u00a0Rendez-vous sur le plateau de Sainte-Anne, pour une soir\u00e9e d&rsquo;observation.\u00a0<\/p>\n<p>  Territoire de Belfort<\/p>\n<p><strong>Sermamagny<\/strong><strong>\u00a0<\/strong>:\u00a0le\u00a02 ao\u00fbt \u00e0 partir de 15 h. Ev\u00e9nement anim\u00e9 par les astronomes amateurs du plan\u00e9tarium de Belfort devant la Maison de l\u2019environnement au Malsaucy. Au programme : de 15 h \u00e0 18 h, observation du soleil avec un mat\u00e9riel adapt\u00e9 ; 20 h 30, conf\u00e9rence ; \u00e0 partir de 21 h 30, observation du ciel \u00e9toil\u00e9. Tout public. Acc\u00e8s libre.<\/p>\n<p>  Jura<\/p>\n<p><strong>Bracon : <\/strong>le 1er et le 2 ao\u00fbt \u00e0 partir de 19 h 30.\u00a0Les Nuits des \u00e9toiles \u00e0 Salins-les-Bains reviennent cette ann\u00e9e pour la 15e \u00e9dition, avec, pour l&rsquo;occasion, non pas une mais deux soir\u00e9es et de nouvelles animations \u00e0 d\u00e9couvrir ! Buvette et petite restauration.<\/p>\n<p><strong>Dole\u00a0<\/strong>:\u00a0le 1er et le 2 ao\u00fbt. Vendredi soir \u00e0 partir de 20 h 30 : observation du ciel, aide \u00e0 l&rsquo;utilisation d&rsquo;instruments, explication sur les ph\u00e9nom\u00e8nes\/objets observ\u00e9s. Samedi\u00a0: observation du soleil d\u00e8s 15 h puis du ciel \u00e0 partir de 20 h 30.\u00a0<\/p>\n<p><strong>Saint-Claude<\/strong>\u00a0:\u00a0le\u00a01er ao\u00fbt \u00e0 partir de 21 h. Nuit des \u00e9toiles sur le site de Chaffardon avec le club d&rsquo;astronomie de Saint-Claude.\u00a0<\/p>\n<p><strong>Chilly-le-Vignoble<\/strong>\u00a0: le 2 ao\u00fbt \u00e0 partir de 22 h. Soir\u00e9e d&rsquo;observation gratuite ouverte \u00e0 tout public sur le parking communal situ\u00e9 rue de la Cure \u00e0 Chilly-le-Vignoble.<\/p>\n","protected":false},"excerpt":{"rendered":"Des dizaines\u00a0d&rsquo;\u00e9toiles filantes qui traverseront le ciel chaque heure\u00a0! Le spectacle c\u00e9leste sera assur\u00e9ment au rendez-vous\u00a0les 1er, 2&hellip;\n","protected":false},"author":2,"featured_media":289915,"comment_status":"","ping_status":"","sticky":false,"template":"","format":"standard","meta":{"footnotes":""},"categories":[7],"tags":[10112,12163,8026,10332,14383,14384,8698,107,1011,27,41388,20065,11058,43,40,767,41,39,273,42,44],"class_list":{"0":"post-289914","1":"post","2":"type-post","3":"status-publish","4":"format-standard","5":"has-post-thumbnail","7":"category-sciences-et-technologies","8":"tag-besancon","9":"tag-data","10":"tag-doubs","11":"tag-edition-belfort-hericourt-montbeliard","12":"tag-edition-besancon","13":"tag-edition-pontarlier-haut-doubs","14":"tag-edition-vesoul-haute-saone","15":"tag-fil-info","16":"tag-fr","17":"tag-france","18":"tag-le-guide-de-lete-franche-comte","19":"tag-magazine-tourisme-et-patrimoine","20":"tag-region-franche-comte","21":"tag-science","22":"tag-science-and-technology","23":"tag-science-et-technologie","24":"tag-sciences","25":"tag-sciences-et-technologies","26":"tag-selection-de-la-redaction","27":"tag-technologies","28":"tag-technology"},"share_on_mastodon":{"url":"https:\/\/pubeurope.com\/@fr\/114955616786142765","error":""},"_links":{"self":[{"href":"https:\/\/www.europesays.com\/fr\/wp-json\/wp\/v2\/posts\/289914","targetHints":{"allow":["GET"]}}],"collection":[{"href":"https:\/\/www.europesays.com\/fr\/wp-json\/wp\/v2\/posts"}],"about":[{"href":"https:\/\/www.europesays.com\/fr\/wp-json\/wp\/v2\/types\/post"}],"author":[{"embeddable":true,"href":"https:\/\/www.europesays.com\/fr\/wp-json\/wp\/v2\/users\/2"}],"replies":[{"embeddable":true,"href":"https:\/\/www.europesays.com\/fr\/wp-json\/wp\/v2\/comments?post=289914"}],"version-history":[{"count":0,"href":"https:\/\/www.europesays.com\/fr\/wp-json\/wp\/v2\/posts\/289914\/revisions"}],"wp:featuredmedia":[{"embeddable":true,"href":"https:\/\/www.europesays.com\/fr\/wp-json\/wp\/v2\/media\/289915"}],"wp:attachment":[{"href":"https:\/\/www.europesays.com\/fr\/wp-json\/wp\/v2\/media?parent=289914"}],"wp:term":[{"taxonomy":"category","embeddable":true,"href":"https:\/\/www.europesays.com\/fr\/wp-json\/wp\/v2\/categories?post=289914"},{"taxonomy":"post_tag","embeddable":true,"href":"https:\/\/www.europesays.com\/fr\/wp-json\/wp\/v2\/tags?post=289914"}],"curies":[{"name":"wp","href":"https:\/\/api.w.org\/{rel}","templated":true}]}}