{"id":289916,"date":"2025-08-01T21:24:10","date_gmt":"2025-08-01T21:24:10","guid":{"rendered":"https:\/\/www.europesays.com\/fr\/289916\/"},"modified":"2025-08-01T21:24:10","modified_gmt":"2025-08-01T21:24:10","slug":"furieux-contre-les-chiffres-de-lemploi-trump-veut-la-tete-de-la-responsable-des-etudes","status":"publish","type":"post","link":"https:\/\/www.europesays.com\/fr\/289916\/","title":{"rendered":"Furieux contre les chiffres de l\u2019emploi, Trump veut la t\u00eate de la responsable des \u00e9tudes"},"content":{"rendered":"<p>L\u2019\u00e9conomie <a href=\"https:\/\/www.20minutes.fr\/monde\/etats-unis\/\" target=\"_blank\" class=\"color-ultramarine c-link\" rel=\"nofollow noopener\">am\u00e9ricaine<\/a> a pris froid, et la r\u00e9action de <a href=\"https:\/\/www.20minutes.fr\/dossier\/donald_trump\" target=\"_blank\" class=\"color-ultramarine c-link\" rel=\"nofollow noopener\">Donald Trump<\/a> a \u00e9t\u00e9 imm\u00e9diate. Le pr\u00e9sident a exig\u00e9 vendredi le renvoi de la responsable des statistiques de l\u2019emploi, Erika McEntarfer, apr\u00e8s la publication d\u2019un rapport montrant une d\u00e9gradation du <a href=\"https:\/\/www.20minutes.fr\/economie\/emploi\/\" target=\"_blank\" class=\"color-ultramarine c-link\" rel=\"nofollow noopener\">march\u00e9 du travail<\/a>. \u00ab\u00a0Je viens d\u2019apprendre que les chiffres de l\u2019emploi de notre pays sont r\u00e9alis\u00e9s par une personne nomm\u00e9e par <a href=\"https:\/\/www.20minutes.fr\/dossier\/joe_biden\" target=\"_blank\" class=\"color-ultramarine c-link\" rel=\"nofollow noopener\">Joe Biden<\/a>, Dr. Erika McEntarfer, qui a truqu\u00e9 les chiffres avant l\u2019\u00e9lection pour augmenter les chances de victoire de <a href=\"https:\/\/www.20minutes.fr\/politique\/kamala-harris\/\" target=\"_blank\" class=\"color-ultramarine c-link\" rel=\"nofollow noopener\">Kamala [Harris]<\/a>\u00a0\u00bb, a-t-il accus\u00e9 sur Truth Social. Et de marteler\u00a0: \u00ab\u00a0J\u2019ai demand\u00e9 \u00e0 mon \u00e9quipe de renvoyer cette personne IMMEDIATEMENT. Elle sera remplac\u00e9e par quelqu\u2019un de beaucoup plus comp\u00e9tent et qualifi\u00e9.\u00a0\u00bb<\/p>\n<p>Le rapport mensuel du d\u00e9partement du Travail, publi\u00e9 vendredi, a surpris par sa brutalit\u00e9\u00a0: seulement 73.000 emplois cr\u00e9\u00e9s en juillet, un chiffre bien inf\u00e9rieur aux attentes. Les r\u00e9visions pour mai et juin sont plus inqui\u00e9tantes\u00a0: les cr\u00e9ations d\u2019emplois sur ces deux mois ont \u00e9t\u00e9 divis\u00e9es par deux, tombant respectivement \u00e0 19.000 et 14.000, leur plus bas niveau depuis la <a href=\"https:\/\/www.20minutes.fr\/societe\/covid-19\/\" target=\"_blank\" class=\"color-ultramarine c-link\" rel=\"nofollow noopener\">pand\u00e9mie<\/a>. Au total, 258.000 postes ont disparu des statistiques. Le <a href=\"https:\/\/www.20minutes.fr\/dossier\/chomage\" target=\"_blank\" class=\"color-ultramarine c-link\" rel=\"nofollow noopener\">taux de ch\u00f4mage<\/a> est, lui, pass\u00e9 de 4,1\u00a0% \u00e0 4,2\u00a0%. \u00ab\u00a0Un choc\u00a0!\u00a0\u00bb, a comment\u00e9 Donald Trump dans son message.<\/p>\n<\/p>\n<p>\u00ab\u00a0L\u2019\u00e9conomie p\u00e8te le feu\u00a0\u00bb, assure Trump<\/p>\n<p>Cette publication survient alors que la <a href=\"https:\/\/www.20minutes.fr\/economie\/fed\/\" target=\"_blank\" class=\"color-ultramarine c-link\" rel=\"nofollow noopener\">R\u00e9serve f\u00e9d\u00e9rale (Fed)<\/a> maintient sa politique mon\u00e9taire inchang\u00e9e pour la cinqui\u00e8me fois cons\u00e9cutive, malgr\u00e9 les appels r\u00e9p\u00e9t\u00e9s de Donald Trump \u00e0 r\u00e9duire les taux. Le pr\u00e9sident accuse l\u2019institution de \u00ab\u00a0jouer un jeu\u00a0\u00bb avec les taux d\u2019int\u00e9r\u00eat et assure que \u00ab\u00a0l\u2019<a href=\"https:\/\/www.20minutes.fr\/economie\/\" target=\"_blank\" class=\"color-ultramarine c-link\" rel=\"nofollow noopener\">\u00e9conomie<\/a> PETE LE FEU sous Trump\u00a0\u00bb, mais que la Fed ne soutient pas suffisamment la croissance. Deux gouverneurs, Michelle Bowman et Christopher Waller, ont d\u2019ailleurs exprim\u00e9 leur d\u00e9saccord public, plaidant pour une baisse imm\u00e9diate des taux.<\/p>\n<p><a href=\"https:\/\/www.20minutes.fr\/monde\/etats-unis\/\" target=\"_blank\" class=\"c-link c-btn c-btn--primary\" rel=\"nofollow noopener\">Notre dossier sur les Etats-Unis<\/a><\/p>\n<p>Les \u00e9conomistes, eux, s\u2019alarment de l\u2019ampleur des corrections. Pour Heather Long, de la Navy Federal Credit Union, ce rapport \u00ab\u00a0change la donne\u00a0\u00bb en r\u00e9v\u00e9lant que \u00ab\u00a0le march\u00e9 du travail se d\u00e9t\u00e9riore rapidement\u00a0\u00bb. Elle note que les Etats-Unis n\u2019ont cr\u00e9\u00e9 en moyenne que 35.000 emplois sur les trois derniers mois et appelle la Fed \u00e0 \u00ab\u00a0envisager s\u00e9rieusement une baisse des <a href=\"https:\/\/www.20minutes.fr\/economie\/taux\/\" target=\"_blank\" class=\"color-ultramarine c-link\" rel=\"nofollow noopener\">taux<\/a> en septembre\u00a0\u00bb. M\u00eame tonalit\u00e9 chez Jamie Cox, du groupe Harris Financial\u00a0: selon lui, le patron de la Fed, Jerome Powell, \u00ab\u00a0va regretter d\u2019avoir laiss\u00e9 les taux inchang\u00e9s cette semaine\u00a0\u00bb.<\/p>\n","protected":false},"excerpt":{"rendered":"L\u2019\u00e9conomie am\u00e9ricaine a pris froid, et la r\u00e9action de Donald Trump a \u00e9t\u00e9 imm\u00e9diate. Le pr\u00e9sident a exig\u00e9&hellip;\n","protected":false},"author":2,"featured_media":289917,"comment_status":"","ping_status":"","sticky":false,"template":"","format":"standard","meta":{"footnotes":""},"categories":[6],"tags":[47,35,214,75,33,34,341,73,7512,1011,27,457,74,2188],"class_list":{"0":"post-289916","1":"post","2":"type-post","3":"status-publish","4":"format-standard","5":"has-post-thumbnail","7":"category-economie","8":"tag-actualite","9":"tag-business","10":"tag-chomage","11":"tag-donald-trump","12":"tag-economie","13":"tag-economy","14":"tag-emploi","15":"tag-etats-unis","16":"tag-fed","17":"tag-fr","18":"tag-france","19":"tag-joe-biden","20":"tag-monde","21":"tag-statistiques"},"share_on_mastodon":{"url":"https:\/\/pubeurope.com\/@fr\/114955620433770427","error":""},"_links":{"self":[{"href":"https:\/\/www.europesays.com\/fr\/wp-json\/wp\/v2\/posts\/289916","targetHints":{"allow":["GET"]}}],"collection":[{"href":"https:\/\/www.europesays.com\/fr\/wp-json\/wp\/v2\/posts"}],"about":[{"href":"https:\/\/www.europesays.com\/fr\/wp-json\/wp\/v2\/types\/post"}],"author":[{"embeddable":true,"href":"https:\/\/www.europesays.com\/fr\/wp-json\/wp\/v2\/users\/2"}],"replies":[{"embeddable":true,"href":"https:\/\/www.europesays.com\/fr\/wp-json\/wp\/v2\/comments?post=289916"}],"version-history":[{"count":0,"href":"https:\/\/www.europesays.com\/fr\/wp-json\/wp\/v2\/posts\/289916\/revisions"}],"wp:featuredmedia":[{"embeddable":true,"href":"https:\/\/www.europesays.com\/fr\/wp-json\/wp\/v2\/media\/289917"}],"wp:attachment":[{"href":"https:\/\/www.europesays.com\/fr\/wp-json\/wp\/v2\/media?parent=289916"}],"wp:term":[{"taxonomy":"category","embeddable":true,"href":"https:\/\/www.europesays.com\/fr\/wp-json\/wp\/v2\/categories?post=289916"},{"taxonomy":"post_tag","embeddable":true,"href":"https:\/\/www.europesays.com\/fr\/wp-json\/wp\/v2\/tags?post=289916"}],"curies":[{"name":"wp","href":"https:\/\/api.w.org\/{rel}","templated":true}]}}