{"id":289923,"date":"2025-08-01T21:28:15","date_gmt":"2025-08-01T21:28:15","guid":{"rendered":"https:\/\/www.europesays.com\/fr\/289923\/"},"modified":"2025-08-01T21:28:15","modified_gmt":"2025-08-01T21:28:15","slug":"firminy-depuis-1998-michael-et-valerie-kayabalian-font-vivre-le-flaubert","status":"publish","type":"post","link":"https:\/\/www.europesays.com\/fr\/289923\/","title":{"rendered":"Firminy. Depuis 1998, Micha\u00ebl et Val\u00e9rie Kayabalian font vivre Le Flaubert"},"content":{"rendered":"<blockquote class=\"question\"><p>Comment s\u2019appelait ce bar avant votre arriv\u00e9e\u00a0?<\/p><\/blockquote>\n<p>\u00ab\u00a0Il s\u2019appelait L\u2019auberge du putain d\u2019\u00e2ne. Au d\u00e9part, c\u2019\u00e9tait une gare de diligences. Il y avait eu deux meurtres dans cette maison. Apr\u00e8s, c\u2019est devenu une discoth\u00e8que. En 1994, un couple a rachet\u00e9 l\u2019\u00e9tablissement et l\u2019a transform\u00e9 en restaurant, \u00e7a s\u2019appelait Le Central, puis c\u2019est devenu la brasserie Le Flaubert. Il a tenu deux ans, puis un autre a rachet\u00e9 et a d\u00e9velopp\u00e9 le bar que j\u2019ai repris en 1998.\u00a0\u00bb<\/p>\n<blockquote class=\"question\"><p>Vous vous \u00eates mis aux fourneaux tout de suite\u00a0?<\/p><\/blockquote>\n<p>\u00ab\u00a0Non, on avait un cuisinier. On travaillait&#8230;<\/p>\n","protected":false},"excerpt":{"rendered":"Comment s\u2019appelait ce bar avant votre arriv\u00e9e\u00a0? \u00ab\u00a0Il s\u2019appelait L\u2019auberge du putain d\u2019\u00e2ne. Au d\u00e9part, c\u2019\u00e9tait une gare&hellip;\n","protected":false},"author":2,"featured_media":289924,"comment_status":"","ping_status":"","sticky":false,"template":"","format":"standard","meta":{"footnotes":""},"categories":[9653],"tags":[1111,11,2430,4406,33,7539,1777,674,10282,10283,1011,27,12,25,4001],"class_list":{"0":"post-289923","1":"post","2":"type-post","3":"status-publish","4":"format-standard","5":"has-post-thumbnail","7":"category-saint-etienne","8":"tag-actu","9":"tag-actualites","10":"tag-auvergne-rhone-alpes","11":"tag-commerce-et-services","12":"tag-economie","13":"tag-edition-loire-sud","14":"tag-eu","15":"tag-europe","16":"tag-firminy","17":"tag-firminy-ville","18":"tag-fr","19":"tag-france","20":"tag-news","21":"tag-republique-francaise","22":"tag-saint-etienne"},"share_on_mastodon":{"url":"https:\/\/pubeurope.com\/@fr\/114955636205237172","error":""},"_links":{"self":[{"href":"https:\/\/www.europesays.com\/fr\/wp-json\/wp\/v2\/posts\/289923","targetHints":{"allow":["GET"]}}],"collection":[{"href":"https:\/\/www.europesays.com\/fr\/wp-json\/wp\/v2\/posts"}],"about":[{"href":"https:\/\/www.europesays.com\/fr\/wp-json\/wp\/v2\/types\/post"}],"author":[{"embeddable":true,"href":"https:\/\/www.europesays.com\/fr\/wp-json\/wp\/v2\/users\/2"}],"replies":[{"embeddable":true,"href":"https:\/\/www.europesays.com\/fr\/wp-json\/wp\/v2\/comments?post=289923"}],"version-history":[{"count":0,"href":"https:\/\/www.europesays.com\/fr\/wp-json\/wp\/v2\/posts\/289923\/revisions"}],"wp:featuredmedia":[{"embeddable":true,"href":"https:\/\/www.europesays.com\/fr\/wp-json\/wp\/v2\/media\/289924"}],"wp:attachment":[{"href":"https:\/\/www.europesays.com\/fr\/wp-json\/wp\/v2\/media?parent=289923"}],"wp:term":[{"taxonomy":"category","embeddable":true,"href":"https:\/\/www.europesays.com\/fr\/wp-json\/wp\/v2\/categories?post=289923"},{"taxonomy":"post_tag","embeddable":true,"href":"https:\/\/www.europesays.com\/fr\/wp-json\/wp\/v2\/tags?post=289923"}],"curies":[{"name":"wp","href":"https:\/\/api.w.org\/{rel}","templated":true}]}}