{"id":289927,"date":"2025-08-01T21:30:22","date_gmt":"2025-08-01T21:30:22","guid":{"rendered":"https:\/\/www.europesays.com\/fr\/289927\/"},"modified":"2025-08-01T21:30:22","modified_gmt":"2025-08-01T21:30:22","slug":"meurthe-et-moselle-la-si-croustillante-madeleine-de-liverdun","status":"publish","type":"post","link":"https:\/\/www.europesays.com\/fr\/289927\/","title":{"rendered":"Meurthe-et-Moselle. La si croustillante madeleine de Liverdun"},"content":{"rendered":"<p>Plut\u00f4t madeleines de Liverdun ou de Commercy\u00a0? Voil\u00e0 un v\u00e9ritable dilemme quand on est Lorrain. Arriv\u00e9 \u00e0 Nancy depuis peu, je n\u2019avais jamais entendu parler de ce duel, jusqu\u2019\u00e0 ce que je franchisse le seuil de la boutique des madeleines de Liverdun, <a href=\"https:\/\/www.estrepublicain.fr\/culture-loisirs\/2024\/12\/03\/madeleines-de-liverdun-la-boutique-du-centre-ville-enfin-ouverte\" target=\"_blank\" rel=\"noopener\">install\u00e9e rue des Dominicains<\/a>.<\/p>\n<p>\u00ab\u00a0C\u2019est un sujet qui anime les clients, mais \u00e7a reste un d\u00e9bat un peu bidon. La diff\u00e9rence r\u00e9side surtout dans la texture\u00a0\u00bb, confie Philippe Cuach, directeur des lieux.<\/p>\n<p>\u00c0 mon grand plaisir, il me propose le biscuit version mignardise. Croustillant \u00e0 l\u2019ext\u00e9rieur, fondant \u00e0 l\u2019int\u00e9rieur, cette madeleine s\u2019av\u00e8re tr\u00e8s savoureuse et id\u00e9ale avec un bon caf\u00e9. La gamme de choix a m\u00eame \u00e9t\u00e9 \u00e9largie avec un nappage au chocolat. De quoi donner des id\u00e9es pour une prochaine collation\u2026<\/p>\n","protected":false},"excerpt":{"rendered":"Plut\u00f4t madeleines de Liverdun ou de Commercy\u00a0? Voil\u00e0 un v\u00e9ritable dilemme quand on est Lorrain. Arriv\u00e9 \u00e0 Nancy&hellip;\n","protected":false},"author":2,"featured_media":289928,"comment_status":"","ping_status":"","sticky":false,"template":"","format":"standard","meta":{"footnotes":""},"categories":[9635],"tags":[1111,11,1687,1704,1777,674,1011,27,775,31022,6016,1702,1703,12,2661,25],"class_list":{"0":"post-289927","1":"post","2":"type-post","3":"status-publish","4":"format-standard","5":"has-post-thumbnail","7":"category-nancy","8":"tag-actu","9":"tag-actualites","10":"tag-culture-loisirs","11":"tag-edition-nancy-et-agglomeration","12":"tag-eu","13":"tag-europe","14":"tag-fr","15":"tag-france","16":"tag-grand-est","17":"tag-le-guide-de-lete-lorraine","18":"tag-magazine-cuisine-et-vins","19":"tag-nancy","20":"tag-nancy-ville-54b","21":"tag-news","22":"tag-patrimoine-culturel","23":"tag-republique-francaise"},"share_on_mastodon":{"url":"https:\/\/pubeurope.com\/@fr\/114955643972822105","error":""},"_links":{"self":[{"href":"https:\/\/www.europesays.com\/fr\/wp-json\/wp\/v2\/posts\/289927","targetHints":{"allow":["GET"]}}],"collection":[{"href":"https:\/\/www.europesays.com\/fr\/wp-json\/wp\/v2\/posts"}],"about":[{"href":"https:\/\/www.europesays.com\/fr\/wp-json\/wp\/v2\/types\/post"}],"author":[{"embeddable":true,"href":"https:\/\/www.europesays.com\/fr\/wp-json\/wp\/v2\/users\/2"}],"replies":[{"embeddable":true,"href":"https:\/\/www.europesays.com\/fr\/wp-json\/wp\/v2\/comments?post=289927"}],"version-history":[{"count":0,"href":"https:\/\/www.europesays.com\/fr\/wp-json\/wp\/v2\/posts\/289927\/revisions"}],"wp:featuredmedia":[{"embeddable":true,"href":"https:\/\/www.europesays.com\/fr\/wp-json\/wp\/v2\/media\/289928"}],"wp:attachment":[{"href":"https:\/\/www.europesays.com\/fr\/wp-json\/wp\/v2\/media?parent=289927"}],"wp:term":[{"taxonomy":"category","embeddable":true,"href":"https:\/\/www.europesays.com\/fr\/wp-json\/wp\/v2\/categories?post=289927"},{"taxonomy":"post_tag","embeddable":true,"href":"https:\/\/www.europesays.com\/fr\/wp-json\/wp\/v2\/tags?post=289927"}],"curies":[{"name":"wp","href":"https:\/\/api.w.org\/{rel}","templated":true}]}}