{"id":289939,"date":"2025-08-01T21:40:11","date_gmt":"2025-08-01T21:40:11","guid":{"rendered":"https:\/\/www.europesays.com\/fr\/289939\/"},"modified":"2025-08-01T21:40:11","modified_gmt":"2025-08-01T21:40:11","slug":"deux-ans-apres-la-mort-de-son-fils-une-mere-prend-la-parole-devant-le-palais-de-justice-de-rouen","status":"publish","type":"post","link":"https:\/\/www.europesays.com\/fr\/289939\/","title":{"rendered":"Deux ans apr\u00e8s la mort de son fils, une m\u00e8re prend la parole devant le palais de justice de Rouen"},"content":{"rendered":"<p>            Par<br \/>\n        <strong><br \/>\n            <a href=\"https:\/\/actu.fr\/auteur\/chloe-lentier\" title=\"Consulter tous les articles de Chlo\u00e9 LENTIER\" rel=\"nofollow noopener\" target=\"_blank\">Chlo\u00e9 LENTIER<\/a><br \/>\n        <\/strong><\/p>\n<p>        Publi\u00e9 le<\/p>\n<p>            1 ao\u00fbt 2025 \u00e0 23h11        <\/p>\n<p>\u00ab\u2009Il y a deux ans, jour pour jour, des incendiaires arrachaient la vie de notre fils a\u00een\u00e9, Slymane Lerouge, 25\u00a0ans, sournoisement dans son sommeil. Les fum\u00e9es de cet incendie l\u2019ont \u00e9teint \u00e0 tout jamais.\u2009\u00bb Ce vendredi 1er\u00a0ao\u00fbt 2025, devant le <b>Palais de justice<\/b> de Rouen, il y avait beaucoup d\u2019<b>\u00e9motions<\/b>, mais surtout de la col\u00e8re. La m\u00e8re de Slymane Lerouge a pris la parole pour exprimer son <b>chagrin<\/b> et d\u00e9noncer l\u2019attente insoutenable, deux ans apr\u00e8s la <b>mort <\/b>de son fils dans un incendie d\u2019origine criminelle, \u00e0 <a href=\"https:\/\/actu.fr\/normandie\/caudebec-les-elbeuf_76165\" rel=\"nofollow noopener\" target=\"_blank\">Caudebec-l\u00e8s-Elbeuf<\/a> (Seine-Maritime).<\/p>\n<p class=\" wall-content\">\u00ab\u2009Ce n\u2019est pas normal, ce n\u2019est pas \u00e0 nous de devoir faire remuer ciel et terre pour que les gens fassent leur travail\u2009\u00bb, s\u2019est indign\u00e9 Esther Diego. Depuis le drame, elle se bat pour que <b>justice<\/b> soit rendue. Mais l\u2019enqu\u00eate, ouverte en 2023, pi\u00e9tine.<\/p>\n<p>Une enqu\u00eate au point mort<\/p>\n<p class=\" wall-content\">Slymane Lerouge, 25\u00a0ans, est mort asphyxi\u00e9 par les fum\u00e9es d\u2019un <a href=\"https:\/\/actu.fr\/normandie\/caudebec-les-elbeuf_76165\/trois-personnes-secourues-par-moyen-aerien-lors-d-un-incendie-pres-de-rouen_59916729.html\" rel=\"nofollow noopener\" target=\"_blank\">incendie survenu dans son immeuble<\/a> de la rue Revel, dans la nuit du 31\u00a0juillet au 1er\u00a0ao\u00fbt 2023. \u00ab\u2009Huit mois d\u2019<b>enqu\u00eate pr\u00e9liminaire<\/b>, et depuis, silence radio\u2009\u00bb, d\u00e9nonce-t-elle. \u00ab\u2009On ne nous informe de rien, on n\u2019est pas re\u00e7us, pas \u00e9cout\u00e9s.\u2009\u00bb La douleur s\u2019ajoute \u00e0 l\u2019incompr\u00e9hension.<\/p>\n<blockquote class=\"ac-article-quote wall-content\">\n<p>On pourrait croire \u00e0 un mauvais polar, mais notre ciel bleu s\u2019est effondr\u00e9, et on cherche encore le sens de notre existence. Non seulement les coupables ont r\u00e9duit en cendres la vie de notre fils, mais ils vont vivre comme si de rien n\u2019\u00e9tait.<\/p>\n<p>Esther Diego, maman de Slymane<\/p><\/blockquote>\n<p class=\" wall-content\">Dans le cercle form\u00e9 autour d\u2019elle, sa <b>famille<\/b> et des amis de son fils, d\u00e9j\u00e0 pr\u00e9sent lors de la <a href=\"https:\/\/actu.fr\/normandie\/caudebec-les-elbeuf_76165\/pres-de-300-personnes-a-la-marche-blanche-pour-slymane_59936399.html\" rel=\"nofollow noopener\" target=\"_blank\">marche blanche<\/a> organis\u00e9e quelques jours apr\u00e8s le tragique accident. Le maire de Caudebec-l\u00e8s-Elbeuf, Laurent Bonnaterre a fait le d\u00e9placement jusqu\u2019\u00e0 Rouen et s\u2019est dit <b>d\u00e9sarm\u00e9<\/b> face \u00e0 la situation\u2009: \u00ab\u2009Nous n\u2019avons moins encore que la famille de r\u00e9ponse de la part de justice. Les seules nouvelles que j\u2019ai eues, c\u2019est moi qui suis all\u00e9 les chercher aupr\u00e8s des <b>enqu\u00eateurs<\/b> de police judiciaire qui ont \u00e9t\u00e9 plut\u00f4t transparents avec moi, mais qui ne m\u2019ont pas communiqu\u00e9 d\u2019\u00e9l\u00e9ments nouveaux dans ce <b>dossier<\/b>.\u2009\u00bb<\/p>\n<p>Vid\u00e9os : en ce moment sur Actu<\/p>\n<p class=\" wall-content\">Un <b>silence<\/b> judiciaire que les proches per\u00e7oivent comme un <b>abandon<\/b>. \u00ab\u2009La justice est \u00e0 deux vitesses, s\u2019indigne le p\u00e8re de Slymane. Nous, on n\u2019est personne. Mais on demande juste que le dossier avance, qu\u2019on ne l\u2019enterre pas\u2009\u00bb.<\/p>\n<p>La gr\u00e8ve de la faim comme ultime recours<\/p>\n<p class=\" wall-content\">D\u00e9termin\u00e9e \u00e0 faire bouger les lignes, Esther Diego pr\u00e9vient\u2009: elle entamera une <b>gr\u00e8ve de la faim<\/b> si rien ne change. \u00ab\u2009Ce sera l\u2019acte ultime. Je veux leur montrer que je ne l\u00e2cherai rien\u2009\u00bb, affirme-t-elle.<\/p>\n<p class=\" wall-content\">Avant de quitter la place, les participants ont observ\u00e9 une <b>minute de silence<\/b> pour Slymane, et pour toutes les <b>victimes<\/b> \u00ab\u2009de cette justice qui met trop de temps \u00e0 venir\u2009\u00bb d\u2019apr\u00e8s la famille de Slymane, d\u00e9cid\u00e9e \u00e0 obtenir des r\u00e9ponses.<\/p>\n<p class=\" wall-content\">Suivez toute l\u2019actualit\u00e9 de vos villes et m\u00e9dias favoris en vous inscrivant \u00e0 <a href=\"https:\/\/moncompte.actu.fr\" title=\"D\u00e9couvez Mon Actu\" rel=\"nofollow noopener\" data-trk=\"{&quot;cta&quot;:{&quot;action&quot;:&quot;https:\\\/\\\/moncompte.actu.fr&quot;,&quot;category&quot;:&quot;mon compte&quot;,&quot;from&quot;:&quot;article footer&quot;,&quot;name&quot;:&quot;Mon actu&quot;,&quot;type&quot;:&quot;cta&quot;}}\" target=\"_blank\">Mon Actu<\/a>.<\/p>\n","protected":false},"excerpt":{"rendered":"Par Chlo\u00e9 LENTIER Publi\u00e9 le 1 ao\u00fbt 2025 \u00e0 23h11 \u00ab\u2009Il y a deux ans, jour pour jour,&hellip;\n","protected":false},"author":2,"featured_media":289940,"comment_status":"","ping_status":"","sticky":false,"template":"","format":"standard","meta":{"footnotes":""},"categories":[9587],"tags":[1111,11,1777,674,1011,27,303,1272,12,5161,25,9590,104],"class_list":{"0":"post-289939","1":"post","2":"type-post","3":"status-publish","4":"format-standard","5":"has-post-thumbnail","7":"category-rouen","8":"tag-actu","9":"tag-actualites","10":"tag-eu","11":"tag-europe","12":"tag-fr","13":"tag-france","14":"tag-justice","15":"tag-manifestations","16":"tag-news","17":"tag-normandie","18":"tag-republique-francaise","19":"tag-rouen","20":"tag-societe"},"share_on_mastodon":{"url":"https:\/\/pubeurope.com\/@fr\/114955683322454279","error":""},"_links":{"self":[{"href":"https:\/\/www.europesays.com\/fr\/wp-json\/wp\/v2\/posts\/289939","targetHints":{"allow":["GET"]}}],"collection":[{"href":"https:\/\/www.europesays.com\/fr\/wp-json\/wp\/v2\/posts"}],"about":[{"href":"https:\/\/www.europesays.com\/fr\/wp-json\/wp\/v2\/types\/post"}],"author":[{"embeddable":true,"href":"https:\/\/www.europesays.com\/fr\/wp-json\/wp\/v2\/users\/2"}],"replies":[{"embeddable":true,"href":"https:\/\/www.europesays.com\/fr\/wp-json\/wp\/v2\/comments?post=289939"}],"version-history":[{"count":0,"href":"https:\/\/www.europesays.com\/fr\/wp-json\/wp\/v2\/posts\/289939\/revisions"}],"wp:featuredmedia":[{"embeddable":true,"href":"https:\/\/www.europesays.com\/fr\/wp-json\/wp\/v2\/media\/289940"}],"wp:attachment":[{"href":"https:\/\/www.europesays.com\/fr\/wp-json\/wp\/v2\/media?parent=289939"}],"wp:term":[{"taxonomy":"category","embeddable":true,"href":"https:\/\/www.europesays.com\/fr\/wp-json\/wp\/v2\/categories?post=289939"},{"taxonomy":"post_tag","embeddable":true,"href":"https:\/\/www.europesays.com\/fr\/wp-json\/wp\/v2\/tags?post=289939"}],"curies":[{"name":"wp","href":"https:\/\/api.w.org\/{rel}","templated":true}]}}