{"id":289943,"date":"2025-08-01T21:44:18","date_gmt":"2025-08-01T21:44:18","guid":{"rendered":"https:\/\/www.europesays.com\/fr\/289943\/"},"modified":"2025-08-01T21:44:18","modified_gmt":"2025-08-01T21:44:18","slug":"40-ans-aupres-des-spectateurs-le-deces-du-plus-ancien-employe-du-cinema-pathe-gaumont-de-2","status":"publish","type":"post","link":"https:\/\/www.europesays.com\/fr\/289943\/","title":{"rendered":"40 ans aupr\u00e8s des spectateurs : le d\u00e9c\u00e8s du plus ancien employ\u00e9 du cin\u00e9ma Path\u00e9-Gaumont de"},"content":{"rendered":"<p>Une personnalit\u00e9 bien connue des cin\u00e9philes rennais\u00a0: <strong>\u00ab\u00a0Il avait pris ses fonctions le\u00a010\u00a0juin 1985\u00a0\u00bb<\/strong>, indique\u00a0V\u00e9ronique Naudin, directrice des cin\u00e9mas Path\u00e9-Gaumont, \u00e0 Rennes. \u00c2g\u00e9 de 22\u00a0ans, Yann Andr\u00e9 est alors charg\u00e9 de l\u2019accueil des clients du cin\u00e9ma grand public rennais, alors situ\u00e9 \u00e0 l\u2019\u00e9poque quai Dugay-Trouin. Pendant quarante ans, ce passionn\u00e9 de musique m\u00e9tal, du Stade Rennais (et de cin\u00e9ma, \u00e9videmment) recevait toujours avec le m\u00eame enthousiasme les spectateurs du <a href=\"https:\/\/rennes.maville.com\/info\/info-locale\/retro-2008-gaumont-trente-ans-de-cinema-quai-duguay-trouin-6585803\" target=\"_self\" rel=\"noopener\">plus grand cin\u00e9ma de Rennes<\/a>, d\u00e9sormais install\u00e9 sur l\u2019esplanade Charles-de-Gaulle.<\/p>\n<p>Retrouv\u00e9 inanim\u00e9 \u00e0 son domicile<\/p>\n<p><strong>\u00ab\u00a0On s\u2019est inqui\u00e9t\u00e9 de ne pas le voir arriver pour son service \u00e0 18\u00a0h ce mardi,<\/strong> raconte\u00a0V\u00e9ronique Naudin.<strong>\u00a0Ce n\u2019\u00e9tait pas dans ses habitudes de ne pas pr\u00e9venir avant. Nous avons donc contact\u00e9 sa famille, puis les secours.\u00a0\u00bb<\/strong><\/p>\n<p>\u00c0 quelques mois de prendre sa retraite, l\u2019homme de 62\u00a0ans a \u00e9t\u00e9 retrouv\u00e9 inanim\u00e9 \u00e0 son domicile par les pompiers. <strong> <strong>\u00ab<\/strong>\u00a0Une brigade polici\u00e8re nous a appris par la suite qu\u2019il avait \u00e9t\u00e9 victime d\u2019une crise cardiaque foudroyante.<\/strong>\u00a0<strong>\u00bb<\/strong><\/p>\n<p>Dans un communiqu\u00e9 transmis \u00e0 Ouest-France par la direction de l\u2019\u00e9tablissement, l\u2019\u00e9quipe du <a href=\"https:\/\/rennes.maville.com\/actu\/actudet_-a-rennes-le-cinema-gaumont-fait-place-a-pathe-_52674-5529279_actu.Htm\" target=\"_self\" rel=\"noopener\">Gaumont-Path\u00e9<\/a> a tenu \u00e0 rendre hommage \u00e0 leur doyen\u00a0: <strong>\u00ab\u00a0Avec toute notre consid\u00e9ration et notre respect, nous souhaitions exprimer \u00e0 tes enfants, ta famille et tes proches nos plus sinc\u00e8res condol\u00e9ances en ces moments douloureux. Que tes sonorit\u00e9s \u201cmetalleuses\u201d t\u2019accompagnent.\u00a0\u00bb<\/strong><\/p>\n<p>Les obs\u00e8ques se d\u00e9rouleront mercredi 6\u00a0ao\u00fbt 2025, \u00e0 10\u00a0h, au cr\u00e9matorium de Rennes m\u00e9tropole, \u00e0 la Clairi\u00e8re du Plessis, \u00e0 Vern-sur-Seiche.<\/p>\n<p>\u00a0<\/p>\n","protected":false},"excerpt":{"rendered":"Une personnalit\u00e9 bien connue des cin\u00e9philes rennais\u00a0: \u00ab\u00a0Il avait pris ses fonctions le\u00a010\u00a0juin 1985\u00a0\u00bb, indique\u00a0V\u00e9ronique Naudin, directrice des&hellip;\n","protected":false},"author":2,"featured_media":289695,"comment_status":"","ping_status":"","sticky":false,"template":"","format":"standard","meta":{"footnotes":""},"categories":[2821],"tags":[5058,1111,11,4255,1764,22343,829,650,3983,42869,1777,674,1011,27,12,42870,584,25,15322],"class_list":{"0":"post-289943","1":"post","2":"type-post","3":"status-publish","4":"format-standard","5":"has-post-thumbnail","7":"category-rennes","8":"tag-5058","9":"tag-actu","10":"tag-actualites","11":"tag-ancien","12":"tag-ans","13":"tag-aupres","14":"tag-bretagne","15":"tag-cinema","16":"tag-deces","17":"tag-employe","18":"tag-eu","19":"tag-europe","20":"tag-fr","21":"tag-france","22":"tag-news","23":"tag-pathe-gaumont","24":"tag-rennes","25":"tag-republique-francaise","26":"tag-spectateurs"},"share_on_mastodon":{"url":"https:\/\/pubeurope.com\/@fr\/114955698997889943","error":""},"_links":{"self":[{"href":"https:\/\/www.europesays.com\/fr\/wp-json\/wp\/v2\/posts\/289943","targetHints":{"allow":["GET"]}}],"collection":[{"href":"https:\/\/www.europesays.com\/fr\/wp-json\/wp\/v2\/posts"}],"about":[{"href":"https:\/\/www.europesays.com\/fr\/wp-json\/wp\/v2\/types\/post"}],"author":[{"embeddable":true,"href":"https:\/\/www.europesays.com\/fr\/wp-json\/wp\/v2\/users\/2"}],"replies":[{"embeddable":true,"href":"https:\/\/www.europesays.com\/fr\/wp-json\/wp\/v2\/comments?post=289943"}],"version-history":[{"count":0,"href":"https:\/\/www.europesays.com\/fr\/wp-json\/wp\/v2\/posts\/289943\/revisions"}],"wp:featuredmedia":[{"embeddable":true,"href":"https:\/\/www.europesays.com\/fr\/wp-json\/wp\/v2\/media\/289695"}],"wp:attachment":[{"href":"https:\/\/www.europesays.com\/fr\/wp-json\/wp\/v2\/media?parent=289943"}],"wp:term":[{"taxonomy":"category","embeddable":true,"href":"https:\/\/www.europesays.com\/fr\/wp-json\/wp\/v2\/categories?post=289943"},{"taxonomy":"post_tag","embeddable":true,"href":"https:\/\/www.europesays.com\/fr\/wp-json\/wp\/v2\/tags?post=289943"}],"curies":[{"name":"wp","href":"https:\/\/api.w.org\/{rel}","templated":true}]}}