{"id":289954,"date":"2025-08-01T21:50:24","date_gmt":"2025-08-01T21:50:24","guid":{"rendered":"https:\/\/www.europesays.com\/fr\/289954\/"},"modified":"2025-08-01T21:50:24","modified_gmt":"2025-08-01T21:50:24","slug":"nantes-au-fil-de-leau-une-soiree-en-deux-temps-a-la-decouverte-de-la-loire-avec-les","status":"publish","type":"post","link":"https:\/\/www.europesays.com\/fr\/289954\/","title":{"rendered":"Nantes au fil de l\u2019eau\u00a0: une soir\u00e9e en deux temps \u00e0 la d\u00e9couverte de la Loire avec les"},"content":{"rendered":"<p>Tout part du couple phare de la sc\u00e8ne \u00e9lectro house nantaise. Dan et PF, de leurs vrais noms Dan Bono et Pierre-Florent Julio, organisateurs de nombreux \u00e9v\u00e9nements avec leur soci\u00e9t\u00e9 Paradise prod, sont \u00e0 l\u2019origine, il y a d\u00e9j\u00e0 dix ans, de ce projet si pr\u00e9curseur \u00e0 Nantes\u00a0: une croisi\u00e8re de quatre heures, entre 20\u00a0heures et minuit, m\u00ealant d\u00e9couverte culturelle au c\u0153ur de la Loire et bar dansant aux sensibilit\u00e9s musicales qui leur sont ch\u00e8res.<\/p>\n<p><a href=\"https:\/\/nantes.maville.com\/info\/info-locale\/video-nantes-au-fil-de-l-eau-l-apero-du-bateau-a-nantes-afterwork-ideal-au-cours-de-l-erdre-27834582-0453-304d-a291-f6e40c79d762\" target=\"_blank\" rel=\"noopener\"> <strong>Lire aussi\u00a0: VID\u00c9O. Nantes au fil de l\u2019eau\u00a0: l\u2019Ap\u00e9ro du bateau \u00e0 Nantes, afterwork id\u00e9al au cours de l\u2019Erdre<\/strong> <\/a><\/p>\n<p>De la gare maritime de Nantes \u00e0 Cordemais, profitez des joyaux de la Loire en musique avec un concept unique\u00a0: un trajet en deux temps. \u00a0Un aller contemplatif\u00a0, aime \u00e0 dire Dan, au fil du paysage lig\u00e9rien et d\u2019une musique d\u2019ambiance conviviale. Puis un retour, une fois le soleil couch\u00e9 sur Cordemais, plus dansant avec un DJ set qui s\u2019emballe et la soir\u00e9e avec lui.<\/p>\n<p>\u00ab\u00a0Une parenth\u00e8se pour les voyageurs\u00a0\u00bb<\/p>\n<p>Une v\u00e9ritable institution qui s\u00e9duit un public de 35 \u00e0 55\u00a0ans, qui a l\u2019embarras du choix entre des terrasses plus calmes \u00e0 l\u2019\u00e9tage, \u00e0 l\u2019avant et \u00e0 l\u2019arri\u00e8re du bateau, et une piste de danse anim\u00e9e par le DJ au rez-de-chauss\u00e9e (qui sert aussi d\u2019abri aux 120 \u00e0 125\u00a0passagers en cas de temps capricieux). Une v\u00e9ritable \u00a0parenth\u00e8se pour les voyageurs car le temps est ralenti sur l\u2019eau\u00a0\u00bb, rapporte Dan, qui vaut tout le succ\u00e8s des Valseuses.<\/p>\n<p>Et comme depuis vingt-cinq\u00a0ans qu\u2019ils font bouger la sc\u00e8ne \u00e9lectro nantaise, Dan explique comment le c\u00f4t\u00e9 familial est ce qui fait leur renomm\u00e9e. \u00a0On ne fonctionne que par du bouche \u00e0 oreille, avec tr\u00e8s peu de communication. On adore \u00e7a. On n\u2019invite que des artistes locaux et on sent que \u00e7a pla\u00eet\u00a0, confie celui qui mixe toujours r\u00e9guli\u00e8rement pendant ces excursions.<\/p>\n<p>\u00ab\u00a0Deux soir\u00e9es en une\u00a0\u00bb<\/p>\n<p>\u00c0 bord, les passagers grimpent pour des motifs diff\u00e9rents. Du d\u00eener d\u2019entreprise \u00e0 la balade en amoureux, en passant par les soir\u00e9es entre amis ou les c\u00e9l\u00e9brations d\u2019anniversaires. \u00c9lodie, elle, est venue avec sa bande de potes pour f\u00eater celui de l\u2019un d\u2019entre eux. Et le groupe semble bien profiter du d\u00e9tour. \u00a0C\u2019est la premi\u00e8re fois pour tout le monde ici et on passe un moment g\u00e9nial. On a choisi l\u2019endroit parce qu\u2019on est beaucoup \u00e0 adorer la DJ du soir. La soir\u00e9e est top, il y a des chances que l\u2019on revienne\u00a0, s\u2019enthousiasme celle qui partage son sentiment d\u2019avoir \u00a0v\u00e9cu deux soir\u00e9es en une seule\u00a0.<\/p>\n<p>Les Valseuses s\u2019\u00e9tendront jusqu\u2019\u00e0 la fin de l\u2019\u00e9t\u00e9, avec une soir\u00e9e de cl\u00f4ture de la saison le 29\u00a0ao\u00fbt. Cette derni\u00e8re affiche d\u2019ores et d\u00e9j\u00e0 complet mais il reste de tickets pour les autres dates, au prix de 39\u00a0\u20ac l\u2019unit\u00e9. Toutefois, ne tardez pas trop, celles-ci partent vite, surtout par une m\u00e9t\u00e9o cl\u00e9mente\u00a0!<\/p>\n<p>Pratique\u00a0: r\u00e9servations sur www.yurplan.com\/orga\/Paradise-Prod\/1405<\/p>\n<p>\u00a0<\/p>\n","protected":false},"excerpt":{"rendered":"Tout part du couple phare de la sc\u00e8ne \u00e9lectro house nantaise. Dan et PF, de leurs vrais noms&hellip;\n","protected":false},"author":2,"featured_media":289955,"comment_status":"","ping_status":"","sticky":false,"template":"","format":"standard","meta":{"footnotes":""},"categories":[2818],"tags":[1111,11,5975,4858,1777,674,1108,1011,27,3367,766,12,2636,25,3272,953,5426,42904],"class_list":{"0":"post-289954","1":"post","2":"type-post","3":"status-publish","4":"format-standard","5":"has-post-thumbnail","7":"category-nantes","8":"tag-actu","9":"tag-actualites","10":"tag-decouverte","11":"tag-eau","12":"tag-eu","13":"tag-europe","14":"tag-fil","15":"tag-fr","16":"tag-france","17":"tag-loire","18":"tag-nantes","19":"tag-news","20":"tag-pays-de-la-loire","21":"tag-republique-francaise","22":"tag-saint-nazaire","23":"tag-soiree","24":"tag-temps","25":"tag-valseuses"},"share_on_mastodon":{"url":"https:\/\/pubeurope.com\/@fr\/114955722643962494","error":""},"_links":{"self":[{"href":"https:\/\/www.europesays.com\/fr\/wp-json\/wp\/v2\/posts\/289954","targetHints":{"allow":["GET"]}}],"collection":[{"href":"https:\/\/www.europesays.com\/fr\/wp-json\/wp\/v2\/posts"}],"about":[{"href":"https:\/\/www.europesays.com\/fr\/wp-json\/wp\/v2\/types\/post"}],"author":[{"embeddable":true,"href":"https:\/\/www.europesays.com\/fr\/wp-json\/wp\/v2\/users\/2"}],"replies":[{"embeddable":true,"href":"https:\/\/www.europesays.com\/fr\/wp-json\/wp\/v2\/comments?post=289954"}],"version-history":[{"count":0,"href":"https:\/\/www.europesays.com\/fr\/wp-json\/wp\/v2\/posts\/289954\/revisions"}],"wp:featuredmedia":[{"embeddable":true,"href":"https:\/\/www.europesays.com\/fr\/wp-json\/wp\/v2\/media\/289955"}],"wp:attachment":[{"href":"https:\/\/www.europesays.com\/fr\/wp-json\/wp\/v2\/media?parent=289954"}],"wp:term":[{"taxonomy":"category","embeddable":true,"href":"https:\/\/www.europesays.com\/fr\/wp-json\/wp\/v2\/categories?post=289954"},{"taxonomy":"post_tag","embeddable":true,"href":"https:\/\/www.europesays.com\/fr\/wp-json\/wp\/v2\/tags?post=289954"}],"curies":[{"name":"wp","href":"https:\/\/api.w.org\/{rel}","templated":true}]}}